{"id":4838,"date":"2025-10-03T01:55:32","date_gmt":"2025-10-03T01:55:32","guid":{"rendered":"https:\/\/friburgonoticias.com.br\/temp\/2025\/10\/03\/inscricoes-de-trabalhos-para-a-18a-expoepi-vao-ate-6-de-outubro-departamento-de-hiv-aids-tuberculose-hepatites-virais-e-infeccoes-sexualmente-transmissiveis\/"},"modified":"2025-10-03T01:55:32","modified_gmt":"2025-10-03T01:55:32","slug":"inscricoes-de-trabalhos-para-a-18a-expoepi-vao-ate-6-de-outubro-departamento-de-hiv-aids-tuberculose-hepatites-virais-e-infeccoes-sexualmente-transmissiveis","status":"publish","type":"post","link":"https:\/\/friburgonoticias.com.br\/temp\/2025\/10\/03\/inscricoes-de-trabalhos-para-a-18a-expoepi-vao-ate-6-de-outubro-departamento-de-hiv-aids-tuberculose-hepatites-virais-e-infeccoes-sexualmente-transmissiveis\/","title":{"rendered":"inscri\u00e7\u00f5es de trabalhos para a 18\u00aa ExpoEpi v\u00e3o at\u00e9 6 de outubro \u2014 Departamento de HIV, Aids, Tuberculose, Hepatites Virais e Infec\u00e7\u00f5es Sexualmente Transmiss\u00edveis"},"content":{"rendered":"<p><\/p>\n<div id=\"parent-fieldname-text\">\n<div property=\"rnews:articleBody\">\n<p style=\"text-align: justify; \">O Minist\u00e9rio da Sa\u00fade prorrogou o prazo para submiss\u00e3o de trabalhos na 18\u00aa Mostra Nacional de Experi\u00eancias Bem-Sucedidas em Epidemiologia, Preven\u00e7\u00e3o e Controle de Doen\u00e7as (ExpoEpi). As inscri\u00e7\u00f5es s\u00e3o gratuitas e podem ser feitas at\u00e9 6 de outubro.<\/p>\n<p style=\"text-align: justify; \">A ExpoEpi \u00e9 um dos principais espa\u00e7os de debate sobre a consolida\u00e7\u00e3o do Sistema \u00danico de Sa\u00fade (SUS) e ser\u00e1 realizada em abril de 2026, em Bras\u00edlia. O evento reconhece servi\u00e7os de sa\u00fade, trabalhadores do SUS, movimentos sociais e pesquisadores que se destacam em a\u00e7\u00f5es e pesquisas cient\u00edficas voltadas \u00e0 vigil\u00e2ncia em sa\u00fade, preven\u00e7\u00e3o e controle de doen\u00e7as.<\/p>\n<p style=\"text-align: justify; \">Podem participar da Mostra Competitiva trabalhos desenvolvidos a partir de 1\u00ba de janeiro de 2023 at\u00e9 a data da inscri\u00e7\u00e3o. As modalidades incluem:<\/p>\n<ul style=\"text-align: justify; \" type=\"disc\">\n<li>Relato de Experi\u00eancia: para servi\u00e7os de sa\u00fade do SUS que realizaram a\u00e7\u00f5es bem-sucedidas;<\/li>\n<li>Trabalho de P\u00f3s-Gradua\u00e7\u00e3o: monografias, disserta\u00e7\u00f5es ou teses produzidas por trabalhadores do SUS;<\/li>\n<li>Relato de Interven\u00e7\u00e3o Social: para movimentos sociais sem fins lucrativos que atuam na sa\u00fade;<\/li>\n<li>Pesquisas Cient\u00edficas \u2013 Mais Ci\u00eancia para o SUS: artigos publicados em revistas indexadas com potencial de impacto na vigil\u00e2ncia em sa\u00fade.<\/li>\n<\/ul>\n<p style=\"text-align: justify; \">Durante o evento, os trabalhos finalistas ser\u00e3o apresentados e concorrer\u00e3o a pr\u00eamios. Especialistas nacionais e internacionais tamb\u00e9m participam da programa\u00e7\u00e3o, trazendo reflex\u00f5es e propostas para o fortalecimento da sa\u00fade p\u00fablica no Brasil.<\/p>\n<p style=\"text-align: justify; \">N\u00e3o perca a oportunidade de inscrever seu trabalho e contribuir para o futuro do SUS.<\/p>\n<p style=\"text-align: justify; \"><a href=\"https:\/\/www.gov.br\/saude\/pt-br\/acesso-a-informacao\/concursos-e-selecoes\/outros-processos-seletivos\/2025\/edital-1-2025-svsa\">Acesse o edital<\/a><\/p>\n<p style=\"text-align: justify; \">Jo\u00e3o Moraes<br \/><b>Minist\u00e9rio da Sa\u00fade<\/b><\/p>\n<\/div><\/div>\n<p><script type=\"text\">\n    (function() {\n        var po = document.createElement('script');\n        po.async = true;\n        po.src = document.location.protocol + '\/\/connect.facebook.net\/pt_BR\/all.js#xfbml=1';\n        var head = document.getElementsByTagName('head')[0];\n        head.appendChild(po);\n    }());\n    <\/script><\/p>\n<p><\/a><\/p>\n<p>Fonte: www.gov.br<\/p>\n","protected":false},"excerpt":{"rendered":"<p>O Minist\u00e9rio da Sa\u00fade prorrogou o prazo para submiss\u00e3o de trabalhos na 18\u00aa Mostra Nacional de Experi\u00eancias Bem-Sucedidas em Epidemiologia, Preven\u00e7\u00e3o e Controle de Doen\u00e7as (ExpoEpi). As inscri\u00e7\u00f5es s\u00e3o gratuitas e podem ser feitas at\u00e9 6 de outubro. A ExpoEpi \u00e9 um dos principais espa\u00e7os de debate sobre a consolida\u00e7\u00e3o do Sistema \u00danico de Sa\u00fade [&hellip;]<\/p>\n","protected":false},"author":3,"featured_media":4839,"comment_status":"open","ping_status":"open","sticky":false,"template":"","format":"standard","meta":{"advanced_seo_description":"","jetpack_seo_html_title":"","jetpack_seo_noindex":false,"fifu_image_url":"https:\/\/www.gov.br\/aids\/logo.png","fifu_image_alt":"","_jetpack_memberships_contains_paid_content":false,"footnotes":"","jetpack_publicize_message":"","jetpack_publicize_feature_enabled":true,"jetpack_social_post_already_shared":true,"jetpack_social_options":{"image_generator_settings":{"template":"highway","default_image_id":0,"font":"","enabled":false},"version":2}},"categories":[108],"tags":[],"class_list":{"0":"post-4838","1":"post","2":"type-post","3":"status-publish","4":"format-standard","5":"has-post-thumbnail","7":"category-saude"},"jetpack_publicize_connections":[],"jetpack_featured_media_url":"https:\/\/i0.wp.com\/www.gov.br\/aids\/logo.png?fit=%2C&ssl=1","jetpack_sharing_enabled":true,"jetpack-related-posts":[],"_links":{"self":[{"href":"https:\/\/friburgonoticias.com.br\/temp\/wp-json\/wp\/v2\/posts\/4838","targetHints":{"allow":["GET"]}}],"collection":[{"href":"https:\/\/friburgonoticias.com.br\/temp\/wp-json\/wp\/v2\/posts"}],"about":[{"href":"https:\/\/friburgonoticias.com.br\/temp\/wp-json\/wp\/v2\/types\/post"}],"author":[{"embeddable":true,"href":"https:\/\/friburgonoticias.com.br\/temp\/wp-json\/wp\/v2\/users\/3"}],"replies":[{"embeddable":true,"href":"https:\/\/friburgonoticias.com.br\/temp\/wp-json\/wp\/v2\/comments?post=4838"}],"version-history":[{"count":0,"href":"https:\/\/friburgonoticias.com.br\/temp\/wp-json\/wp\/v2\/posts\/4838\/revisions"}],"wp:featuredmedia":[{"embeddable":true,"href":"https:\/\/friburgonoticias.com.br\/temp\/wp-json\/wp\/v2\/media\/4839"}],"wp:attachment":[{"href":"https:\/\/friburgonoticias.com.br\/temp\/wp-json\/wp\/v2\/media?parent=4838"}],"wp:term":[{"taxonomy":"category","embeddable":true,"href":"https:\/\/friburgonoticias.com.br\/temp\/wp-json\/wp\/v2\/categories?post=4838"},{"taxonomy":"post_tag","embeddable":true,"href":"https:\/\/friburgonoticias.com.br\/temp\/wp-json\/wp\/v2\/tags?post=4838"}],"curies":[{"name":"wp","href":"https:\/\/api.w.org\/{rel}","templated":true}]}}