{"id":4858,"date":"2025-10-06T02:41:13","date_gmt":"2025-10-06T02:41:13","guid":{"rendered":"https:\/\/friburgonoticias.com.br\/temp\/2025\/10\/06\/mais-chegados-que-irmaos-aecio-neves-recebe-eduardo-paes-para-novas-bencaos-tucanas\/"},"modified":"2025-10-06T02:41:13","modified_gmt":"2025-10-06T02:41:13","slug":"mais-chegados-que-irmaos-aecio-neves-recebe-eduardo-paes-para-novas-bencaos-tucanas","status":"publish","type":"post","link":"https:\/\/friburgonoticias.com.br\/temp\/2025\/10\/06\/mais-chegados-que-irmaos-aecio-neves-recebe-eduardo-paes-para-novas-bencaos-tucanas\/","title":{"rendered":"Mais chegados que irm\u00e3os: A\u00e9cio Neves recebe Eduardo Paes para novas b\u00ean\u00e7\u00e3os tucanas"},"content":{"rendered":"<p><\/p>\n<div itemprop=\"articleBody\">\nJ\u00e1 n\u00e3o \u00e9 segredo para ningu\u00e9m o clima de encantamento m\u00fatuo entre Eduardo Paes (PSD) e o futuro presidente nacional do PSDB, A\u00e9cio Neves. O prefeito do Rio foi visitar o deputado federal por Minas Gerais, quase dois meses ap\u00f3s o mo\u00e7o vir prestigiar <a href=\"https:\/\/temporealrj.com\/chefao-do-psdb-aecio-neves-comparece-a-posse-de-marcelo-queiroz-como-secretario-de-paes\/\">a posse de Marcelo Queiroz como secret\u00e1rio municipal de Administra\u00e7\u00e3o<\/a>. Em comum nos dois encontros, os cont\u00ednuos afagos e elogios no melhor estilo \u201ccompadres\u201d.<\/p>\n<p>No bate-papo, a conjuntura nacional e a poss\u00edvel alian\u00e7a para as elei\u00e7\u00f5es de 2026:<\/p>\n<p>\u201cRecebi hoje, com alegria, a visita do meu amigo, o prefeito do Rio de Janeiro, Eduardo Paes. Al\u00e9m de analisarmos a conjuntura nacional, tamb\u00e9m discutimos a alian\u00e7a do PSDB com o prefeito no Rio, dando sequ\u00eancia a outras conversas j\u00e1 ocorridas com o presidente nacional do partido, Marco Perillo\u201d, postou A\u00e9cio Neves, nesta sexta-feira (03).<\/p>\n<h2 class=\"wp-block-heading\">Tucano desfia um ros\u00e1rio de elogios a Eduardo Paes<\/h2>\n<p>A\u00e9cio n\u00e3o parou por a\u00ed e continuou a rasga\u00e7\u00e3o de seda em sua rede social:<\/p>\n<p>\u201cEduardo \u00e9 um grande quadro da pol\u00edtica brasileira, oriundo do PSDB. Faz uma bel\u00edssima gest\u00e3o na cidade, reconhecida pelos cariocas, o que o credencia para, no ano que vem, com o nosso apoio, disputar o governo do estado. E, quem sabe, no futuro, possamos construir, juntos, ao lado de outras for\u00e7as pol\u00edticas de centro, um novo e vigoroso projeto para o Brasil, distante do radicalismo e dos extremos\u201d, disse.<\/p>\n<p>De b\u00ean\u00e7\u00e3o em b\u00ean\u00e7\u00e3o, seguem os dois, matando saudades do ninho tucano.\n<\/p><\/div>\n<p><\/a><\/p>\n<p>Fonte: temporealrj.com<\/p>\n","protected":false},"excerpt":{"rendered":"<p>J\u00e1 n\u00e3o \u00e9 segredo para ningu\u00e9m o clima de encantamento m\u00fatuo entre Eduardo Paes (PSD) e o futuro presidente nacional do PSDB, A\u00e9cio Neves. O prefeito do Rio foi visitar o deputado federal por Minas Gerais, quase dois meses ap\u00f3s o mo\u00e7o vir prestigiar a posse de Marcelo Queiroz como secret\u00e1rio municipal de Administra\u00e7\u00e3o. Em [&hellip;]<\/p>\n","protected":false},"author":3,"featured_media":4859,"comment_status":"open","ping_status":"open","sticky":false,"template":"","format":"standard","meta":{"advanced_seo_description":"","jetpack_seo_html_title":"","jetpack_seo_noindex":false,"fifu_image_url":"https:\/\/temporealrj.com\/wp-content\/uploads\/2025\/10\/WhatsApp-Image-2025-10-04-at-17.34.19-e1759610184133.jpeg","fifu_image_alt":"","_jetpack_memberships_contains_paid_content":false,"footnotes":"","jetpack_publicize_message":"","jetpack_publicize_feature_enabled":true,"jetpack_social_post_already_shared":true,"jetpack_social_options":{"image_generator_settings":{"template":"highway","default_image_id":0,"font":"","enabled":false},"version":2}},"categories":[107],"tags":[],"class_list":{"0":"post-4858","1":"post","2":"type-post","3":"status-publish","4":"format-standard","5":"has-post-thumbnail","7":"category-economia"},"jetpack_publicize_connections":[],"jetpack_featured_media_url":"https:\/\/i0.wp.com\/temporealrj.com\/wp-content\/uploads\/2025\/10\/WhatsApp-Image-2025-10-04-at-17.34.19-e1759610184133.jpeg?fit=%2C&ssl=1","jetpack_sharing_enabled":true,"jetpack-related-posts":[],"_links":{"self":[{"href":"https:\/\/friburgonoticias.com.br\/temp\/wp-json\/wp\/v2\/posts\/4858","targetHints":{"allow":["GET"]}}],"collection":[{"href":"https:\/\/friburgonoticias.com.br\/temp\/wp-json\/wp\/v2\/posts"}],"about":[{"href":"https:\/\/friburgonoticias.com.br\/temp\/wp-json\/wp\/v2\/types\/post"}],"author":[{"embeddable":true,"href":"https:\/\/friburgonoticias.com.br\/temp\/wp-json\/wp\/v2\/users\/3"}],"replies":[{"embeddable":true,"href":"https:\/\/friburgonoticias.com.br\/temp\/wp-json\/wp\/v2\/comments?post=4858"}],"version-history":[{"count":0,"href":"https:\/\/friburgonoticias.com.br\/temp\/wp-json\/wp\/v2\/posts\/4858\/revisions"}],"wp:featuredmedia":[{"embeddable":true,"href":"https:\/\/friburgonoticias.com.br\/temp\/wp-json\/wp\/v2\/media\/4859"}],"wp:attachment":[{"href":"https:\/\/friburgonoticias.com.br\/temp\/wp-json\/wp\/v2\/media?parent=4858"}],"wp:term":[{"taxonomy":"category","embeddable":true,"href":"https:\/\/friburgonoticias.com.br\/temp\/wp-json\/wp\/v2\/categories?post=4858"},{"taxonomy":"post_tag","embeddable":true,"href":"https:\/\/friburgonoticias.com.br\/temp\/wp-json\/wp\/v2\/tags?post=4858"}],"curies":[{"name":"wp","href":"https:\/\/api.w.org\/{rel}","templated":true}]}}