{"id":4866,"date":"2025-10-06T14:18:13","date_gmt":"2025-10-06T14:18:13","guid":{"rendered":"https:\/\/friburgonoticias.com.br\/temp\/2025\/10\/06\/projeto-amplia-conceito-legal-de-terrorismo-para-incluir-o-narcoterrorismo-noticias\/"},"modified":"2025-10-06T14:18:13","modified_gmt":"2025-10-06T14:18:13","slug":"projeto-amplia-conceito-legal-de-terrorismo-para-incluir-o-narcoterrorismo-noticias","status":"publish","type":"post","link":"https:\/\/friburgonoticias.com.br\/temp\/2025\/10\/06\/projeto-amplia-conceito-legal-de-terrorismo-para-incluir-o-narcoterrorismo-noticias\/","title":{"rendered":"Projeto amplia conceito legal de terrorismo para incluir o narcoterrorismo &#8211; Not\u00edcias"},"content":{"rendered":"<p><\/p>\n<div>\n<div>\n<p class=\"g-artigo__data-hora\">\n                      06\/10\/2025 &#8211; 10:16 \u00a0\n                    <\/p>\n<div id=\"image-container-1207910\" class=\"image-container\" style=\"float: none; margin: 45px 0px; width: 100%;\" data-midia=\"1207910\">\n        <em>Kayo Magalh\u00e3es \/ C\u00e2mara dos Deputados<\/em><\/p>\n<p>        Coronel Meira: traficantes amea\u00e7am a vida de produtores rurais em \u00e1reas de fronteira\n        <\/p><\/div>\n<p>        O Projeto de Lei 724\/25 amplia o conceito de terrorismo previsto na <a href=\"https:\/\/www2.camara.leg.br\/legin\/fed\/lei\/2016\/lei-13260-16-marco-2016-782561-norma-pl.html\">Lei Antiterrorismo<\/a> para incluir o tr\u00e1fico de drogas il\u00edcitas. A proposta est\u00e1 em an\u00e1lise na C\u00e2mara dos Deputados.<br \/>\n        O texto passa a considerar ato de terrorismo ajudar financeiramente, proteger ou facilitar atividades ligadas ao tr\u00e1fico de drogas, incluindo a\u00e7\u00f5es como coagir pessoas ou o governo, por meio de viol\u00eancia ou amea\u00e7a, com o objetivo de provocar terror social ou generalizado.<br \/>\n        O autor, deputado Coronel Meira (PL-PE), afirma que as organiza\u00e7\u00f5es criminosas utilizam o tr\u00e1fico como principal fonte de recursos. \u201cMuitas delas, inclusive, valem-se da nossa grande fronteira seca para transportar entorpecentes entre pa\u00edses e trazer terror a in\u00fameros produtores rurais que exploram licitamente sua atividade econ\u00f4mica e garantem o alimento na mesa da popula\u00e7\u00e3o\u201d, diz.<br \/>\n        \u201cRecentemente, os Estados Unidos alteraram suas leis para viabilizar um combate mais ass\u00edduo do narcotr\u00e1fico. Com as devidas pondera\u00e7\u00f5es e adequa\u00e7\u00f5es, o Brasil tamb\u00e9m deve atualizar sua legisla\u00e7\u00e3o\u201d, acrescenta Coronel Meira.<br \/>\n        <strong>Pr\u00f3ximas etapas<\/strong><br \/>A proposta ser\u00e1 analisada pelas comiss\u00f5es de Seguran\u00e7a P\u00fablica e Combate ao Crime Organizado; e de Constitui\u00e7\u00e3o e Justi\u00e7a e de Cidadania. Depois, seguir\u00e1 para o Plen\u00e1rio.<br \/>\n        Para virar lei, o texto precisa ser aprovado pela C\u00e2mara e pelo Senado.<br \/>\n        \u00a0<br \/>\n        <iframe class=\"infografico-container\" style=\"width: 100%; height: 100%;\" src=\"https:\/\/www.camara.leg.br\/internet\/agencia\/infograficos-html5\/crimes-de-terrorismo\/index.html\" frameborder=\"0\" data-mce-fragment=\"1\"><\/iframe><br \/>\n        \u00a0<\/p>\n<p style=\"font-size: 0.8rem; font-weight: 700;\">Reportagem \u2013 Murilo Souza<br \/>Edi\u00e7\u00e3o \u2013 Marcelo Oliveira<\/p>\n<\/p><\/div>\n<\/p><\/div>\n<p><\/a><\/p>\n<p>Fonte: www.camara.leg.br<\/p>\n","protected":false},"excerpt":{"rendered":"<p>06\/10\/2025 &#8211; 10:16 \u00a0 Kayo Magalh\u00e3es \/ C\u00e2mara dos Deputados Coronel Meira: traficantes amea\u00e7am a vida de produtores rurais em \u00e1reas de fronteira O Projeto de Lei 724\/25 amplia o conceito de terrorismo previsto na Lei Antiterrorismo para incluir o tr\u00e1fico de drogas il\u00edcitas. A proposta est\u00e1 em an\u00e1lise na C\u00e2mara dos Deputados. O texto [&hellip;]<\/p>\n","protected":false},"author":3,"featured_media":4867,"comment_status":"open","ping_status":"open","sticky":false,"template":"","format":"standard","meta":{"advanced_seo_description":"","jetpack_seo_html_title":"","jetpack_seo_noindex":false,"fifu_image_url":"https:\/\/www.camara.leg.br\/midias\/image\/2025\/10\/img20250924180954764-768x473.jpg","fifu_image_alt":"","_jetpack_memberships_contains_paid_content":false,"footnotes":"","jetpack_publicize_message":"","jetpack_publicize_feature_enabled":true,"jetpack_social_post_already_shared":true,"jetpack_social_options":{"image_generator_settings":{"template":"highway","default_image_id":0,"font":"","enabled":false},"version":2}},"categories":[106,1],"tags":[],"class_list":{"0":"post-4866","1":"post","2":"type-post","3":"status-publish","4":"format-standard","5":"has-post-thumbnail","7":"category-politica","8":"category-uncategorized"},"jetpack_publicize_connections":[],"jetpack_featured_media_url":"https:\/\/i0.wp.com\/www.camara.leg.br\/midias\/image\/2025\/10\/img20250924180954764-768x473.jpg?fit=%2C&ssl=1","jetpack_sharing_enabled":true,"jetpack-related-posts":[],"_links":{"self":[{"href":"https:\/\/friburgonoticias.com.br\/temp\/wp-json\/wp\/v2\/posts\/4866","targetHints":{"allow":["GET"]}}],"collection":[{"href":"https:\/\/friburgonoticias.com.br\/temp\/wp-json\/wp\/v2\/posts"}],"about":[{"href":"https:\/\/friburgonoticias.com.br\/temp\/wp-json\/wp\/v2\/types\/post"}],"author":[{"embeddable":true,"href":"https:\/\/friburgonoticias.com.br\/temp\/wp-json\/wp\/v2\/users\/3"}],"replies":[{"embeddable":true,"href":"https:\/\/friburgonoticias.com.br\/temp\/wp-json\/wp\/v2\/comments?post=4866"}],"version-history":[{"count":0,"href":"https:\/\/friburgonoticias.com.br\/temp\/wp-json\/wp\/v2\/posts\/4866\/revisions"}],"wp:featuredmedia":[{"embeddable":true,"href":"https:\/\/friburgonoticias.com.br\/temp\/wp-json\/wp\/v2\/media\/4867"}],"wp:attachment":[{"href":"https:\/\/friburgonoticias.com.br\/temp\/wp-json\/wp\/v2\/media?parent=4866"}],"wp:term":[{"taxonomy":"category","embeddable":true,"href":"https:\/\/friburgonoticias.com.br\/temp\/wp-json\/wp\/v2\/categories?post=4866"},{"taxonomy":"post_tag","embeddable":true,"href":"https:\/\/friburgonoticias.com.br\/temp\/wp-json\/wp\/v2\/tags?post=4866"}],"curies":[{"name":"wp","href":"https:\/\/api.w.org\/{rel}","templated":true}]}}