{"id":4870,"date":"2025-10-06T16:38:11","date_gmt":"2025-10-06T16:38:11","guid":{"rendered":"https:\/\/friburgonoticias.com.br\/temp\/2025\/10\/06\/conselho-de-etica-debate-abertura-de-novos-processos-e-ouve-testemunhas-de-janones-noticias\/"},"modified":"2025-10-06T16:38:11","modified_gmt":"2025-10-06T16:38:11","slug":"conselho-de-etica-debate-abertura-de-novos-processos-e-ouve-testemunhas-de-janones-noticias","status":"publish","type":"post","link":"https:\/\/friburgonoticias.com.br\/temp\/2025\/10\/06\/conselho-de-etica-debate-abertura-de-novos-processos-e-ouve-testemunhas-de-janones-noticias\/","title":{"rendered":"Conselho de \u00c9tica debate abertura de novos processos e ouve testemunhas de Janones &#8211; Not\u00edcias"},"content":{"rendered":"<p><\/p>\n<div>\n<p class=\"g-artigo__data-hora\">\n                      06\/10\/2025 &#8211; 13:05 \u00a0\n                    <\/p>\n<div id=\"image-container-1208050\" class=\"image-container\" style=\"float: none; margin: 45px 0px; width: 100%;\" data-midia=\"1208050\">\n        <em>Mario Agra \/ C\u00e2mara dos Deputados<\/em><\/p>\n<p>        Andr\u00e9 Janones est\u00e1 afastado do mandato at\u00e9 12 de outubro\n        <\/p><\/div>\n<p data-start=\"158\" data-end=\"371\">O <span id=\"4203\" class=\"termoGlossario\" title=\"\u00d3rg\u00e3o encarregado de zelar pela observ\u00e2ncia da \u00e9tica e do decoro parlamentar na C\u00e2mara. Compete-lhe instaurar e instruir os processos disciplinares referentes a den\u00fancias de atos incompat\u00edveis com o decoro parlamentar, recomendando ou n\u00e3o puni\u00e7\u00f5es cab\u00edveis aos deputados, que v\u00e3o desde a censura oral at\u00e9 a perda de mandato. Caso recomende puni\u00e7\u00f5es severas, o parecer do conselho dever\u00e1 ser votado pelo Plen\u00e1rio em dois dias, em vota\u00e7\u00e3o secreta. O conselho atua mediante provoca\u00e7\u00e3o da Mesa Diretora, nos casos de instaura\u00e7\u00e3o de processo disciplinar.\" contenteditable=\"false\" data-toggle=\"tooltip\" data-placement=\"top\">Conselho de \u00c9tica e Decoro Parlamentar<\/span> da C\u00e2mara dos Deputados realiza reuni\u00e3o nesta ter\u00e7a-feira (7) para analisar a abertura de novos processos e ouvir testemunhas da representa\u00e7\u00e3o contra o deputado Andr\u00e9 Janones (Avante-MG).<\/p>\n<p data-start=\"158\" data-end=\"371\">O encontro ser\u00e1 realizado \u00e0s 13 horas, no plen\u00e1rio 11.<\/p>\n<p data-start=\"506\" data-end=\"862\"><strong>Abertura de processos<\/strong><br \/>Na primeira parte da reuni\u00e3o, o colegiado deve decidir se abre quatro processos decorrentes de representa\u00e7\u00f5es da <span id=\"4072\" class=\"termoGlossario\" title=\"\u00d3rg\u00e3o respons\u00e1vel pela dire\u00e7\u00e3o dos trabalhos legislativos e dos servi\u00e7os administrativos da C\u00e2mara. \u00c9 composta por presidente, dois vice-presidentes e quatro secret\u00e1rios, al\u00e9m de quatro suplentes de secret\u00e1rios.\" contenteditable=\"false\" data-toggle=\"tooltip\" data-placement=\"top\">Mesa Diretora<\/span> contra os deputados Marcos Pollon (PL-MS), Marcel Van Hattem (Novo-RS) e Z\u00e9 Trov\u00e3o (PL-SC).<\/p>\n<p data-start=\"168\" data-end=\"408\">Eles s\u00e3o acusados de infringir o C\u00f3digo de \u00c9tica e Decoro Parlamentar durante a ocupa\u00e7\u00e3o do Plen\u00e1rio no in\u00edcio de agosto.<\/p>\n<p>        No caso de Pollon, h\u00e1 duas representa\u00e7\u00f5es (<a href=\"https:\/\/www.camara.leg.br\/proposicoesWeb\/prop_mostrarintegra?codteor=3004835&amp;filename=REP%2024\/2025\">REP 24\/25<\/a> e <a href=\"https:\/\/www.camara.leg.br\/proposicoesWeb\/prop_mostrarintegra?codteor=3004838&amp;filename=REP%2026\/2025\">26\/25<\/a>) a serem analisadas, pois a falta foi considerada mais grave em raz\u00e3o de ter feito declara\u00e7\u00f5es ofensivas ao presidente da C\u00e2mara. Os outros dois s\u00e3o acusados de obstruir a cadeira do presidente (<a href=\"https:\/\/www.camara.leg.br\/proposicoesWeb\/prop_mostrarintegra?codteor=3004837&amp;filename=REP%2025\/2025\">REP 25\/25<\/a> contra Van Hattem e <a href=\"https:\/\/www.camara.leg.br\/proposicoesWeb\/prop_mostrarintegra?codteor=3004840&amp;filename=REP%2027\/2025\">27\/25<\/a> contra Z\u00e9 Trov\u00e3o).<\/p>\n<p data-start=\"506\" data-end=\"862\"><strong>Escolha de relatores<\/strong><br \/>Depois que os processos forem instaurados, ser\u00e1 feito o sorteio de tr\u00eas nomes para cada a\u00e7\u00e3o. Dessa lista, o presidente escolher\u00e1 os relatores, que n\u00e3o podem ser do mesmo estado, partido ou federa\u00e7\u00e3o do parlamentar acusado, nem da legenda autora da representa\u00e7\u00e3o.<\/p>\n<p>        <strong>Depoimento de testemunhas<br \/><\/strong>Em seguida, o conselho deve ouvir testemunhas arroladas pelo relator do processo contra Andr\u00e9 Janones,\u00a0deputado Gustinho Ribeiro (Republicanos-SE).<br \/>\n        Andr\u00e9 Janones \u00e9 acusado pelo PL de ofender o deputado Nikolas Ferreira (PL-MG) enquanto este discursava na tribuna em julho (<a href=\"https:\/\/www.camara.leg.br\/proposicoesWeb\/prop_mostrarintegra?codteor=2955251&amp;filename=REP%203\/2025\">Representa\u00e7\u00e3o 3\/25<\/a>). Janones foi punido com a suspens\u00e3o do mandato por tr\u00eas meses e ficar\u00e1 afastado at\u00e9 12 de outubro.<br \/>\n        Andr\u00e9 Janones \u00e9 alvo de outras cinco representa\u00e7\u00f5es no Conselho de \u00c9tica, todas de autoria do PL.<br \/>\n        Est\u00e3o previstas as oitivas dos deputados:<\/p>\n<ul>\n<li>Nikolas Ferreira;<\/li>\n<li>Delegado Paulo Bilynskyj (PL-SP);<\/li>\n<li>H\u00e9lio Lopes (PL-RJ); e<\/li>\n<li>Cabo Gilberto Silva (PL-PB).<\/li>\n<\/ul>\n<p style=\"font-size: 0.8rem; font-weight: 700;\">Da Reda\u00e7\u00e3o &#8211; ND<\/p>\n<\/p><\/div>\n<p><\/a><\/p>\n<p>Fonte: www.camara.leg.br<\/p>\n","protected":false},"excerpt":{"rendered":"<p>06\/10\/2025 &#8211; 13:05 \u00a0 Mario Agra \/ C\u00e2mara dos Deputados Andr\u00e9 Janones est\u00e1 afastado do mandato at\u00e9 12 de outubro O Conselho de \u00c9tica e Decoro Parlamentar da C\u00e2mara dos Deputados realiza reuni\u00e3o nesta ter\u00e7a-feira (7) para analisar a abertura de novos processos e ouvir testemunhas da representa\u00e7\u00e3o contra o deputado Andr\u00e9 Janones (Avante-MG). O [&hellip;]<\/p>\n","protected":false},"author":3,"featured_media":4871,"comment_status":"open","ping_status":"open","sticky":false,"template":"","format":"standard","meta":{"advanced_seo_description":"","jetpack_seo_html_title":"","jetpack_seo_noindex":false,"fifu_image_url":"https:\/\/www.camara.leg.br\/midias\/image\/2025\/10\/img20241203104809734-768x473.jpg","fifu_image_alt":"","_jetpack_memberships_contains_paid_content":false,"footnotes":"","jetpack_publicize_message":"","jetpack_publicize_feature_enabled":true,"jetpack_social_post_already_shared":true,"jetpack_social_options":{"image_generator_settings":{"template":"highway","default_image_id":0,"font":"","enabled":false},"version":2}},"categories":[107],"tags":[],"class_list":{"0":"post-4870","1":"post","2":"type-post","3":"status-publish","4":"format-standard","5":"has-post-thumbnail","7":"category-economia"},"jetpack_publicize_connections":[],"jetpack_featured_media_url":"https:\/\/i0.wp.com\/www.camara.leg.br\/midias\/image\/2025\/10\/img20241203104809734-768x473.jpg?fit=%2C&ssl=1","jetpack_sharing_enabled":true,"jetpack-related-posts":[],"_links":{"self":[{"href":"https:\/\/friburgonoticias.com.br\/temp\/wp-json\/wp\/v2\/posts\/4870","targetHints":{"allow":["GET"]}}],"collection":[{"href":"https:\/\/friburgonoticias.com.br\/temp\/wp-json\/wp\/v2\/posts"}],"about":[{"href":"https:\/\/friburgonoticias.com.br\/temp\/wp-json\/wp\/v2\/types\/post"}],"author":[{"embeddable":true,"href":"https:\/\/friburgonoticias.com.br\/temp\/wp-json\/wp\/v2\/users\/3"}],"replies":[{"embeddable":true,"href":"https:\/\/friburgonoticias.com.br\/temp\/wp-json\/wp\/v2\/comments?post=4870"}],"version-history":[{"count":0,"href":"https:\/\/friburgonoticias.com.br\/temp\/wp-json\/wp\/v2\/posts\/4870\/revisions"}],"wp:featuredmedia":[{"embeddable":true,"href":"https:\/\/friburgonoticias.com.br\/temp\/wp-json\/wp\/v2\/media\/4871"}],"wp:attachment":[{"href":"https:\/\/friburgonoticias.com.br\/temp\/wp-json\/wp\/v2\/media?parent=4870"}],"wp:term":[{"taxonomy":"category","embeddable":true,"href":"https:\/\/friburgonoticias.com.br\/temp\/wp-json\/wp\/v2\/categories?post=4870"},{"taxonomy":"post_tag","embeddable":true,"href":"https:\/\/friburgonoticias.com.br\/temp\/wp-json\/wp\/v2\/tags?post=4870"}],"curies":[{"name":"wp","href":"https:\/\/api.w.org\/{rel}","templated":true}]}}