{"id":4888,"date":"2025-10-07T11:52:09","date_gmt":"2025-10-07T11:52:09","guid":{"rendered":"https:\/\/friburgonoticias.com.br\/temp\/2025\/10\/07\/incendio-atinge-vegetacao-na-pedra-do-imperador-em-nova-friburgo\/"},"modified":"2025-10-07T11:52:09","modified_gmt":"2025-10-07T11:52:09","slug":"incendio-atinge-vegetacao-na-pedra-do-imperador-em-nova-friburgo","status":"publish","type":"post","link":"https:\/\/friburgonoticias.com.br\/temp\/2025\/10\/07\/incendio-atinge-vegetacao-na-pedra-do-imperador-em-nova-friburgo\/","title":{"rendered":"Inc\u00eandio atinge vegeta\u00e7\u00e3o na Pedra do Imperador em Nova Friburgo"},"content":{"rendered":"<p><\/p>\n<div id=\"post-56877\">\n<div class=\"post-header post-tp-13-header\">\n<div class=\"single-featured\">\n<img loading=\"lazy\" decoding=\"async\" data-lazyloaded=\"1\" src=\"https:\/\/www.serranewsrj.com.br\/wp-content\/uploads\/2025\/10\/pedra-imperador-1080x580.jpg\" width=\"1080\" height=\"580\" alt=\"\"\/><\/div>\n<\/div>\n<div class=\"entry-content clearfix single-post-content\">\n<p style=\"text-align: justify;\">Um inc\u00eandio em \u00e1rea de vegeta\u00e7\u00e3o atingiu a regi\u00e3o da Pedra do Imperador, em <a href=\"https:\/\/www.serranewsrj.com.br\/noticias\/regiao-serrana\/nova-friburgo\">Nova Friburgo<\/a>, entre a noite de segunda-feira (6) e a madrugada de ter\u00e7a-feira (7). As chamas, que podiam ser vistas de v\u00e1rios pontos da cidade, contrastaram com a bela lua cheia que iluminava o c\u00e9u.<\/p>\n<div class=\"ihjec ihjec-post-inline ihjec-float-center ihjec-align-center ihjec-column-1 ihjec-clearfix no-bg-box-model\">\n<div id=\"ihjec-40657-2145489417\" class=\"ihjec-container ihjec-type-image\" itemscope=\"\" itemtype=\"https:\/\/schema.org\/WPAdBlock\" data-adid=\"40657\" data-type=\"image\"><a itemprop=\"url\" class=\"ihjec-link\" href=\"https:\/\/www.instagram.com\/festadomorangocomchocolate?utm_source=ig_web_button_share_sheet&amp;igsh=ZDNlZDc0MzIxNw==\" target=\"_blank\" rel=\"nofollow\"><img loading=\"lazy\" decoding=\"async\" data-lazyloaded=\"1\" width=\"2560\" height=\"624\" class=\"ihjec-image\" src=\"https:\/\/www.serranewsrj.com.br\/wp-content\/uploads\/2025\/09\/MorangocomChocolate-1-ezgif.com-png-to-webp-converter-scaled.webp\" alt=\"Teia de Eventos \u2013 Nossa Feira \u2013 1230 x 300 pxl\"\/><\/a><\/div>\n<\/div>\n<p style=\"text-align: justify;\">O Corpo de Bombeiros foi acionado por volta das 17h de segunda e trabalhou intensamente at\u00e9 a meia-noite para controlar o fogo. Na manh\u00e3 de ter\u00e7a, a corpora\u00e7\u00e3o retornou ao local para combater pequenos focos remanescentes e realizar o rescaldo.<\/p>\n<p style=\"text-align: justify;\">Segundo o Corpo de Bombeiros, cerca de 90% dos inc\u00eandios florestais t\u00eam origem criminosa, o que refor\u00e7a a import\u00e2ncia de den\u00fancias e da conscientiza\u00e7\u00e3o da popula\u00e7\u00e3o sobre a preserva\u00e7\u00e3o ambiental.<\/p>\n<blockquote class=\"instagram-media\" style=\"background: #FFF; border: 0; border-radius: 3px; box-shadow: 0 0 1px 0 rgba(0,0,0,0.5),0 1px 10px 0 rgba(0,0,0,0.15); margin: 1px; max-width: 540px; min-width: 326px; padding: 0; width: calc(100% - 2px);\" data-instgrm-permalink=\"https:\/\/www.instagram.com\/reel\/DPgbGvSDRJG\/?utm_source=ig_embed&amp;utm_campaign=loading\" data-instgrm-version=\"14\"\/>\n<div class=\"ihjec ihjec-post-inline ihjec-float-center ihjec-align-center ihjec-column-1 ihjec-clearfix no-bg-box-model\">\n<div id=\"ihjec-49250-1007280818\" class=\"ihjec-container ihjec-type-image\" itemscope=\"\" itemtype=\"https:\/\/schema.org\/WPAdBlock\" data-adid=\"49250\" data-type=\"image\"><a itemprop=\"url\" class=\"ihjec-link\" href=\"https:\/\/www.evosolar.com.br\/simuladorsolarrj\" target=\"_blank\" rel=\"nofollow\"><img loading=\"lazy\" decoding=\"async\" data-lazyloaded=\"1\" width=\"2560\" height=\"520\" class=\"ihjec-image\" src=\"https:\/\/www.serranewsrj.com.br\/wp-content\/uploads\/2025\/05\/BannerdositedaSerraNews1230x250px-ezgif.com-png-to-webp-converter-1-scaled.webp\" alt=\"Evosolar (Maio) WebP \u2013 1230 x 250 px\"\/><\/a><\/div>\n<\/div>\n<\/div>\n<\/div>\n<div id=\"\">\n<a href=\"https:\/\/www.serranewsrj.com.br\/author\/admin-2\" title=\"Artigos de autor\"><br \/>\n<span class=\"post-author-avatar\" itemprop=\"image\"><img loading=\"lazy\" decoding=\"async\" data-lazyloaded=\"1\" alt=\"\" src=\"https:\/\/www.serranewsrj.com.br\/wp-content\/uploads\/2025\/03\/REDONDA-4-180x180.png\" class=\"avatar avatar-80 photo avatar-default\" height=\"80\" width=\"80\"\/><\/span><br \/>\n<\/a><\/p>\n<div class=\"post-author-bio\" itemprop=\"description\">A sua fonte segura de informa\u00e7\u00e3o no interior do Rio de Janeiro.<\/p>\n<\/div>\n<\/div>\n<p><script async src=\"\/\/www.instagram.com\/embed.js\"><\/script><br \/>\n<br \/><\/a><\/p>\n<p>Fonte: www.serranewsrj.com.br<\/p>\n","protected":false},"excerpt":{"rendered":"<p>Um inc\u00eandio em \u00e1rea de vegeta\u00e7\u00e3o atingiu a regi\u00e3o da Pedra do Imperador, em Nova Friburgo, entre a noite de segunda-feira (6) e a madrugada de ter\u00e7a-feira (7). As chamas, que podiam ser vistas de v\u00e1rios pontos da cidade, contrastaram com a bela lua cheia que iluminava o c\u00e9u. O Corpo de Bombeiros foi acionado [&hellip;]<\/p>\n","protected":false},"author":3,"featured_media":4889,"comment_status":"open","ping_status":"open","sticky":false,"template":"","format":"standard","meta":{"advanced_seo_description":"","jetpack_seo_html_title":"","jetpack_seo_noindex":false,"fifu_image_url":"https:\/\/www.serranewsrj.com.br\/wp-content\/uploads\/2025\/10\/pedra-imperador.jpg","fifu_image_alt":"","_jetpack_memberships_contains_paid_content":false,"footnotes":"","jetpack_publicize_message":"","jetpack_publicize_feature_enabled":true,"jetpack_social_post_already_shared":true,"jetpack_social_options":{"image_generator_settings":{"template":"highway","default_image_id":0,"font":"","enabled":false},"version":2}},"categories":[104,1],"tags":[],"class_list":{"0":"post-4888","1":"post","2":"type-post","3":"status-publish","4":"format-standard","5":"has-post-thumbnail","7":"category-cidade","8":"category-uncategorized"},"jetpack_publicize_connections":[],"jetpack_featured_media_url":"https:\/\/i0.wp.com\/www.serranewsrj.com.br\/wp-content\/uploads\/2025\/10\/pedra-imperador.jpg?fit=%2C&ssl=1","jetpack_sharing_enabled":true,"jetpack-related-posts":[],"_links":{"self":[{"href":"https:\/\/friburgonoticias.com.br\/temp\/wp-json\/wp\/v2\/posts\/4888","targetHints":{"allow":["GET"]}}],"collection":[{"href":"https:\/\/friburgonoticias.com.br\/temp\/wp-json\/wp\/v2\/posts"}],"about":[{"href":"https:\/\/friburgonoticias.com.br\/temp\/wp-json\/wp\/v2\/types\/post"}],"author":[{"embeddable":true,"href":"https:\/\/friburgonoticias.com.br\/temp\/wp-json\/wp\/v2\/users\/3"}],"replies":[{"embeddable":true,"href":"https:\/\/friburgonoticias.com.br\/temp\/wp-json\/wp\/v2\/comments?post=4888"}],"version-history":[{"count":0,"href":"https:\/\/friburgonoticias.com.br\/temp\/wp-json\/wp\/v2\/posts\/4888\/revisions"}],"wp:featuredmedia":[{"embeddable":true,"href":"https:\/\/friburgonoticias.com.br\/temp\/wp-json\/wp\/v2\/media\/4889"}],"wp:attachment":[{"href":"https:\/\/friburgonoticias.com.br\/temp\/wp-json\/wp\/v2\/media?parent=4888"}],"wp:term":[{"taxonomy":"category","embeddable":true,"href":"https:\/\/friburgonoticias.com.br\/temp\/wp-json\/wp\/v2\/categories?post=4888"},{"taxonomy":"post_tag","embeddable":true,"href":"https:\/\/friburgonoticias.com.br\/temp\/wp-json\/wp\/v2\/tags?post=4888"}],"curies":[{"name":"wp","href":"https:\/\/api.w.org\/{rel}","templated":true}]}}