{"id":4890,"date":"2025-10-07T12:17:09","date_gmt":"2025-10-07T12:17:09","guid":{"rendered":"https:\/\/friburgonoticias.com.br\/temp\/2025\/10\/07\/superlua-da-colheita-marca-o-ceu-de-outubro-em-nova-friburgo\/"},"modified":"2025-10-07T12:17:09","modified_gmt":"2025-10-07T12:17:09","slug":"superlua-da-colheita-marca-o-ceu-de-outubro-em-nova-friburgo","status":"publish","type":"post","link":"https:\/\/friburgonoticias.com.br\/temp\/2025\/10\/07\/superlua-da-colheita-marca-o-ceu-de-outubro-em-nova-friburgo\/","title":{"rendered":"Superlua da Colheita marca o c\u00e9u de outubro em Nova Friburgo"},"content":{"rendered":"<p><\/p>\n<div>\n<p style=\"text-align: justify;\">A noite de segunda-feira (6\/10) foi marcada por um espet\u00e1culo celeste que encantou moradores de <a href=\"https:\/\/www.serranewsrj.com.br\/noticias\/regiao-serrana\/nova-friburgo\">Nova Friburgo<\/a> e de v\u00e1rias cidades do interior fluminense. A Lua surgiu imponente e extremamente brilhante no c\u00e9u, chamando a aten\u00e7\u00e3o de quem olhou para o horizonte. O fen\u00f4meno foi ainda mais especial porque marcou a chegada da Superlua da Colheita, o primeiro evento do tipo em 2025.<\/p>\n<div class=\"ihjec ihjec-post-inline ihjec-float-center ihjec-align-center ihjec-column-1 ihjec-clearfix no-bg-box-model\">\n<div id=\"ihjec-40657-325025996\" class=\"ihjec-container ihjec-type-image\" itemscope=\"\" itemtype=\"https:\/\/schema.org\/WPAdBlock\" data-adid=\"40657\" data-type=\"image\"><a itemprop=\"url\" class=\"ihjec-link\" href=\"https:\/\/www.instagram.com\/festadomorangocomchocolate?utm_source=ig_web_button_share_sheet&amp;igsh=ZDNlZDc0MzIxNw==\" target=\"_blank\" rel=\"nofollow\"><img loading=\"lazy\" decoding=\"async\" data-lazyloaded=\"1\" width=\"2560\" height=\"624\" class=\"ihjec-image\" src=\"https:\/\/www.serranewsrj.com.br\/wp-content\/uploads\/2025\/09\/MorangocomChocolate-1-ezgif.com-png-to-webp-converter-scaled.webp\" alt=\"Teia de Eventos \u2013 Nossa Feira \u2013 1230 x 300 pxl\"\/><\/a><\/div>\n<\/div>\n<p style=\"text-align: justify;\">Na madrugada de ter\u00e7a-feira (7), exatamente \u00e0s 00h47, a Lua atingiu o \u00e1pice da fase Cheia e seu ponto mais pr\u00f3ximo da Terra, conhecido como perigeu, fazendo com que parecesse cerca de 7% maior e 14% mais brilhante que o habitual. O espet\u00e1culo p\u00f4de ser observado a olho nu, principalmente em locais com pouca ilumina\u00e7\u00e3o artificial e vista livre para o horizonte leste.<\/p>\n<blockquote class=\"instagram-media\" style=\"background: #FFF; border: 0; border-radius: 3px; box-shadow: 0 0 1px 0 rgba(0,0,0,0.5),0 1px 10px 0 rgba(0,0,0,0.15); margin: 1px; max-width: 540px; min-width: 326px; padding: 0; width: calc(100% - 2px);\" data-instgrm-permalink=\"https:\/\/www.instagram.com\/p\/DPgeZmBjaNW\/?utm_source=ig_embed&amp;utm_campaign=loading\" data-instgrm-version=\"14\"\/>\n<div class=\"ihjec ihjec-post-inline ihjec-float-center ihjec-align-center ihjec-column-1 ihjec-clearfix no-bg-box-model\">\n<div id=\"ihjec-49250-1536512806\" class=\"ihjec-container ihjec-type-image\" itemscope=\"\" itemtype=\"https:\/\/schema.org\/WPAdBlock\" data-adid=\"49250\" data-type=\"image\"><a itemprop=\"url\" class=\"ihjec-link\" href=\"https:\/\/www.evosolar.com.br\/simuladorsolarrj\" target=\"_blank\" rel=\"nofollow\"><img loading=\"lazy\" decoding=\"async\" data-lazyloaded=\"1\" width=\"2560\" height=\"520\" class=\"ihjec-image\" src=\"https:\/\/www.serranewsrj.com.br\/wp-content\/uploads\/2025\/05\/BannerdositedaSerraNews1230x250px-ezgif.com-png-to-webp-converter-1-scaled.webp\" alt=\"Evosolar (Maio) WebP \u2013 1230 x 250 px\"\/><\/a><\/div>\n<\/div>\n<p style=\"text-align: justify;\">O fen\u00f4meno, chamado de Superlua da Colheita, recebe esse nome porque, historicamente, seu brilho intenso ajudava agricultores a trabalhar durante as noites de outono no hemisf\u00e9rio norte. Quando nasce, geralmente entre 18h e 19h, o sat\u00e9lite natural ganha um tom alaranjado e um tamanho aparente maior, o que o torna ainda mais impressionante.<\/p>\n<p style=\"text-align: justify;\">De acordo com o Instituto Nacional de Meteorologia (INMET), o calend\u00e1rio lunar de outubro prev\u00ea as seguintes fases: Lua Cheia (7\/10, \u00e0s 00h47), Lua Minguante (13\/10, \u00e0s 15h12), Lua Nova (21\/10, \u00e0s 9h25) e Lua Crescente (29\/10, \u00e0s 13h20). O ciclo lunar completo dura, em m\u00e9dia, 29,5 dias, e cada fase permanece vis\u00edvel por cerca de uma semana.<\/p>\n<div class=\"ihjec ihjec-post-inline ihjec-float-center ihjec-align-center ihjec-column-1 ihjec-clearfix no-bg-box-model\">\n<div id=\"ihjec-52933-1046230563\" class=\"ihjec-container ihjec-type-image\" itemscope=\"\" itemtype=\"https:\/\/schema.org\/WPAdBlock\" data-adid=\"52933\" data-type=\"image\"><a itemprop=\"url\" class=\"ihjec-link\" href=\"https:\/\/jmfsaude.com.br\/\" target=\"_blank\" rel=\"nofollow\"><img loading=\"lazy\" decoding=\"async\" data-lazyloaded=\"1\" width=\"1200\" height=\"400\" class=\"ihjec-image\" src=\"https:\/\/www.serranewsrj.com.br\/wp-content\/uploads\/2025\/03\/bannersiteJMF-ezgif.com-png-to-webp-converter.webp\" alt=\"JMF Solu\u00e7\u00f5es em Sa\u00fade \u2013 1200\u00d7400 pxl WebP\"\/><\/a><\/div>\n<\/div>\n<p style=\"text-align: justify;\">Os amantes da astronomia podem se preparar: ainda est\u00e3o previstas duas Superluas em 2025, nos dias 5 de novembro e 4 de dezembro, al\u00e9m da chuva de meteoros Orionidas, que ter\u00e1 seu pico em 21 de outubro. Quem perdeu o espet\u00e1culo desta madrugada ainda poder\u00e1 observar o brilho intenso da Lua Cheia nas pr\u00f3ximas noites, especialmente logo ap\u00f3s o p\u00f4r do sol.<\/p>\n<article class=\"text-token-text-primary w-full focus:outline-none scroll-mt-[calc(var(--header-height)+min(200px,max(70px,20svh)))]\" dir=\"auto\" tabindex=\"-1\" data-turn-id=\"request-WEB:ed444974-45ca-40c9-b635-91e08f3fc2c5-7\" data-testid=\"conversation-turn-6\" data-scroll-anchor=\"true\" data-turn=\"assistant\">\n<div class=\"text-base my-auto mx-auto pb-10 [--thread-content-margin:--spacing(4)] thread-sm:[--thread-content-margin:--spacing(6)] thread-lg:[--thread-content-margin:--spacing(16)] px-(--thread-content-margin)\">\n<div class=\"[--thread-content-max-width:40rem] thread-lg:[--thread-content-max-width:48rem] mx-auto max-w-(--thread-content-max-width) flex-1 group\/turn-messages focus-visible:outline-hidden relative flex w-full min-w-0 flex-col agent-turn\" tabindex=\"-1\">\n<div class=\"flex max-w-full flex-col grow\">\n<div class=\"min-h-8 text-message relative flex w-full flex-col items-end gap-2 text-start break-words whitespace-normal [.text-message+&amp;]:mt-5\" dir=\"auto\" data-message-author-role=\"assistant\" data-message-id=\"7eb331da-4d63-4654-8df1-a403497a5fca\" data-message-model-slug=\"gpt-5\">\n<div class=\"flex w-full flex-col gap-1 empty:hidden first:pt-[1px]\">\n<div class=\"markdown prose dark:prose-invert w-full break-words light markdown-new-styling\">\n<p style=\"text-align: justify;\" data-start=\"0\" data-end=\"109\" data-is-last-node=\"\" data-is-only-node=\"\">O registro da Superlua da Colheita em Nova Friburgo foi realizado pelo fot\u00f3grafo Marlon Moreira de Souza.<\/p>\n<\/div>\n<\/div>\n<\/div>\n<\/div>\n<\/div>\n<\/div>\n<\/article>\n<\/div>\n<p><script async src=\"\/\/www.instagram.com\/embed.js\"><\/script><br \/>\n<br \/><\/a><\/p>\n<p>Fonte: www.serranewsrj.com.br<\/p>\n","protected":false},"excerpt":{"rendered":"<p>A noite de segunda-feira (6\/10) foi marcada por um espet\u00e1culo celeste que encantou moradores de Nova Friburgo e de v\u00e1rias cidades do interior fluminense. A Lua surgiu imponente e extremamente brilhante no c\u00e9u, chamando a aten\u00e7\u00e3o de quem olhou para o horizonte. O fen\u00f4meno foi ainda mais especial porque marcou a chegada da Superlua da [&hellip;]<\/p>\n","protected":false},"author":3,"featured_media":4891,"comment_status":"open","ping_status":"open","sticky":false,"template":"","format":"standard","meta":{"advanced_seo_description":"","jetpack_seo_html_title":"","jetpack_seo_noindex":false,"fifu_image_url":"https:\/\/www.serranewsrj.com.br\/wp-content\/uploads\/2025\/10\/lua-friburgo.jpg","fifu_image_alt":"","_jetpack_memberships_contains_paid_content":false,"footnotes":"","jetpack_publicize_message":"","jetpack_publicize_feature_enabled":true,"jetpack_social_post_already_shared":true,"jetpack_social_options":{"image_generator_settings":{"template":"highway","default_image_id":0,"font":"","enabled":false},"version":2}},"categories":[104,1],"tags":[],"class_list":{"0":"post-4890","1":"post","2":"type-post","3":"status-publish","4":"format-standard","5":"has-post-thumbnail","7":"category-cidade","8":"category-uncategorized"},"jetpack_publicize_connections":[],"jetpack_featured_media_url":"https:\/\/i0.wp.com\/www.serranewsrj.com.br\/wp-content\/uploads\/2025\/10\/lua-friburgo.jpg?fit=%2C&ssl=1","jetpack_sharing_enabled":true,"jetpack-related-posts":[],"_links":{"self":[{"href":"https:\/\/friburgonoticias.com.br\/temp\/wp-json\/wp\/v2\/posts\/4890","targetHints":{"allow":["GET"]}}],"collection":[{"href":"https:\/\/friburgonoticias.com.br\/temp\/wp-json\/wp\/v2\/posts"}],"about":[{"href":"https:\/\/friburgonoticias.com.br\/temp\/wp-json\/wp\/v2\/types\/post"}],"author":[{"embeddable":true,"href":"https:\/\/friburgonoticias.com.br\/temp\/wp-json\/wp\/v2\/users\/3"}],"replies":[{"embeddable":true,"href":"https:\/\/friburgonoticias.com.br\/temp\/wp-json\/wp\/v2\/comments?post=4890"}],"version-history":[{"count":0,"href":"https:\/\/friburgonoticias.com.br\/temp\/wp-json\/wp\/v2\/posts\/4890\/revisions"}],"wp:featuredmedia":[{"embeddable":true,"href":"https:\/\/friburgonoticias.com.br\/temp\/wp-json\/wp\/v2\/media\/4891"}],"wp:attachment":[{"href":"https:\/\/friburgonoticias.com.br\/temp\/wp-json\/wp\/v2\/media?parent=4890"}],"wp:term":[{"taxonomy":"category","embeddable":true,"href":"https:\/\/friburgonoticias.com.br\/temp\/wp-json\/wp\/v2\/categories?post=4890"},{"taxonomy":"post_tag","embeddable":true,"href":"https:\/\/friburgonoticias.com.br\/temp\/wp-json\/wp\/v2\/tags?post=4890"}],"curies":[{"name":"wp","href":"https:\/\/api.w.org\/{rel}","templated":true}]}}