{"id":4892,"date":"2025-10-07T12:18:31","date_gmt":"2025-10-07T12:18:31","guid":{"rendered":"https:\/\/friburgonoticias.com.br\/temp\/2025\/10\/07\/deputado-pazuello-recebe-brasileiro-sobrevivente-de-ataque-do-hamas\/"},"modified":"2025-10-07T12:18:31","modified_gmt":"2025-10-07T12:18:31","slug":"deputado-pazuello-recebe-brasileiro-sobrevivente-de-ataque-do-hamas","status":"publish","type":"post","link":"https:\/\/friburgonoticias.com.br\/temp\/2025\/10\/07\/deputado-pazuello-recebe-brasileiro-sobrevivente-de-ataque-do-hamas\/","title":{"rendered":"Deputado Pazuello recebe brasileiro sobrevivente de ataque do Hamas"},"content":{"rendered":"<p><\/p>\n<div itemprop=\"articleBody\">\nO <a href=\"https:\/\/temporealrj.com\/da-esquerda-a-direita-jose-dirceu-e-general-pazuello-recebem-titulo-de-cidadao-maricaense\/\">deputado federal general Pazuello (PL-RJ)<\/a> receber\u00e1, nesta ter\u00e7a-feira (7), \u00e0s 13h, o jogador de futev\u00f4lei Nathan Obadia, de 30 anos, em seu gabinete no Rio. Obadia \u00e9 um dos brasileiros sobreviventes do <a href=\"https:\/\/temporealrj.com\/homenagem-a-vitimas-do-hamas-em-israel-avanca-na-alerj-sob-criticas-da-esquerda\/\">ataque promovido pelo grupo Hamas<\/a> durante o festival \u201cUniverso Paralello\u201d, realizado em Israel em 7 de outubro de 2023, que deixou pelo menos 260 mortos.<\/p>\n<p>Segundo Pazuello, parlamentar ligado aos movimentos judaicos, o objetivo da reuni\u00e3o \u00e9 dar visibilidade aos relatos de brasileiros que sobreviveram aos atentados. O encontro ser\u00e1 transmitido ao vivo no perfil oficial do deputado no <a href=\"https:\/\/www.instagram.com\/generalpazuello.oficial\/\" target=\"_blank\" rel=\"noopener\">Instagram<\/a>.<\/p>\n<p>\u201cConvidei o Nathan e o Rafael Zimerman, que tamb\u00e9m sobreviveu ao ataque, para contarem exatamente o que aconteceu, expondo para o Brasil e para o mundo a barb\u00e1rie cometida contra jovens, cidad\u00e3os comuns, mulheres, homens e crian\u00e7as pelo grupo terrorista Hamas\u201d, afirmou Pazuello.<\/p>\n<p>O general destacou ainda que o encontro tem car\u00e1ter de reflex\u00e3o e busca por justi\u00e7a.<\/p>\n<p>\u201cHoje, gra\u00e7as a Deus, estamos caminhando para o fim dessa guerra, para que todos os ref\u00e9ns possam ser devolvidos, vivos ou mortos, e para que algo assim nunca se repita, nem em Israel, nem em qualquer outro lugar do mundo\u201d, declarou.\n<\/p><\/div>\n<p><script async src=\"\/\/www.instagram.com\/embed.js\"><\/script><br \/>\n<br \/><\/a><\/p>\n<p>Fonte: temporealrj.com<\/p>\n","protected":false},"excerpt":{"rendered":"<p>O deputado federal general Pazuello (PL-RJ) receber\u00e1, nesta ter\u00e7a-feira (7), \u00e0s 13h, o jogador de futev\u00f4lei Nathan Obadia, de 30 anos, em seu gabinete no Rio. Obadia \u00e9 um dos brasileiros sobreviventes do ataque promovido pelo grupo Hamas durante o festival \u201cUniverso Paralello\u201d, realizado em Israel em 7 de outubro de 2023, que deixou pelo [&hellip;]<\/p>\n","protected":false},"author":3,"featured_media":4893,"comment_status":"open","ping_status":"open","sticky":false,"template":"","format":"standard","meta":{"advanced_seo_description":"","jetpack_seo_html_title":"","jetpack_seo_noindex":false,"fifu_image_url":"https:\/\/temporealrj.com\/wp-content\/uploads\/2025\/10\/Imagem-do-WhatsApp-de-2025-10-07-as-08.41.44_4d25dba4-e1759838404159.jpg","fifu_image_alt":"","_jetpack_memberships_contains_paid_content":false,"footnotes":"","jetpack_publicize_message":"","jetpack_publicize_feature_enabled":true,"jetpack_social_post_already_shared":true,"jetpack_social_options":{"image_generator_settings":{"template":"highway","default_image_id":0,"font":"","enabled":false},"version":2}},"categories":[106,1],"tags":[],"class_list":{"0":"post-4892","1":"post","2":"type-post","3":"status-publish","4":"format-standard","5":"has-post-thumbnail","7":"category-politica","8":"category-uncategorized"},"jetpack_publicize_connections":[],"jetpack_featured_media_url":"https:\/\/i0.wp.com\/temporealrj.com\/wp-content\/uploads\/2025\/10\/Imagem-do-WhatsApp-de-2025-10-07-as-08.41.44_4d25dba4-e1759838404159.jpg?fit=%2C&ssl=1","jetpack_sharing_enabled":true,"jetpack-related-posts":[],"_links":{"self":[{"href":"https:\/\/friburgonoticias.com.br\/temp\/wp-json\/wp\/v2\/posts\/4892","targetHints":{"allow":["GET"]}}],"collection":[{"href":"https:\/\/friburgonoticias.com.br\/temp\/wp-json\/wp\/v2\/posts"}],"about":[{"href":"https:\/\/friburgonoticias.com.br\/temp\/wp-json\/wp\/v2\/types\/post"}],"author":[{"embeddable":true,"href":"https:\/\/friburgonoticias.com.br\/temp\/wp-json\/wp\/v2\/users\/3"}],"replies":[{"embeddable":true,"href":"https:\/\/friburgonoticias.com.br\/temp\/wp-json\/wp\/v2\/comments?post=4892"}],"version-history":[{"count":0,"href":"https:\/\/friburgonoticias.com.br\/temp\/wp-json\/wp\/v2\/posts\/4892\/revisions"}],"wp:featuredmedia":[{"embeddable":true,"href":"https:\/\/friburgonoticias.com.br\/temp\/wp-json\/wp\/v2\/media\/4893"}],"wp:attachment":[{"href":"https:\/\/friburgonoticias.com.br\/temp\/wp-json\/wp\/v2\/media?parent=4892"}],"wp:term":[{"taxonomy":"category","embeddable":true,"href":"https:\/\/friburgonoticias.com.br\/temp\/wp-json\/wp\/v2\/categories?post=4892"},{"taxonomy":"post_tag","embeddable":true,"href":"https:\/\/friburgonoticias.com.br\/temp\/wp-json\/wp\/v2\/tags?post=4892"}],"curies":[{"name":"wp","href":"https:\/\/api.w.org\/{rel}","templated":true}]}}