{"id":4894,"date":"2025-10-07T12:57:14","date_gmt":"2025-10-07T12:57:14","guid":{"rendered":"https:\/\/friburgonoticias.com.br\/temp\/2025\/10\/07\/prefeitura-de-mariana-realiza-edicao-especial-de-dia-das-criancas\/"},"modified":"2025-10-07T12:57:14","modified_gmt":"2025-10-07T12:57:14","slug":"prefeitura-de-mariana-realiza-edicao-especial-de-dia-das-criancas","status":"publish","type":"post","link":"https:\/\/friburgonoticias.com.br\/temp\/2025\/10\/07\/prefeitura-de-mariana-realiza-edicao-especial-de-dia-das-criancas\/","title":{"rendered":"Prefeitura de Mariana realiza edi\u00e7\u00e3o especial de dia das crian\u00e7as"},"content":{"rendered":"<p><\/p>\n<div data-id=\"e4a9c54\" data-element_type=\"widget\" data-widget_type=\"theme-post-content.default\">\n<p>A cidade se prepara para um dia de pura divers\u00e3o no pr\u00f3ximo s\u00e1bado (11), quando as Ruas de Lazer ganham uma edi\u00e7\u00e3o especial em comemora\u00e7\u00e3o ao Dia das Crian\u00e7as. Promovido pela Secretaria Municipal de Esportes, Comunica\u00e7\u00e3o e Eventos, o programa promete transformar dois pontos da cidade em grandes espa\u00e7os de brincadeiras, atividades e muita alegria para os pequenos.<\/p>\n<p>Pela manh\u00e3, das 8h \u00e0s 12h, as brincadeiras acontecem na Arena Badar\u00f3. J\u00e1 \u00e0 tarde, das 14h \u00e0s 18h, a programa\u00e7\u00e3o segue na Pra\u00e7a dos Ferrovi\u00e1rios.<\/p>\n<p>Entre as atra\u00e7\u00f5es, est\u00e3o brinquedos, brincadeiras, pipoca, algod\u00e3o-doce, apresenta\u00e7\u00e3o teatral com a Cia Palhosso, show com a cantora Yasmin Melo e diversas surpresas, tudo pensado para garantir momentos de lazer e conviv\u00eancia em fam\u00edlia. A participa\u00e7\u00e3o \u00e9 gratuita e sem necessidade de inscri\u00e7\u00e3o pr\u00e9via. Basta comparecer e aproveitar!<\/p>\n<p>Com uma proposta de celebrar a inf\u00e2ncia e estimular a ocupa\u00e7\u00e3o dos espa\u00e7os p\u00fablicos, as Ruas de Lazer se consolidam como uma das iniciativas mais queridas da cidade, levando divers\u00e3o e inclus\u00e3o a todas as idades.<\/p>\n<p><em>Por Artur Corr\u00eaa<\/em>\n                <\/div>\n<p><\/a><\/p>\n<p>Fonte: territorionoticias.com.br<\/p>\n","protected":false},"excerpt":{"rendered":"<p>A cidade se prepara para um dia de pura divers\u00e3o no pr\u00f3ximo s\u00e1bado (11), quando as Ruas de Lazer ganham uma edi\u00e7\u00e3o especial em comemora\u00e7\u00e3o ao Dia das Crian\u00e7as. Promovido pela Secretaria Municipal de Esportes, Comunica\u00e7\u00e3o e Eventos, o programa promete transformar dois pontos da cidade em grandes espa\u00e7os de brincadeiras, atividades e muita alegria [&hellip;]<\/p>\n","protected":false},"author":3,"featured_media":4895,"comment_status":"open","ping_status":"open","sticky":false,"template":"","format":"standard","meta":{"advanced_seo_description":"","jetpack_seo_html_title":"","jetpack_seo_noindex":false,"fifu_image_url":"https:\/\/territorionoticias.com.br\/wp-content\/uploads\/2025\/10\/Rua-de-lazer-site.jpg","fifu_image_alt":"","_jetpack_memberships_contains_paid_content":false,"footnotes":"","jetpack_publicize_message":"","jetpack_publicize_feature_enabled":true,"jetpack_social_post_already_shared":true,"jetpack_social_options":{"image_generator_settings":{"template":"highway","default_image_id":0,"font":"","enabled":false},"version":2}},"categories":[105],"tags":[],"class_list":{"0":"post-4894","1":"post","2":"type-post","3":"status-publish","4":"format-standard","5":"has-post-thumbnail","7":"category-entretenimento"},"jetpack_publicize_connections":[],"jetpack_featured_media_url":"https:\/\/i0.wp.com\/territorionoticias.com.br\/wp-content\/uploads\/2025\/10\/Rua-de-lazer-site.jpg?fit=%2C&ssl=1","jetpack_sharing_enabled":true,"jetpack-related-posts":[],"_links":{"self":[{"href":"https:\/\/friburgonoticias.com.br\/temp\/wp-json\/wp\/v2\/posts\/4894","targetHints":{"allow":["GET"]}}],"collection":[{"href":"https:\/\/friburgonoticias.com.br\/temp\/wp-json\/wp\/v2\/posts"}],"about":[{"href":"https:\/\/friburgonoticias.com.br\/temp\/wp-json\/wp\/v2\/types\/post"}],"author":[{"embeddable":true,"href":"https:\/\/friburgonoticias.com.br\/temp\/wp-json\/wp\/v2\/users\/3"}],"replies":[{"embeddable":true,"href":"https:\/\/friburgonoticias.com.br\/temp\/wp-json\/wp\/v2\/comments?post=4894"}],"version-history":[{"count":0,"href":"https:\/\/friburgonoticias.com.br\/temp\/wp-json\/wp\/v2\/posts\/4894\/revisions"}],"wp:featuredmedia":[{"embeddable":true,"href":"https:\/\/friburgonoticias.com.br\/temp\/wp-json\/wp\/v2\/media\/4895"}],"wp:attachment":[{"href":"https:\/\/friburgonoticias.com.br\/temp\/wp-json\/wp\/v2\/media?parent=4894"}],"wp:term":[{"taxonomy":"category","embeddable":true,"href":"https:\/\/friburgonoticias.com.br\/temp\/wp-json\/wp\/v2\/categories?post=4894"},{"taxonomy":"post_tag","embeddable":true,"href":"https:\/\/friburgonoticias.com.br\/temp\/wp-json\/wp\/v2\/tags?post=4894"}],"curies":[{"name":"wp","href":"https:\/\/api.w.org\/{rel}","templated":true}]}}