{"id":4918,"date":"2025-10-07T23:01:23","date_gmt":"2025-10-07T23:01:23","guid":{"rendered":"https:\/\/friburgonoticias.com.br\/temp\/2025\/10\/07\/osteopatia-entra-para-o-calendario-de-datas-comemorativas-do-rio\/"},"modified":"2025-10-07T23:01:23","modified_gmt":"2025-10-07T23:01:23","slug":"osteopatia-entra-para-o-calendario-de-datas-comemorativas-do-rio","status":"publish","type":"post","link":"https:\/\/friburgonoticias.com.br\/temp\/2025\/10\/07\/osteopatia-entra-para-o-calendario-de-datas-comemorativas-do-rio\/","title":{"rendered":"Osteopatia entra para o calend\u00e1rio de datas comemorativas do Rio"},"content":{"rendered":"<p><\/p>\n<div itemprop=\"articleBody\">\nO Rio ter\u00e1 a Semana Estadual de Conscientiza\u00e7\u00e3o sobre a Osteopatia. A inten\u00e7\u00e3o da lei, de autoria da deputada \u00cdndia Armelau (PL), \u00e9 promover essa pr\u00e1tica da medicina alternativa, que utiliza manipula\u00e7\u00e3o e mobiliza\u00e7\u00e3o manual do sistema m\u00fasculo-esquel\u00e9tico (ossos, m\u00fasculos e articula\u00e7\u00f5es), para restaurar o equil\u00edbrio do organismo, promover a flexibilidade e aliviar desconfortos e disfun\u00e7\u00f5es.<\/p>\n<p>Com isso, a semana de conscientiza\u00e7\u00e3o far\u00e1 parte do calend\u00e1rio estadual de datas comemorativas, e ser\u00e1 realizada, anualmente, na semana do dia 22 de junho \u2013 Dia Mundial da Osteopatia.<\/p>\n<h2 class=\"wp-block-heading\">Osteopatia trata dores, m\u00e1s posturas entre outros problemas<\/h2>\n<p>A osteopatia pode tratar problemas motores como compress\u00e3o do nervo ci\u00e1tico comum nas h\u00e9rnias de disco e travamento da regi\u00e3o lombar; dores na coluna em geral, ombro, joelho, entre outras articula\u00e7\u00f5es do corpo. Al\u00e9m disso, pode tratar problemas causados pelo sedentarismo, m\u00e1 postura, les\u00f5es esportivas, dores de cabe\u00e7a, tens\u00e3o pr\u00e9-menstrual, refluxo gastro-esof\u00e1gico, constipa\u00e7\u00e3o intestinal, dificuldade para dormir e baixa energia vital.<\/p>\n<p>\u201cSou atleta de crossfit e conheci a efici\u00eancia da medicina osteop\u00e1tica atrav\u00e9s do trabalho excelente de fisioterapeutas especializados. A osteopatia pode ser vantajosa para toda a popula\u00e7\u00e3o fluminense como uma forma de assist\u00eancia \u00e0 sa\u00fade, utilizando um m\u00e9todo natural e com resultados eficazes\u201d, destaca a deputada <a href=\"https:\/\/temporealrj.com\/discussao-sobre-adultizacao-de-menores-levantada-por-youtuber-felca-chega-a-alerj\/\">\u00cdndia Armelau<\/a>.<\/p>\n<p>A nova legisla\u00e7\u00e3o foi sancionada pelo governador Cl\u00e1udio Castro (PL) na \u00faltima sexta-feira (3).\n<\/p><\/div>\n<p><\/a><\/p>\n<p>Fonte: temporealrj.com<\/p>\n","protected":false},"excerpt":{"rendered":"<p>O Rio ter\u00e1 a Semana Estadual de Conscientiza\u00e7\u00e3o sobre a Osteopatia. A inten\u00e7\u00e3o da lei, de autoria da deputada \u00cdndia Armelau (PL), \u00e9 promover essa pr\u00e1tica da medicina alternativa, que utiliza manipula\u00e7\u00e3o e mobiliza\u00e7\u00e3o manual do sistema m\u00fasculo-esquel\u00e9tico (ossos, m\u00fasculos e articula\u00e7\u00f5es), para restaurar o equil\u00edbrio do organismo, promover a flexibilidade e aliviar desconfortos e [&hellip;]<\/p>\n","protected":false},"author":3,"featured_media":4919,"comment_status":"open","ping_status":"open","sticky":false,"template":"","format":"standard","meta":{"advanced_seo_description":"","jetpack_seo_html_title":"","jetpack_seo_noindex":false,"fifu_image_url":"https:\/\/temporealrj.com\/wp-content\/uploads\/2025\/10\/WhatsApp-Image-2025-10-07-at-18.33.07-e1759873439785.jpeg","fifu_image_alt":"","_jetpack_memberships_contains_paid_content":false,"footnotes":"","jetpack_publicize_message":"","jetpack_publicize_feature_enabled":true,"jetpack_social_post_already_shared":true,"jetpack_social_options":{"image_generator_settings":{"template":"highway","default_image_id":0,"font":"","enabled":false},"version":2}},"categories":[107],"tags":[],"class_list":{"0":"post-4918","1":"post","2":"type-post","3":"status-publish","4":"format-standard","5":"has-post-thumbnail","7":"category-economia"},"jetpack_publicize_connections":[],"jetpack_featured_media_url":"https:\/\/i0.wp.com\/temporealrj.com\/wp-content\/uploads\/2025\/10\/WhatsApp-Image-2025-10-07-at-18.33.07-e1759873439785.jpeg?fit=%2C&ssl=1","jetpack_sharing_enabled":true,"jetpack-related-posts":[],"_links":{"self":[{"href":"https:\/\/friburgonoticias.com.br\/temp\/wp-json\/wp\/v2\/posts\/4918","targetHints":{"allow":["GET"]}}],"collection":[{"href":"https:\/\/friburgonoticias.com.br\/temp\/wp-json\/wp\/v2\/posts"}],"about":[{"href":"https:\/\/friburgonoticias.com.br\/temp\/wp-json\/wp\/v2\/types\/post"}],"author":[{"embeddable":true,"href":"https:\/\/friburgonoticias.com.br\/temp\/wp-json\/wp\/v2\/users\/3"}],"replies":[{"embeddable":true,"href":"https:\/\/friburgonoticias.com.br\/temp\/wp-json\/wp\/v2\/comments?post=4918"}],"version-history":[{"count":0,"href":"https:\/\/friburgonoticias.com.br\/temp\/wp-json\/wp\/v2\/posts\/4918\/revisions"}],"wp:featuredmedia":[{"embeddable":true,"href":"https:\/\/friburgonoticias.com.br\/temp\/wp-json\/wp\/v2\/media\/4919"}],"wp:attachment":[{"href":"https:\/\/friburgonoticias.com.br\/temp\/wp-json\/wp\/v2\/media?parent=4918"}],"wp:term":[{"taxonomy":"category","embeddable":true,"href":"https:\/\/friburgonoticias.com.br\/temp\/wp-json\/wp\/v2\/categories?post=4918"},{"taxonomy":"post_tag","embeddable":true,"href":"https:\/\/friburgonoticias.com.br\/temp\/wp-json\/wp\/v2\/tags?post=4918"}],"curies":[{"name":"wp","href":"https:\/\/api.w.org\/{rel}","templated":true}]}}