{"id":4926,"date":"2025-10-08T12:22:11","date_gmt":"2025-10-08T12:22:11","guid":{"rendered":"https:\/\/friburgonoticias.com.br\/temp\/2025\/10\/08\/policia-prende-dupla-que-aplicava-golpes-em-motoristas-em-posto-de-combustivel-de-nova-friburgo\/"},"modified":"2025-10-08T12:22:11","modified_gmt":"2025-10-08T12:22:11","slug":"policia-prende-dupla-que-aplicava-golpes-em-motoristas-em-posto-de-combustivel-de-nova-friburgo","status":"publish","type":"post","link":"https:\/\/friburgonoticias.com.br\/temp\/2025\/10\/08\/policia-prende-dupla-que-aplicava-golpes-em-motoristas-em-posto-de-combustivel-de-nova-friburgo\/","title":{"rendered":"Pol\u00edcia prende dupla que aplicava golpes em motoristas em posto de combust\u00edvel de Nova Friburgo"},"content":{"rendered":"<p><\/p>\n<div>\n<p style=\"text-align: justify;\">Uma a\u00e7\u00e3o conjunta da 151\u00aa Delegacia de Pol\u00edcia e do Servi\u00e7o Reservado (P2) do 11\u00ba BPM resultou, na segunda-feira (06\/10), na pris\u00e3o em flagrante de dois homens suspeitos de aplicar golpes em motoristas que abasteciam em um posto de combust\u00edveis localizado na Avenida Engenheiro Hans Gaiser, em <a href=\"https:\/\/www.serranewsrj.com.br\/noticias\/regiao-serrana\/nova-friburgo\">Nova Friburgo<\/a>.<\/p>\n<div class=\"umc umc-post-inline umc-float-center umc-align-center umc-column-1 umc-clearfix no-bg-box-model\">\n<div id=\"umc-56146-763944194\" class=\"umc-container umc-type-image\" itemscope=\"\" itemtype=\"https:\/\/schema.org\/WPAdBlock\" data-adid=\"56146\" data-type=\"image\"><a itemprop=\"url\" class=\"umc-link\" href=\"https:\/\/macae.rj.gov.br\/\" target=\"_blank\" rel=\"nofollow\"><img loading=\"lazy\" decoding=\"async\" data-lazyloaded=\"1\" width=\"1201\" height=\"301\" class=\"umc-image\" src=\"https:\/\/www.serranewsrj.com.br\/wp-content\/uploads\/2025\/09\/1200x300-ezgif.com-webp-to-png-converter.png\" alt=\"Prefeitura de Maca\u00e9 \u2013 PI 19571 (Setembro) \u2013 1230\u00d7200 pxl\"\/><\/a><\/div>\n<\/div>\n<p style=\"text-align: justify;\">De acordo com a Pol\u00edcia Civil, os suspeitos se apresentavam como mec\u00e2nicos e abordavam clientes oferecendo \u201cverifica\u00e7\u00f5es\u201d gratuitas no \u00f3leo e no sistema de arrefecimento dos ve\u00edculos. Durante a falsa inspe\u00e7\u00e3o, induziam os motoristas a se afastarem dos autom\u00f3veis e simulavam trocas e aplica\u00e7\u00f5es de produtos com frascos vazios, cobrando valores muito acima do mercado por servi\u00e7os que n\u00e3o eram realizados.<\/p>\n<p style=\"text-align: justify;\">Um dos motoristas relatou ter pago R$ 560,00 por uma suposta troca de l\u00edquido de arrefecimento, sendo informado de que haviam utilizado seis litros do produto, vendidos a R$ 69,00 por litro \u2014 mais que o dobro do valor praticado no mercado. Ainda segundo o relato, foi cobrada uma taxa adicional por uma \u201climpeza de sistema\u201d que nunca ocorreu.<\/p>\n<p style=\"text-align: justify;\">Durante a opera\u00e7\u00e3o, foram apreendidos mais de 160 litros de l\u00edquido de arrefecimento, 153 litros de \u00f3leo, diversos filtros automotivos, m\u00e1quinas de cart\u00e3o, celulares e frascos vazios misturados aos cheios, evidenciando a pr\u00e1tica de fraude.<\/p>\n<div class=\"umc umc-post-inline umc-float-center umc-align-center umc-column-1 umc-clearfix no-bg-box-model\">\n<div id=\"umc-49250-1803108309\" class=\"umc-container umc-type-image\" itemscope=\"\" itemtype=\"https:\/\/schema.org\/WPAdBlock\" data-adid=\"49250\" data-type=\"image\"><a itemprop=\"url\" class=\"umc-link\" href=\"https:\/\/www.evosolar.com.br\/simuladorsolarrj\" target=\"_blank\" rel=\"nofollow\"><img loading=\"lazy\" decoding=\"async\" data-lazyloaded=\"1\" width=\"2560\" height=\"520\" class=\"umc-image\" src=\"https:\/\/www.serranewsrj.com.br\/wp-content\/uploads\/2025\/05\/BannerdositedaSerraNews1230x250px-ezgif.com-png-to-webp-converter-1-scaled.webp\" alt=\"Evosolar (Maio) WebP \u2013 1230 x 250 px\"\/><\/a><\/div>\n<\/div>\n<p style=\"text-align: justify;\">As investiga\u00e7\u00f5es apontam que os detidos atuavam de forma independente, utilizando o espa\u00e7o de uma loja dentro do posto, alugada por uma empresa de fachada com sede em S\u00e3o Paulo. O propriet\u00e1rio da empresa tamb\u00e9m \u00e9 investigado por envolvimento no esquema.<\/p>\n<p style=\"text-align: justify;\">Uma an\u00e1lise preliminar de uma das m\u00e1quinas de pagamento apreendidas revelou movimenta\u00e7\u00e3o de cerca de R$ 69 mil em apenas um m\u00eas, valor que inclui transa\u00e7\u00f5es feitas por Pix diretamente para contas dos envolvidos.<\/p>\n<div class=\"umc umc-post-inline umc-float-center umc-align-center umc-column-1 umc-clearfix no-bg-box-model\">\n<div id=\"umc-52933-242627018\" class=\"umc-container umc-type-image\" itemscope=\"\" itemtype=\"https:\/\/schema.org\/WPAdBlock\" data-adid=\"52933\" data-type=\"image\"><a itemprop=\"url\" class=\"umc-link\" href=\"https:\/\/jmfsaude.com.br\/\" target=\"_blank\" rel=\"nofollow\"><img loading=\"lazy\" decoding=\"async\" data-lazyloaded=\"1\" width=\"1200\" height=\"400\" class=\"umc-image\" src=\"https:\/\/www.serranewsrj.com.br\/wp-content\/uploads\/2025\/03\/bannersiteJMF-ezgif.com-png-to-webp-converter.webp\" alt=\"JMF Solu\u00e7\u00f5es em Sa\u00fade \u2013 1200\u00d7400 pxl WebP\"\/><\/a><\/div>\n<\/div>\n<p style=\"text-align: justify;\">A Pol\u00edcia Civil acredita que outras pessoas possam ter sido v\u00edtimas e solicita que eventuais lesados compare\u00e7am \u00e0 151\u00aa DP de Nova Friburgo, levando comprovantes ou registros dos servi\u00e7os realizados, para formalizar o boletim de ocorr\u00eancia.<\/p>\n<p style=\"text-align: justify;\">Os suspeitos foram autuados por estelionato e associa\u00e7\u00e3o criminosa e permanecem presos \u00e0 disposi\u00e7\u00e3o da Justi\u00e7a. Em caso de den\u00fancias ou informa\u00e7\u00f5es sobre o caso, a popula\u00e7\u00e3o pode entrar em contato pelo WhatsApp da 151\u00aa DP: (22) 98131-5050 ou pelo Disque Den\u00fancia: (21) 2537-3857. O sigilo \u00e9 garantido.<\/p>\n<blockquote class=\"instagram-media\" style=\"background: #FFF; border: 0; border-radius: 3px; box-shadow: 0 0 1px 0 rgba(0,0,0,0.5),0 1px 10px 0 rgba(0,0,0,0.15); margin: 1px; max-width: 540px; min-width: 326px; padding: 0; width: calc(100% - 2px);\" data-instgrm-permalink=\"https:\/\/www.instagram.com\/p\/DPjC29aDdpF\/?utm_source=ig_embed&amp;utm_campaign=loading\" data-instgrm-version=\"14\"\/><\/div>\n<p><script async src=\"\/\/www.instagram.com\/embed.js\"><\/script><br \/>\n<br \/><\/a><\/p>\n<p>Fonte: www.serranewsrj.com.br<\/p>\n","protected":false},"excerpt":{"rendered":"<p>Uma a\u00e7\u00e3o conjunta da 151\u00aa Delegacia de Pol\u00edcia e do Servi\u00e7o Reservado (P2) do 11\u00ba BPM resultou, na segunda-feira (06\/10), na pris\u00e3o em flagrante de dois homens suspeitos de aplicar golpes em motoristas que abasteciam em um posto de combust\u00edveis localizado na Avenida Engenheiro Hans Gaiser, em Nova Friburgo. De acordo com a Pol\u00edcia Civil, [&hellip;]<\/p>\n","protected":false},"author":3,"featured_media":4927,"comment_status":"open","ping_status":"open","sticky":false,"template":"","format":"standard","meta":{"advanced_seo_description":"","jetpack_seo_html_title":"","jetpack_seo_noindex":false,"fifu_image_url":"https:\/\/www.serranewsrj.com.br\/wp-content\/uploads\/2025\/10\/Imagem-do-WhatsApp-de-2025-10-08-as-08.15.29_353725a9.jpg","fifu_image_alt":"","_jetpack_memberships_contains_paid_content":false,"footnotes":"","jetpack_publicize_message":"","jetpack_publicize_feature_enabled":true,"jetpack_social_post_already_shared":true,"jetpack_social_options":{"image_generator_settings":{"template":"highway","default_image_id":0,"font":"","enabled":false},"version":2}},"categories":[104,1],"tags":[],"class_list":{"0":"post-4926","1":"post","2":"type-post","3":"status-publish","4":"format-standard","5":"has-post-thumbnail","7":"category-cidade","8":"category-uncategorized"},"jetpack_publicize_connections":[],"jetpack_featured_media_url":"https:\/\/i0.wp.com\/www.serranewsrj.com.br\/wp-content\/uploads\/2025\/10\/Imagem-do-WhatsApp-de-2025-10-08-as-08.15.29_353725a9.jpg?fit=%2C&ssl=1","jetpack_sharing_enabled":true,"jetpack-related-posts":[],"_links":{"self":[{"href":"https:\/\/friburgonoticias.com.br\/temp\/wp-json\/wp\/v2\/posts\/4926","targetHints":{"allow":["GET"]}}],"collection":[{"href":"https:\/\/friburgonoticias.com.br\/temp\/wp-json\/wp\/v2\/posts"}],"about":[{"href":"https:\/\/friburgonoticias.com.br\/temp\/wp-json\/wp\/v2\/types\/post"}],"author":[{"embeddable":true,"href":"https:\/\/friburgonoticias.com.br\/temp\/wp-json\/wp\/v2\/users\/3"}],"replies":[{"embeddable":true,"href":"https:\/\/friburgonoticias.com.br\/temp\/wp-json\/wp\/v2\/comments?post=4926"}],"version-history":[{"count":0,"href":"https:\/\/friburgonoticias.com.br\/temp\/wp-json\/wp\/v2\/posts\/4926\/revisions"}],"wp:featuredmedia":[{"embeddable":true,"href":"https:\/\/friburgonoticias.com.br\/temp\/wp-json\/wp\/v2\/media\/4927"}],"wp:attachment":[{"href":"https:\/\/friburgonoticias.com.br\/temp\/wp-json\/wp\/v2\/media?parent=4926"}],"wp:term":[{"taxonomy":"category","embeddable":true,"href":"https:\/\/friburgonoticias.com.br\/temp\/wp-json\/wp\/v2\/categories?post=4926"},{"taxonomy":"post_tag","embeddable":true,"href":"https:\/\/friburgonoticias.com.br\/temp\/wp-json\/wp\/v2\/tags?post=4926"}],"curies":[{"name":"wp","href":"https:\/\/api.w.org\/{rel}","templated":true}]}}