{"id":4936,"date":"2025-10-08T16:42:12","date_gmt":"2025-10-08T16:42:12","guid":{"rendered":"https:\/\/friburgonoticias.com.br\/temp\/2025\/10\/08\/netuno-do-pl-unico-vereador-de-oposicao-em-marica-e-cassado-pela-justica-eleitoral\/"},"modified":"2025-10-08T16:42:12","modified_gmt":"2025-10-08T16:42:12","slug":"netuno-do-pl-unico-vereador-de-oposicao-em-marica-e-cassado-pela-justica-eleitoral","status":"publish","type":"post","link":"https:\/\/friburgonoticias.com.br\/temp\/2025\/10\/08\/netuno-do-pl-unico-vereador-de-oposicao-em-marica-e-cassado-pela-justica-eleitoral\/","title":{"rendered":"Netuno, do PL, \u00fanico vereador de oposi\u00e7\u00e3o em Maric\u00e1, \u00e9 cassado pela Justi\u00e7a Eleitoral"},"content":{"rendered":"<p><\/p>\n<div itemprop=\"articleBody\">\nA Justi\u00e7a Eleitoral cassou, nesta ter\u00e7a-feira (7) o mandato do vereador de Maric\u00e1 Ricardo Magalh\u00e3es Garcia Gutierrez, conhecido como Ricardinho Netuno (PL), e o declarou ineleg\u00edvel por oito anos. A decis\u00e3o foi assinada pelo juiz Felipe Carvalho Gon\u00e7alves da Silva, da 55\u00aa Zona Eleitoral. O vereador \u00e9 o \u00fanico de oposi\u00e7\u00e3o na C\u00e2mara da cidade.<\/p>\n<p>De acordo com a senten\u00e7a, o parlamentar cometeu abuso dos meios de comunica\u00e7\u00e3o ao usar suas redes sociais \u2014 especialmente o Instagram, onde tem mais de 42 mil seguidores \u2014 para divulgar informa\u00e7\u00f5es sobre o Tribunal Regional Eleitoral (TRE) durante as elei\u00e7\u00f5es de 2024. As publica\u00e7\u00f5es teriam levantado suspeitas sobre suposto favorecimento do tribunal ao Partido dos Trabalhadores (PT).<\/p>\n<p>Ricardinho Netuno, por sua vez, reagiu \u00e0 decis\u00e3o afirmando ser v\u00edtima de persegui\u00e7\u00e3o pol\u00edtica.<\/p>\n<p>\u201cEst\u00e3o tentando me calar porque sou o \u00fanico vereador de oposi\u00e7\u00e3o em Maric\u00e1. Essa cassa\u00e7\u00e3o \u00e9 uma injusti\u00e7a e uma tentativa de silenciar quem pensa diferente\u201d, disse.<\/p>\n<h2 class=\"wp-block-heading\">Netuno nega ter cometido irregularidades<\/h2>\n<p>O juiz entendeu que as mensagens tiveram potencial de comprometer a confian\u00e7a nas institui\u00e7\u00f5es eleitorais e influenciar o pleito.<\/p>\n<p>O vereador ainda negou ter cometido irregularidades e defendeu o direito de manifestar suas opini\u00f5es nas redes sociais.<\/p>\n<p>\u201cO que fiz foi exercer minha liberdade de express\u00e3o. N\u00e3o ataquei a Justi\u00e7a, apenas questionei o que considero incoerente\u201d, afirmou.<\/p>\n<p>Com base no artigo 22 da Lei Complementar n\u00ba 64\/1990, o juiz determinou a cassa\u00e7\u00e3o imediata do mandato de Ricardinho Netuno, sua inelegibilidade por oito anos e a anula\u00e7\u00e3o dos votos obtidos no pleito de 2024, que seguem sub judice, conforme a Resolu\u00e7\u00e3o n\u00ba 23.611\/2019 do TSE.<\/p>\n<p>A defesa do vereador informou que vai recorrer ao Tribunal Regional Eleitoral do Rio de Janeiro (TRE-RJ), o que pode permitir que ele permane\u00e7a no cargo at\u00e9 o julgamento final do recurso. O vereador do PL foi o segundo mais votado nas elei\u00e7\u00f5es de 2024, com 6.152 votos.\n<\/p><\/div>\n<p><\/a><\/p>\n<p>Fonte: temporealrj.com<\/p>\n","protected":false},"excerpt":{"rendered":"<p>A Justi\u00e7a Eleitoral cassou, nesta ter\u00e7a-feira (7) o mandato do vereador de Maric\u00e1 Ricardo Magalh\u00e3es Garcia Gutierrez, conhecido como Ricardinho Netuno (PL), e o declarou ineleg\u00edvel por oito anos. A decis\u00e3o foi assinada pelo juiz Felipe Carvalho Gon\u00e7alves da Silva, da 55\u00aa Zona Eleitoral. O vereador \u00e9 o \u00fanico de oposi\u00e7\u00e3o na C\u00e2mara da cidade. [&hellip;]<\/p>\n","protected":false},"author":3,"featured_media":4937,"comment_status":"open","ping_status":"open","sticky":false,"template":"","format":"standard","meta":{"advanced_seo_description":"","jetpack_seo_html_title":"","jetpack_seo_noindex":false,"fifu_image_url":"https:\/\/temporealrj.com\/wp-content\/uploads\/2025\/10\/IMG_3968-e1759937979747.jpeg","fifu_image_alt":"","_jetpack_memberships_contains_paid_content":false,"footnotes":"","jetpack_publicize_message":"","jetpack_publicize_feature_enabled":true,"jetpack_social_post_already_shared":true,"jetpack_social_options":{"image_generator_settings":{"template":"highway","default_image_id":0,"font":"","enabled":false},"version":2}},"categories":[107],"tags":[],"class_list":{"0":"post-4936","1":"post","2":"type-post","3":"status-publish","4":"format-standard","5":"has-post-thumbnail","7":"category-economia"},"jetpack_publicize_connections":[],"jetpack_featured_media_url":"https:\/\/i0.wp.com\/temporealrj.com\/wp-content\/uploads\/2025\/10\/IMG_3968-e1759937979747.jpeg?fit=%2C&ssl=1","jetpack_sharing_enabled":true,"jetpack-related-posts":[],"_links":{"self":[{"href":"https:\/\/friburgonoticias.com.br\/temp\/wp-json\/wp\/v2\/posts\/4936","targetHints":{"allow":["GET"]}}],"collection":[{"href":"https:\/\/friburgonoticias.com.br\/temp\/wp-json\/wp\/v2\/posts"}],"about":[{"href":"https:\/\/friburgonoticias.com.br\/temp\/wp-json\/wp\/v2\/types\/post"}],"author":[{"embeddable":true,"href":"https:\/\/friburgonoticias.com.br\/temp\/wp-json\/wp\/v2\/users\/3"}],"replies":[{"embeddable":true,"href":"https:\/\/friburgonoticias.com.br\/temp\/wp-json\/wp\/v2\/comments?post=4936"}],"version-history":[{"count":0,"href":"https:\/\/friburgonoticias.com.br\/temp\/wp-json\/wp\/v2\/posts\/4936\/revisions"}],"wp:featuredmedia":[{"embeddable":true,"href":"https:\/\/friburgonoticias.com.br\/temp\/wp-json\/wp\/v2\/media\/4937"}],"wp:attachment":[{"href":"https:\/\/friburgonoticias.com.br\/temp\/wp-json\/wp\/v2\/media?parent=4936"}],"wp:term":[{"taxonomy":"category","embeddable":true,"href":"https:\/\/friburgonoticias.com.br\/temp\/wp-json\/wp\/v2\/categories?post=4936"},{"taxonomy":"post_tag","embeddable":true,"href":"https:\/\/friburgonoticias.com.br\/temp\/wp-json\/wp\/v2\/tags?post=4936"}],"curies":[{"name":"wp","href":"https:\/\/api.w.org\/{rel}","templated":true}]}}