{"id":4938,"date":"2025-10-08T17:02:14","date_gmt":"2025-10-08T17:02:14","guid":{"rendered":"https:\/\/friburgonoticias.com.br\/temp\/2025\/10\/08\/camara-de-japeri-cria-primeira-comissao-permanente-do-direito-da-mulher\/"},"modified":"2025-10-08T17:02:14","modified_gmt":"2025-10-08T17:02:14","slug":"camara-de-japeri-cria-primeira-comissao-permanente-do-direito-da-mulher","status":"publish","type":"post","link":"https:\/\/friburgonoticias.com.br\/temp\/2025\/10\/08\/camara-de-japeri-cria-primeira-comissao-permanente-do-direito-da-mulher\/","title":{"rendered":"C\u00e2mara de Japeri cria primeira Comiss\u00e3o Permanente do Direito da Mulher"},"content":{"rendered":"<p><\/p>\n<div itemprop=\"articleBody\">\nA <a href=\"https:\/\/www.japeri.rj.gov.br\/tag\/camara-de-vereadores\/\" target=\"_blank\" rel=\"noopener\">C\u00e2mara de Vereadores de Japeri<\/a>, na Baixada Fluminense, instituiu a Comiss\u00e3o Permanente do Direito da Mulher, um passo in\u00e9dito na hist\u00f3ria do legislativo local. A presid\u00eancia do novo colegiado ficar\u00e1 com a vereadora Dani Barros (PT), \u00fanica mulher entre os parlamentares japerienses.<\/p>\n<p>A composi\u00e7\u00e3o da comiss\u00e3o tamb\u00e9m contar\u00e1 com Wallace do Sal\u00e3o (PSD) na vice-presid\u00eancia e Marquinhos Coronel (Avante) como secret\u00e1rio. <\/p>\n<p>A cria\u00e7\u00e3o do \u00f3rg\u00e3o foi viabilizada por um projeto de resolu\u00e7\u00e3o apresentado pela pr\u00f3pria Dani Barros, que, al\u00e9m de autora da proposta, tornou-se a primeira mulher a presidir um espa\u00e7o institucional dedicado \u00e0 pauta feminina no munic\u00edpio.<\/p>\n<p>\u201cEssa conquista representa muito mais do que um cargo. \u00c9 a abertura de um espa\u00e7o que nunca existiu em Japeri e que ser\u00e1 fundamental para fortalecer a voz das mulheres, garantir direitos e propor a\u00e7\u00f5es concretas de prote\u00e7\u00e3o e valoriza\u00e7\u00e3o feminina\u201d, destacou a vereadora.\n<\/p><\/div>\n<p><\/a><\/p>\n<p>Fonte: temporealrj.com<\/p>\n","protected":false},"excerpt":{"rendered":"<p>A C\u00e2mara de Vereadores de Japeri, na Baixada Fluminense, instituiu a Comiss\u00e3o Permanente do Direito da Mulher, um passo in\u00e9dito na hist\u00f3ria do legislativo local. A presid\u00eancia do novo colegiado ficar\u00e1 com a vereadora Dani Barros (PT), \u00fanica mulher entre os parlamentares japerienses. A composi\u00e7\u00e3o da comiss\u00e3o tamb\u00e9m contar\u00e1 com Wallace do Sal\u00e3o (PSD) na [&hellip;]<\/p>\n","protected":false},"author":3,"featured_media":4939,"comment_status":"open","ping_status":"open","sticky":false,"template":"","format":"standard","meta":{"advanced_seo_description":"","jetpack_seo_html_title":"","jetpack_seo_noindex":false,"fifu_image_url":"https:\/\/temporealrj.com\/wp-content\/uploads\/2025\/10\/Captura-de-tela-2025-10-08-134007.png","fifu_image_alt":"","_jetpack_memberships_contains_paid_content":false,"footnotes":"","jetpack_publicize_message":"","jetpack_publicize_feature_enabled":true,"jetpack_social_post_already_shared":true,"jetpack_social_options":{"image_generator_settings":{"template":"highway","default_image_id":0,"font":"","enabled":false},"version":2}},"categories":[107],"tags":[],"class_list":{"0":"post-4938","1":"post","2":"type-post","3":"status-publish","4":"format-standard","5":"has-post-thumbnail","7":"category-economia"},"jetpack_publicize_connections":[],"jetpack_featured_media_url":"https:\/\/i0.wp.com\/temporealrj.com\/wp-content\/uploads\/2025\/10\/Captura-de-tela-2025-10-08-134007.png?fit=%2C&ssl=1","jetpack_sharing_enabled":true,"jetpack-related-posts":[],"_links":{"self":[{"href":"https:\/\/friburgonoticias.com.br\/temp\/wp-json\/wp\/v2\/posts\/4938","targetHints":{"allow":["GET"]}}],"collection":[{"href":"https:\/\/friburgonoticias.com.br\/temp\/wp-json\/wp\/v2\/posts"}],"about":[{"href":"https:\/\/friburgonoticias.com.br\/temp\/wp-json\/wp\/v2\/types\/post"}],"author":[{"embeddable":true,"href":"https:\/\/friburgonoticias.com.br\/temp\/wp-json\/wp\/v2\/users\/3"}],"replies":[{"embeddable":true,"href":"https:\/\/friburgonoticias.com.br\/temp\/wp-json\/wp\/v2\/comments?post=4938"}],"version-history":[{"count":0,"href":"https:\/\/friburgonoticias.com.br\/temp\/wp-json\/wp\/v2\/posts\/4938\/revisions"}],"wp:featuredmedia":[{"embeddable":true,"href":"https:\/\/friburgonoticias.com.br\/temp\/wp-json\/wp\/v2\/media\/4939"}],"wp:attachment":[{"href":"https:\/\/friburgonoticias.com.br\/temp\/wp-json\/wp\/v2\/media?parent=4938"}],"wp:term":[{"taxonomy":"category","embeddable":true,"href":"https:\/\/friburgonoticias.com.br\/temp\/wp-json\/wp\/v2\/categories?post=4938"},{"taxonomy":"post_tag","embeddable":true,"href":"https:\/\/friburgonoticias.com.br\/temp\/wp-json\/wp\/v2\/tags?post=4938"}],"curies":[{"name":"wp","href":"https:\/\/api.w.org\/{rel}","templated":true}]}}