{"id":4942,"date":"2025-10-08T19:57:13","date_gmt":"2025-10-08T19:57:13","guid":{"rendered":"https:\/\/friburgonoticias.com.br\/temp\/2025\/10\/08\/proposta-que-reduz-incentivos-fiscais-e-aumenta-depositos-em-fundo-estadual-recebe-51-emendas-e-sera-discutida-em-audiencia-na-alerj\/"},"modified":"2025-10-08T19:57:13","modified_gmt":"2025-10-08T19:57:13","slug":"proposta-que-reduz-incentivos-fiscais-e-aumenta-depositos-em-fundo-estadual-recebe-51-emendas-e-sera-discutida-em-audiencia-na-alerj","status":"publish","type":"post","link":"https:\/\/friburgonoticias.com.br\/temp\/2025\/10\/08\/proposta-que-reduz-incentivos-fiscais-e-aumenta-depositos-em-fundo-estadual-recebe-51-emendas-e-sera-discutida-em-audiencia-na-alerj\/","title":{"rendered":"Proposta que reduz incentivos fiscais e aumenta dep\u00f3sitos em fundo estadual recebe 51 emendas e ser\u00e1 discutida em audi\u00eancia na Alerj"},"content":{"rendered":"<p><\/p>\n<div itemprop=\"articleBody\">\nN\u00e3o avan\u00e7ou na Assembleia Legislativa (Alerj), nesta quarta-feira (8), o projeto do executivo que prop\u00f5e \u00e0s empresas, a partir de 2026, a <a href=\"https:\/\/temporealrj.com\/justica-isenta-petrobras-de-depositar-num-fundo-estadual-parte-dos-beneficios-que-recebe-ja-alerj-vota-aumento-do-repasse-obrigatorio\/\">redu\u00e7\u00e3o gradual dos incentivos fiscais fluminenses, por meio do Fundo Or\u00e7ament\u00e1rio Tempor\u00e1rio (FOT)<\/a>. A proposta recebeu 51 emendas e seguir\u00e1 para audi\u00eancia p\u00fablica com as comiss\u00f5es t\u00e9cnicas. Depois, os deputados far\u00e3o uma reuni\u00e3o interna para reda\u00e7\u00e3o final e, s\u00f3 ent\u00e3o, o assunto voltar\u00e1 ao plen\u00e1rio para nova discuss\u00e3o.<\/p>\n<h2 class=\"wp-block-heading\">Escalonamento do dep\u00f3sito no fundo estadual poder\u00e1 chegar a 90% em 2032<\/h2>\n<p>Pelo projeto do governo, a partir de 2027, haver\u00e1 aumento escalonado do percentual a ser depositado no fundo. Este aumento ser\u00e1 de 10% ao ano, de modo que em 2032, \u00faltimo ano em que ainda n\u00e3o estar\u00e3o em vigor as normas da Reforma Tribut\u00e1ria, as empresas tenham que devolver 90% dos incentivos executivo. <\/p>\n<p>Logo, as regras ser\u00e3o as seguintes: 40% em 2027; 50% em 2028; 60% em 2029; 70% em 2030; 80% em 2031 e 90% em 2032.<\/p>\n<p>A \u00fanica exce\u00e7\u00e3o \u00e0 regra s\u00e3o os contribuintes que, antes da publica\u00e7\u00e3o da nova medida em Di\u00e1rio Oficial, j\u00e1 tenham benef\u00edcios fiscais com data limite especificada e cumprimento de contrapartidas onerosas, conforme regulamenta\u00e7\u00f5es das legisla\u00e7\u00f5es federais vigentes. Para estes casos, o percentual de dep\u00f3sito no FOT ser\u00e1 de 18,8%.<\/p>\n<p>\u00c9 um projeto que um estudo de impacto apresentado pela Subsecretaria de Pol\u00edtica Tribut\u00e1ria (Subpot) da Secretaria de Fazenda (Sefaz) que prev\u00ea a gera\u00e7\u00e3o de incremento da arrecada\u00e7\u00e3o estadual de R$ 2,12 bilh\u00f5es para 2026. <\/p>\n<\/div>\n<p><\/a><\/p>\n<p>Fonte: temporealrj.com<\/p>\n","protected":false},"excerpt":{"rendered":"<p>N\u00e3o avan\u00e7ou na Assembleia Legislativa (Alerj), nesta quarta-feira (8), o projeto do executivo que prop\u00f5e \u00e0s empresas, a partir de 2026, a redu\u00e7\u00e3o gradual dos incentivos fiscais fluminenses, por meio do Fundo Or\u00e7ament\u00e1rio Tempor\u00e1rio (FOT). A proposta recebeu 51 emendas e seguir\u00e1 para audi\u00eancia p\u00fablica com as comiss\u00f5es t\u00e9cnicas. Depois, os deputados far\u00e3o uma reuni\u00e3o [&hellip;]<\/p>\n","protected":false},"author":3,"featured_media":4943,"comment_status":"open","ping_status":"open","sticky":false,"template":"","format":"standard","meta":{"advanced_seo_description":"","jetpack_seo_html_title":"","jetpack_seo_noindex":false,"fifu_image_url":"https:\/\/temporealrj.com\/wp-content\/uploads\/2025\/10\/IMG_9562-scaled-e1759952065169.jpg","fifu_image_alt":"","_jetpack_memberships_contains_paid_content":false,"footnotes":"","jetpack_publicize_message":"","jetpack_publicize_feature_enabled":true,"jetpack_social_post_already_shared":true,"jetpack_social_options":{"image_generator_settings":{"template":"highway","default_image_id":0,"font":"","enabled":false},"version":2}},"categories":[107],"tags":[],"class_list":{"0":"post-4942","1":"post","2":"type-post","3":"status-publish","4":"format-standard","5":"has-post-thumbnail","7":"category-economia"},"jetpack_publicize_connections":[],"jetpack_featured_media_url":"https:\/\/i0.wp.com\/temporealrj.com\/wp-content\/uploads\/2025\/10\/IMG_9562-scaled-e1759952065169.jpg?fit=%2C&ssl=1","jetpack_sharing_enabled":true,"jetpack-related-posts":[],"_links":{"self":[{"href":"https:\/\/friburgonoticias.com.br\/temp\/wp-json\/wp\/v2\/posts\/4942","targetHints":{"allow":["GET"]}}],"collection":[{"href":"https:\/\/friburgonoticias.com.br\/temp\/wp-json\/wp\/v2\/posts"}],"about":[{"href":"https:\/\/friburgonoticias.com.br\/temp\/wp-json\/wp\/v2\/types\/post"}],"author":[{"embeddable":true,"href":"https:\/\/friburgonoticias.com.br\/temp\/wp-json\/wp\/v2\/users\/3"}],"replies":[{"embeddable":true,"href":"https:\/\/friburgonoticias.com.br\/temp\/wp-json\/wp\/v2\/comments?post=4942"}],"version-history":[{"count":0,"href":"https:\/\/friburgonoticias.com.br\/temp\/wp-json\/wp\/v2\/posts\/4942\/revisions"}],"wp:featuredmedia":[{"embeddable":true,"href":"https:\/\/friburgonoticias.com.br\/temp\/wp-json\/wp\/v2\/media\/4943"}],"wp:attachment":[{"href":"https:\/\/friburgonoticias.com.br\/temp\/wp-json\/wp\/v2\/media?parent=4942"}],"wp:term":[{"taxonomy":"category","embeddable":true,"href":"https:\/\/friburgonoticias.com.br\/temp\/wp-json\/wp\/v2\/categories?post=4942"},{"taxonomy":"post_tag","embeddable":true,"href":"https:\/\/friburgonoticias.com.br\/temp\/wp-json\/wp\/v2\/tags?post=4942"}],"curies":[{"name":"wp","href":"https:\/\/api.w.org\/{rel}","templated":true}]}}