{"id":4944,"date":"2025-10-08T19:59:53","date_gmt":"2025-10-08T19:59:53","guid":{"rendered":"https:\/\/friburgonoticias.com.br\/temp\/2025\/10\/08\/comissao-aprova-projeto-que-obriga-o-condenado-a-pagar-por-custo-de-tornozeleira-eletronica-noticias\/"},"modified":"2025-10-08T19:59:53","modified_gmt":"2025-10-08T19:59:53","slug":"comissao-aprova-projeto-que-obriga-o-condenado-a-pagar-por-custo-de-tornozeleira-eletronica-noticias","status":"publish","type":"post","link":"https:\/\/friburgonoticias.com.br\/temp\/2025\/10\/08\/comissao-aprova-projeto-que-obriga-o-condenado-a-pagar-por-custo-de-tornozeleira-eletronica-noticias\/","title":{"rendered":"Comiss\u00e3o aprova projeto que obriga o condenado a pagar por custo de tornozeleira eletr\u00f4nica &#8211; Not\u00edcias"},"content":{"rendered":"<p><\/p>\n<div>\n<p class=\"g-artigo__data-hora\">\n                      08\/10\/2025 &#8211; 15:59 \u00a0\n                    <\/p>\n<div id=\"image-container-1209330\" class=\"image-container\" style=\"float: none; margin: 45px 0px; width: 100%;\" data-midia=\"1209330\">\n        <em>Bruno Spada \/ C\u00e2mara dos Deputados<\/em><\/p>\n<p>        Deputada Laura Carneiro, relatora do projeto de lei\n        <\/p><\/div>\n<p>        A Comiss\u00e3o de Constitui\u00e7\u00e3o e Justi\u00e7a e de Cidadania da C\u00e2mara dos Deputados aprovou projeto que altera a <a href=\"https:\/\/www2.camara.leg.br\/legin\/fed\/lei\/1980-1987\/lei-7210-11-julho-1984-356938-publicacaooriginal-1-pl.html\">Lei de Execu\u00e7\u00e3o Penal<\/a> para estabelecer que as despesas com o monitoramento eletr\u00f4nico sejam arcadas pelo condenado.<br \/>\n        Conforme o texto aprovado, os custos poder\u00e3o ser descontados do valor que o preso recebe por trabalho remunerado na pris\u00e3o. Apenas os condenados comprovadamente hipossuficientes, ou seja, que n\u00e3o possu\u00edrem condi\u00e7\u00f5es financeiras para se sustentar, ficar\u00e3o isentos do pagamento das despesas.<br \/>\n        Por recomenda\u00e7\u00e3o da relatora, deputada Laura Carneiro (PSD-RJ), foi aprovada a vers\u00e3o da Comiss\u00e3o de Finan\u00e7as e Tributa\u00e7\u00e3o para o <a class=\"linkProposicao\" href=\"https:\/\/www.camara.leg.br\/noticias\/530808-proposta-determina-que-condenado-pagara-pelo-custo-de-tornozeleira-eletronica\">Projeto de Lei 8806\/17<\/a>, do Senado, e outras 21 propostas que tratam do mesmo assunto.<br \/>\n        \u201cO <span id=\"4098\" class=\"termoGlossario\" title=\"Nome que se d\u00e1 ao texto que altera substancialmente o conte\u00fado original da proposta. O substitutivo \u00e9 apresentado pelo relator e tem prefer\u00eancia na vota\u00e7\u00e3o sobre o projeto original.\" contenteditable=\"false\" data-toggle=\"tooltip\" data-placement=\"top\">substitutivo<\/span> da Comiss\u00e3o de Finan\u00e7as e Tributa\u00e7\u00e3o condensa em um \u00fanico texto as contribui\u00e7\u00f5es dos diversos projetos em an\u00e1lise, propondo, ainda, inova\u00e7\u00f5es legislativas\u201d, destacou Laura Carneiro no parecer.<br \/>\n        <strong>Regras<\/strong><br \/>O substitutivo determina que o uso da tornozeleira eletr\u00f4nica ser\u00e1 condicionado ao aporte financeiro por parte daquele a quem a pena, pris\u00e3o preventiva ou pris\u00e3o cautelar foi imposta. Poder\u00e1 ser cobrado um valor peri\u00f3dico (mensal).<br \/>\n        Os valores arrecadados ser\u00e3o depositados em conta determinada pelo juiz. Ap\u00f3s a condena\u00e7\u00e3o definitiva, abastecer\u00e3o o Fundo Penitenci\u00e1rio Nacional (Funpen), que financia programas de aprimoramento do sistema penitenci\u00e1rio nacional.<br \/>\n        Em caso de absolvi\u00e7\u00e3o definitiva do preso, os valores pagos ser\u00e3o devolvidos a ele. O substitutivo prev\u00ea ainda que o condenado ou internado ter\u00e1 que devolver a tornozeleira em perfeitas condi\u00e7\u00f5es de uso e sem qualquer \u00f4nus ao Estado.<br \/>\n        <strong>Pr\u00f3ximos passos<\/strong><br \/>Como foi alterado pela C\u00e2mara dos Deputados, o projeto dever\u00e1 voltar para nova an\u00e1lise no Senado.<\/p>\n<p style=\"font-size: 0.8rem; font-weight: 700;\">Da Reportagem\/RM<br \/>Edi\u00e7\u00e3o \u2013 Roberto Seabra<\/p>\n<\/p><\/div>\n<p><\/a><\/p>\n<p>Fonte: www.camara.leg.br<\/p>\n","protected":false},"excerpt":{"rendered":"<p>08\/10\/2025 &#8211; 15:59 \u00a0 Bruno Spada \/ C\u00e2mara dos Deputados Deputada Laura Carneiro, relatora do projeto de lei A Comiss\u00e3o de Constitui\u00e7\u00e3o e Justi\u00e7a e de Cidadania da C\u00e2mara dos Deputados aprovou projeto que altera a Lei de Execu\u00e7\u00e3o Penal para estabelecer que as despesas com o monitoramento eletr\u00f4nico sejam arcadas pelo condenado. Conforme o [&hellip;]<\/p>\n","protected":false},"author":3,"featured_media":4945,"comment_status":"open","ping_status":"open","sticky":false,"template":"","format":"standard","meta":{"advanced_seo_description":"","jetpack_seo_html_title":"","jetpack_seo_noindex":false,"fifu_image_url":"https:\/\/www.camara.leg.br\/midias\/image\/2025\/10\/img20250930164153036-1-768x473.jpg","fifu_image_alt":"","_jetpack_memberships_contains_paid_content":false,"footnotes":"","jetpack_publicize_message":"","jetpack_publicize_feature_enabled":true,"jetpack_social_post_already_shared":true,"jetpack_social_options":{"image_generator_settings":{"template":"highway","default_image_id":0,"font":"","enabled":false},"version":2}},"categories":[106,1],"tags":[],"class_list":{"0":"post-4944","1":"post","2":"type-post","3":"status-publish","4":"format-standard","5":"has-post-thumbnail","7":"category-politica","8":"category-uncategorized"},"jetpack_publicize_connections":[],"jetpack_featured_media_url":"https:\/\/i0.wp.com\/www.camara.leg.br\/midias\/image\/2025\/10\/img20250930164153036-1-768x473.jpg?fit=%2C&ssl=1","jetpack_sharing_enabled":true,"jetpack-related-posts":[],"_links":{"self":[{"href":"https:\/\/friburgonoticias.com.br\/temp\/wp-json\/wp\/v2\/posts\/4944","targetHints":{"allow":["GET"]}}],"collection":[{"href":"https:\/\/friburgonoticias.com.br\/temp\/wp-json\/wp\/v2\/posts"}],"about":[{"href":"https:\/\/friburgonoticias.com.br\/temp\/wp-json\/wp\/v2\/types\/post"}],"author":[{"embeddable":true,"href":"https:\/\/friburgonoticias.com.br\/temp\/wp-json\/wp\/v2\/users\/3"}],"replies":[{"embeddable":true,"href":"https:\/\/friburgonoticias.com.br\/temp\/wp-json\/wp\/v2\/comments?post=4944"}],"version-history":[{"count":0,"href":"https:\/\/friburgonoticias.com.br\/temp\/wp-json\/wp\/v2\/posts\/4944\/revisions"}],"wp:featuredmedia":[{"embeddable":true,"href":"https:\/\/friburgonoticias.com.br\/temp\/wp-json\/wp\/v2\/media\/4945"}],"wp:attachment":[{"href":"https:\/\/friburgonoticias.com.br\/temp\/wp-json\/wp\/v2\/media?parent=4944"}],"wp:term":[{"taxonomy":"category","embeddable":true,"href":"https:\/\/friburgonoticias.com.br\/temp\/wp-json\/wp\/v2\/categories?post=4944"},{"taxonomy":"post_tag","embeddable":true,"href":"https:\/\/friburgonoticias.com.br\/temp\/wp-json\/wp\/v2\/tags?post=4944"}],"curies":[{"name":"wp","href":"https:\/\/api.w.org\/{rel}","templated":true}]}}