{"id":5010,"date":"2025-10-11T16:14:40","date_gmt":"2025-10-11T16:14:40","guid":{"rendered":"https:\/\/friburgonoticias.com.br\/temp\/2025\/10\/11\/vereador-carioca-da-cidade-de-deus-recebera-na-onu-premio-por-atuacao-na-educacao\/"},"modified":"2025-10-11T16:14:40","modified_gmt":"2025-10-11T16:14:40","slug":"vereador-carioca-da-cidade-de-deus-recebera-na-onu-premio-por-atuacao-na-educacao","status":"publish","type":"post","link":"https:\/\/friburgonoticias.com.br\/temp\/2025\/10\/11\/vereador-carioca-da-cidade-de-deus-recebera-na-onu-premio-por-atuacao-na-educacao\/","title":{"rendered":"Vereador carioca da Cidade de Deus receber\u00e1, na ONU, pr\u00eamio por atua\u00e7\u00e3o na Educa\u00e7\u00e3o"},"content":{"rendered":"<p><\/p>\n<div itemprop=\"articleBody\">\nO vereador Salvino Oliveira (PSD), presidente da Comiss\u00e3o de Educa\u00e7\u00e3o da C\u00e2mara do Rio, foi eleito Jovem Ativista Global na categoria Educa\u00e7\u00e3o pela <a href=\"https:\/\/www.youngactivistssummit.org\/events\" target=\"_blank\" rel=\"noopener\">Young Activists Summit<\/a>, institui\u00e7\u00e3o independente, parceira da Organiza\u00e7\u00e3o das Na\u00e7\u00f5es Unidas (ONU), que capacita e apoia jovens ativistas na defesa dos direitos humanos e meio ambiente.<\/p>\n<p>O an\u00fancio foi feito esta semana. Todo ano, s\u00e3o escolhidos cinco jovens l\u00edderes de todo o mundo que tenham se destacado nessas \u00e1reas de atua\u00e7\u00e3o. Este ano, al\u00e9m de Salvino, h\u00e1 representantes da Costa do Marfim, L\u00edbano, \u00cdndia e Jap\u00e3o. Todos com idade entre 17 e 27 anos.<\/p>\n<h2 class=\"wp-block-heading\">Projeto de educa\u00e7\u00e3o com a Unesco formou jovens l\u00edderes em favelas cariocas<\/h2>\n<p>O parlamentar se elegeu em 2024 para seu primeiro mandato. Nascido e criado na Cidade de Deus, Zona Oeste, come\u00e7ou o ativismo em defesa da Educa\u00e7\u00e3o aos 15 anos, quando criou um curso pr\u00e9-vestibular comunit\u00e1rio na favela. Antes foi secret\u00e1rio municipal da Juventude, onde criou projeto como o <a href=\"https:\/\/temporealrj.com\/pacto-da-juventude-abre-600-vagas-para-capacitar-moradores-de-favelas-do-rio\/\">Pacto pela Juventude<\/a>, em parceria com a Unesco, para forma\u00e7\u00e3o de jovens l\u00edderes em favelas cariocas.<\/p>\n<p>\u201cSempre digo que n\u00e3o existe meritocracia. Porque as condi\u00e7\u00f5es de acesso \u00e0 Educa\u00e7\u00e3o no Brasil n\u00e3o s\u00e3o iguais para todos. Eu tive a sorte de ser selecionado, ainda crian\u00e7a, para estudar numa escola de excel\u00eancia, que \u00e9 o Pedro II. E ali eu vi como a nossa realidade na favela era cruel\u201d, afirma.<\/p>\n<p>A premia\u00e7\u00e3o ser\u00e1 no dia 20 de novembro na sede da ONU em Genebra, na Su\u00ed\u00e7a.\n<\/p><\/div>\n<p><\/a><\/p>\n<p>Fonte: temporealrj.com<\/p>\n","protected":false},"excerpt":{"rendered":"<p>O vereador Salvino Oliveira (PSD), presidente da Comiss\u00e3o de Educa\u00e7\u00e3o da C\u00e2mara do Rio, foi eleito Jovem Ativista Global na categoria Educa\u00e7\u00e3o pela Young Activists Summit, institui\u00e7\u00e3o independente, parceira da Organiza\u00e7\u00e3o das Na\u00e7\u00f5es Unidas (ONU), que capacita e apoia jovens ativistas na defesa dos direitos humanos e meio ambiente. O an\u00fancio foi feito esta semana. [&hellip;]<\/p>\n","protected":false},"author":3,"featured_media":5011,"comment_status":"open","ping_status":"open","sticky":false,"template":"","format":"standard","meta":{"advanced_seo_description":"","jetpack_seo_html_title":"","jetpack_seo_noindex":false,"fifu_image_url":"https:\/\/temporealrj.com\/wp-content\/uploads\/2025\/10\/IMG_7285-2-scaled-e1760196583789.jpg","fifu_image_alt":"","_jetpack_memberships_contains_paid_content":false,"footnotes":"","jetpack_publicize_message":"","jetpack_publicize_feature_enabled":true,"jetpack_social_post_already_shared":true,"jetpack_social_options":{"image_generator_settings":{"template":"highway","default_image_id":0,"font":"","enabled":false},"version":2}},"categories":[107],"tags":[],"class_list":{"0":"post-5010","1":"post","2":"type-post","3":"status-publish","4":"format-standard","5":"has-post-thumbnail","7":"category-economia"},"jetpack_publicize_connections":[],"jetpack_featured_media_url":"https:\/\/i0.wp.com\/temporealrj.com\/wp-content\/uploads\/2025\/10\/IMG_7285-2-scaled-e1760196583789.jpg?fit=%2C&ssl=1","jetpack_sharing_enabled":true,"jetpack-related-posts":[],"_links":{"self":[{"href":"https:\/\/friburgonoticias.com.br\/temp\/wp-json\/wp\/v2\/posts\/5010","targetHints":{"allow":["GET"]}}],"collection":[{"href":"https:\/\/friburgonoticias.com.br\/temp\/wp-json\/wp\/v2\/posts"}],"about":[{"href":"https:\/\/friburgonoticias.com.br\/temp\/wp-json\/wp\/v2\/types\/post"}],"author":[{"embeddable":true,"href":"https:\/\/friburgonoticias.com.br\/temp\/wp-json\/wp\/v2\/users\/3"}],"replies":[{"embeddable":true,"href":"https:\/\/friburgonoticias.com.br\/temp\/wp-json\/wp\/v2\/comments?post=5010"}],"version-history":[{"count":0,"href":"https:\/\/friburgonoticias.com.br\/temp\/wp-json\/wp\/v2\/posts\/5010\/revisions"}],"wp:featuredmedia":[{"embeddable":true,"href":"https:\/\/friburgonoticias.com.br\/temp\/wp-json\/wp\/v2\/media\/5011"}],"wp:attachment":[{"href":"https:\/\/friburgonoticias.com.br\/temp\/wp-json\/wp\/v2\/media?parent=5010"}],"wp:term":[{"taxonomy":"category","embeddable":true,"href":"https:\/\/friburgonoticias.com.br\/temp\/wp-json\/wp\/v2\/categories?post=5010"},{"taxonomy":"post_tag","embeddable":true,"href":"https:\/\/friburgonoticias.com.br\/temp\/wp-json\/wp\/v2\/tags?post=5010"}],"curies":[{"name":"wp","href":"https:\/\/api.w.org\/{rel}","templated":true}]}}