{"id":5012,"date":"2025-10-11T17:57:17","date_gmt":"2025-10-11T17:57:17","guid":{"rendered":"https:\/\/friburgonoticias.com.br\/temp\/2025\/10\/11\/hospital-veterinario-de-iraja-e-inaugurado-por-eduardo-paes-neste-sabado\/"},"modified":"2025-10-11T17:57:17","modified_gmt":"2025-10-11T17:57:17","slug":"hospital-veterinario-de-iraja-e-inaugurado-por-eduardo-paes-neste-sabado","status":"publish","type":"post","link":"https:\/\/friburgonoticias.com.br\/temp\/2025\/10\/11\/hospital-veterinario-de-iraja-e-inaugurado-por-eduardo-paes-neste-sabado\/","title":{"rendered":"Hospital veterin\u00e1rio de Iraj\u00e1 \u00e9 inaugurado por Eduardo Paes neste s\u00e1bado"},"content":{"rendered":"<p><\/p>\n<div itemprop=\"articleBody\">\nA partir deste s\u00e1bado (11), o bairro de Iraj\u00e1, na Zona Norte, ter\u00e1 uma unidade municipal de sa\u00fade veterin\u00e1ria. O prefeito Eduardo Paes (PSD) inaugurou, ao lado do secret\u00e1rio municipal de Prote\u00e7\u00e3o Defesa dos Animais, Luiz Ramos Filho, o Hospital Veterin\u00e1rio S\u00e3o Francisco de Assis.<\/p>\n<p>\u2013 A causa animal deve ser tratada com respeito. Animais n\u00e3o s\u00e3o seres humanos, mas n\u00f3s somos seres humanos. E, como seres humanos, temos que ter esse cuidado, esse carinho com os animais. A gente pode inovar muito nesse mandato, fazendo equipamentos de muita qualidade, especialmente hospitais, para atendimento aos nossos pets, nossos animais. Este \u00e9 mais um espa\u00e7o desses, de muita qualidade \u2013, afirmou Paes.<\/p>\n<p>Ramos Filho destacou que, com tr\u00eas hospitais veterin\u00e1rios, o munic\u00edpio j\u00e1 pode se considerar uma refer\u00eancia no pa\u00eds.\u00a0<\/p>\n<p>\u2013 \u00c9 muito importante a gente investir na sa\u00fade dos nossos pets, porque a gente tamb\u00e9m vai estar investindo na sa\u00fade mental das pessoas que t\u00eam muita dificuldade em cuidar desses animaizinhos. \u00c9 fundamental a gente aumentar as pol\u00edticas p\u00fablicas \u2013 disse. <a href=\"https:\/\/temporealrj.com\/hospital-veterinario-de-iraja-ficara-sob-a-responsabilidade-da-secretaria-de-saude\/\">O hospital veterin\u00e1rio ficar\u00e1 sob a responsabilidade da secretaria municipal de Sa\u00fade.<\/a><\/p>\n<p>Os outros dois hospitais dedicados ao tratamento dos pets, ficam em Santa Cruz e na Mangueira.<\/p>\n<h2 class=\"wp-block-heading\">Moradora de Iraj\u00e1, vereadora reivindicava hospital veterin\u00e1rio no bairro<\/h2>\n<p>Militante da causa animal, a vereadora Rosa Fernandes (PSD), moradora do bairro e presente na inaugura\u00e7\u00e3o, foi a primeira parlamentar a reivindicar a constru\u00e7\u00e3o de uma unidade em Iraj\u00e1, e chegou a destinar, por dois anos, as emendas a que tem direito para a instala\u00e7\u00e3o de um hospital pet na regi\u00e3o. No total, ela chegou a direcionar mais de R$ 1 milh\u00e3o para a causa, nos dois or\u00e7amentos.\u00a0\n<\/p><\/div>\n<p><\/a><\/p>\n<p>Fonte: temporealrj.com<\/p>\n","protected":false},"excerpt":{"rendered":"<p>A partir deste s\u00e1bado (11), o bairro de Iraj\u00e1, na Zona Norte, ter\u00e1 uma unidade municipal de sa\u00fade veterin\u00e1ria. O prefeito Eduardo Paes (PSD) inaugurou, ao lado do secret\u00e1rio municipal de Prote\u00e7\u00e3o Defesa dos Animais, Luiz Ramos Filho, o Hospital Veterin\u00e1rio S\u00e3o Francisco de Assis. \u2013 A causa animal deve ser tratada com respeito. Animais [&hellip;]<\/p>\n","protected":false},"author":3,"featured_media":5013,"comment_status":"open","ping_status":"open","sticky":false,"template":"","format":"standard","meta":{"advanced_seo_description":"","jetpack_seo_html_title":"","jetpack_seo_noindex":false,"fifu_image_url":"https:\/\/temporealrj.com\/wp-content\/uploads\/2025\/10\/Hospital-Vet3-scaled-e1760204154896.jpg","fifu_image_alt":"","_jetpack_memberships_contains_paid_content":false,"footnotes":"","jetpack_publicize_message":"","jetpack_publicize_feature_enabled":true,"jetpack_social_post_already_shared":true,"jetpack_social_options":{"image_generator_settings":{"template":"highway","default_image_id":0,"font":"","enabled":false},"version":2}},"categories":[106,1],"tags":[],"class_list":{"0":"post-5012","1":"post","2":"type-post","3":"status-publish","4":"format-standard","5":"has-post-thumbnail","7":"category-politica","8":"category-uncategorized"},"jetpack_publicize_connections":[],"jetpack_featured_media_url":"https:\/\/i0.wp.com\/temporealrj.com\/wp-content\/uploads\/2025\/10\/Hospital-Vet3-scaled-e1760204154896.jpg?fit=%2C&ssl=1","jetpack_sharing_enabled":true,"jetpack-related-posts":[],"_links":{"self":[{"href":"https:\/\/friburgonoticias.com.br\/temp\/wp-json\/wp\/v2\/posts\/5012","targetHints":{"allow":["GET"]}}],"collection":[{"href":"https:\/\/friburgonoticias.com.br\/temp\/wp-json\/wp\/v2\/posts"}],"about":[{"href":"https:\/\/friburgonoticias.com.br\/temp\/wp-json\/wp\/v2\/types\/post"}],"author":[{"embeddable":true,"href":"https:\/\/friburgonoticias.com.br\/temp\/wp-json\/wp\/v2\/users\/3"}],"replies":[{"embeddable":true,"href":"https:\/\/friburgonoticias.com.br\/temp\/wp-json\/wp\/v2\/comments?post=5012"}],"version-history":[{"count":0,"href":"https:\/\/friburgonoticias.com.br\/temp\/wp-json\/wp\/v2\/posts\/5012\/revisions"}],"wp:featuredmedia":[{"embeddable":true,"href":"https:\/\/friburgonoticias.com.br\/temp\/wp-json\/wp\/v2\/media\/5013"}],"wp:attachment":[{"href":"https:\/\/friburgonoticias.com.br\/temp\/wp-json\/wp\/v2\/media?parent=5012"}],"wp:term":[{"taxonomy":"category","embeddable":true,"href":"https:\/\/friburgonoticias.com.br\/temp\/wp-json\/wp\/v2\/categories?post=5012"},{"taxonomy":"post_tag","embeddable":true,"href":"https:\/\/friburgonoticias.com.br\/temp\/wp-json\/wp\/v2\/tags?post=5012"}],"curies":[{"name":"wp","href":"https:\/\/api.w.org\/{rel}","templated":true}]}}