{"id":5028,"date":"2025-10-13T16:47:20","date_gmt":"2025-10-13T16:47:20","guid":{"rendered":"https:\/\/friburgonoticias.com.br\/temp\/2025\/10\/13\/comissao-aprova-cadastro-de-agressores-de-pessoas-vulneraveis-noticias\/"},"modified":"2025-10-13T16:47:20","modified_gmt":"2025-10-13T16:47:20","slug":"comissao-aprova-cadastro-de-agressores-de-pessoas-vulneraveis-noticias","status":"publish","type":"post","link":"https:\/\/friburgonoticias.com.br\/temp\/2025\/10\/13\/comissao-aprova-cadastro-de-agressores-de-pessoas-vulneraveis-noticias\/","title":{"rendered":"Comiss\u00e3o aprova cadastro de agressores de pessoas vulner\u00e1veis &#8211; Not\u00edcias"},"content":{"rendered":"<p><\/p>\n<div>\n<p class=\"g-artigo__data-hora\">\n                      13\/10\/2025 &#8211; 13:02 \u00a0\n                    <\/p>\n<div id=\"image-container-1210841\" class=\"image-container\" style=\"float: none; margin: 45px 0px; width: 100%;\" data-midia=\"1210841\">\n        <em>Renato Ara\u00fajo\/C\u00e2mara dos Deputados<\/em><\/p>\n<p>        Laura Carneiro: cadastro vai ajudar a prevenir novos casos de viol\u00eancia e abuso\n        <\/p><\/div>\n<p>        A Comiss\u00e3o de Previd\u00eancia, Assist\u00eancia Social, Inf\u00e2ncia, Adolesc\u00eancia e Fam\u00edlia\u00a0 da C\u00e2mara dos Deputados aprovou projeto de lei que cria o Cadastro Nacional de Combate \u00e0 Viol\u00eancia contra Vulner\u00e1veis.<br \/>\n        O objetivo \u00e9 reunir informa\u00e7\u00f5es sobre indiv\u00edduos condenados por crimes sexuais, maus-tratos e outros delitos contra pessoas vulner\u00e1veis.<br \/>\n        Por recomenda\u00e7\u00e3o da relatora, deputada Laura Carneiro (PSD-RJ), foi aprovada a <a href=\"https:\/\/www.camara.leg.br\/noticias\/1103114-COMISSAO-APROVA-CRIACAO-DO-CADASTRO-DE-COMBATE-A-VIOLENCIA-CONTRA-VULNERAVEIS\">vers\u00e3o da Comiss\u00e3o de Seguran\u00e7a P\u00fablica<\/a> para o <a class=\"linkProposicao\" href=\"https:\/\/www.camara.leg.br\/noticias\/1047688-projeto-institui-o-cadastro-nacional-de-combate-a-violencia-contra-vulneraveis\">Projeto de Lei 828\/24<\/a>, do deputado Victor Linhalis (Pode-ES). O <span id=\"4098\" class=\"termoGlossario\" title=\"Nome que se d\u00e1 ao texto que altera substancialmente o conte\u00fado original da proposta. O substitutivo \u00e9 apresentado pelo relator e tem prefer\u00eancia na vota\u00e7\u00e3o sobre o projeto original.\" contenteditable=\"false\" data-toggle=\"tooltip\" data-placement=\"top\">substitutivo<\/span> ampliou o alcance da proposta original.<\/p>\n<p>        \u201cA difus\u00e3o da informa\u00e7\u00e3o visa prevenir novos casos de viol\u00eancia e abuso, promovendo um ambiente mais seguro para o desenvolvimento de crian\u00e7as e adolescentes\u201d, afirmou\u00a0 Laura Carneiro.<br \/>\n        Pelo texto aprovado, o novo cadastro ser\u00e1 iniciado com dados j\u00e1 existentes no <a href=\"https:\/\/www2.camara.leg.br\/legin\/fed\/lei\/2020\/lei-14069-1-outubro-2020-790698-norma-pl.html\">Cadastro Nacional de Pessoas Condenadas por Crime de Estupro<\/a>.<br \/>\n        <strong>Vulner\u00e1veis<\/strong><br \/>A proposta considera vulner\u00e1veis:<\/p>\n<ul>\n<li>crian\u00e7as;<\/li>\n<li>adolescentes;<\/li>\n<li>idosos;<\/li>\n<li>pessoas com defici\u00eancia que tenham limita\u00e7\u00f5es na autonomia; e<\/li>\n<li>doentes, pessoas sedadas, desalojadas, desabrigadas, refugiadas e outras sem autonomia plena, enquanto estiverem nessas condi\u00e7\u00f5es.<\/li>\n<\/ul>\n<p>        <strong>Consulta<\/strong><br \/>A consulta ao novo cadastro poder\u00e1 ser realizada por respons\u00e1veis legais e gestores de institui\u00e7\u00f5es educacionais, esportivas ou de assist\u00eancia social que tenham sob cuidado pessoas vulner\u00e1veis ou legalmente dependentes.<br \/>\n        O acesso \u00e0s informa\u00e7\u00f5es respeitar\u00e1 a <a href=\"https:\/\/www2.camara.leg.br\/legin\/fed\/lei\/2018\/lei-13709-14-agosto-2018-787077-norma-pl.html\">Lei Geral de Prote\u00e7\u00e3o de Dados<\/a> (LGPD), garantindo-se a prote\u00e7\u00e3o dos dados pessoais e a privacidade dos indiv\u00edduos registrados, exceto na medida necess\u00e1ria para a prote\u00e7\u00e3o das pessoas vulner\u00e1veis.<br \/>\n        <strong>Pr\u00f3ximos passos<\/strong><br \/>O projeto, que tramita em <span id=\"4322\" class=\"termoGlossario\" title=\"Rito de tramita\u00e7\u00e3o pelo qual o projeto \u00e9 votado apenas pelas comiss\u00f5es designadas para analis\u00e1-lo, dispensada a delibera\u00e7\u00e3o do Plen\u00e1rio. O projeto perde o car\u00e1ter conclusivo se houver decis\u00e3o divergente entre as comiss\u00f5es ou se, independentemente de ser aprovado ou rejeitado, houver recurso assinado por 52 deputados para a aprecia\u00e7\u00e3o da mat\u00e9ria no Plen\u00e1rio.\" contenteditable=\"false\" data-toggle=\"tooltip\" data-placement=\"top\">car\u00e1ter conclusivo<\/span>, ser\u00e1 ainda analisado pela Comiss\u00e3o de Constitui\u00e7\u00e3o e Justi\u00e7a e de Cidadania.<br \/>\n        Para virar lei, o texto precisa ser aprovado pela C\u00e2mara e pelo Senado.<\/p>\n<p style=\"font-size: 0.8rem; font-weight: 700;\">Reportagem \u2013 Luiz Gustavo Xavier<br \/>Edi\u00e7\u00e3o \u2013 Marcelo Oliveira<\/p>\n<\/p><\/div>\n<p><\/a><\/p>\n<p>Fonte: www.camara.leg.br<\/p>\n","protected":false},"excerpt":{"rendered":"<p>13\/10\/2025 &#8211; 13:02 \u00a0 Renato Ara\u00fajo\/C\u00e2mara dos Deputados Laura Carneiro: cadastro vai ajudar a prevenir novos casos de viol\u00eancia e abuso A Comiss\u00e3o de Previd\u00eancia, Assist\u00eancia Social, Inf\u00e2ncia, Adolesc\u00eancia e Fam\u00edlia\u00a0 da C\u00e2mara dos Deputados aprovou projeto de lei que cria o Cadastro Nacional de Combate \u00e0 Viol\u00eancia contra Vulner\u00e1veis. O objetivo \u00e9 reunir informa\u00e7\u00f5es [&hellip;]<\/p>\n","protected":false},"author":3,"featured_media":5029,"comment_status":"open","ping_status":"open","sticky":false,"template":"","format":"standard","meta":{"advanced_seo_description":"","jetpack_seo_html_title":"","jetpack_seo_noindex":false,"fifu_image_url":"https:\/\/www.camara.leg.br\/midias\/image\/2025\/10\/img20251007132605198-2-768x473.jpg","fifu_image_alt":"","_jetpack_memberships_contains_paid_content":false,"footnotes":"","jetpack_publicize_message":"","jetpack_publicize_feature_enabled":true,"jetpack_social_post_already_shared":true,"jetpack_social_options":{"image_generator_settings":{"template":"highway","default_image_id":0,"font":"","enabled":false},"version":2}},"categories":[106,1],"tags":[],"class_list":{"0":"post-5028","1":"post","2":"type-post","3":"status-publish","4":"format-standard","5":"has-post-thumbnail","7":"category-politica","8":"category-uncategorized"},"jetpack_publicize_connections":[],"jetpack_featured_media_url":"https:\/\/i0.wp.com\/www.camara.leg.br\/midias\/image\/2025\/10\/img20251007132605198-2-768x473.jpg?fit=%2C&ssl=1","jetpack_sharing_enabled":true,"jetpack-related-posts":[],"_links":{"self":[{"href":"https:\/\/friburgonoticias.com.br\/temp\/wp-json\/wp\/v2\/posts\/5028","targetHints":{"allow":["GET"]}}],"collection":[{"href":"https:\/\/friburgonoticias.com.br\/temp\/wp-json\/wp\/v2\/posts"}],"about":[{"href":"https:\/\/friburgonoticias.com.br\/temp\/wp-json\/wp\/v2\/types\/post"}],"author":[{"embeddable":true,"href":"https:\/\/friburgonoticias.com.br\/temp\/wp-json\/wp\/v2\/users\/3"}],"replies":[{"embeddable":true,"href":"https:\/\/friburgonoticias.com.br\/temp\/wp-json\/wp\/v2\/comments?post=5028"}],"version-history":[{"count":0,"href":"https:\/\/friburgonoticias.com.br\/temp\/wp-json\/wp\/v2\/posts\/5028\/revisions"}],"wp:featuredmedia":[{"embeddable":true,"href":"https:\/\/friburgonoticias.com.br\/temp\/wp-json\/wp\/v2\/media\/5029"}],"wp:attachment":[{"href":"https:\/\/friburgonoticias.com.br\/temp\/wp-json\/wp\/v2\/media?parent=5028"}],"wp:term":[{"taxonomy":"category","embeddable":true,"href":"https:\/\/friburgonoticias.com.br\/temp\/wp-json\/wp\/v2\/categories?post=5028"},{"taxonomy":"post_tag","embeddable":true,"href":"https:\/\/friburgonoticias.com.br\/temp\/wp-json\/wp\/v2\/tags?post=5028"}],"curies":[{"name":"wp","href":"https:\/\/api.w.org\/{rel}","templated":true}]}}