{"id":5068,"date":"2025-10-14T22:17:22","date_gmt":"2025-10-14T22:17:22","guid":{"rendered":"https:\/\/friburgonoticias.com.br\/temp\/2025\/10\/14\/rio-tera-a-semana-da-paternidade-atipica-celebrada-na-primeira-semana-de-agosto\/"},"modified":"2025-10-14T22:17:22","modified_gmt":"2025-10-14T22:17:22","slug":"rio-tera-a-semana-da-paternidade-atipica-celebrada-na-primeira-semana-de-agosto","status":"publish","type":"post","link":"https:\/\/friburgonoticias.com.br\/temp\/2025\/10\/14\/rio-tera-a-semana-da-paternidade-atipica-celebrada-na-primeira-semana-de-agosto\/","title":{"rendered":"Rio ter\u00e1 a Semana da Paternidade At\u00edpica, celebrada na primeira semana de agosto"},"content":{"rendered":"<p><\/p>\n<div itemprop=\"articleBody\">\nO prefeito Eduardo Paes (PSD) sancionou, nesta ter\u00e7a-feira (14) a lei que institui a Semana da Paternidade At\u00edpica no calend\u00e1rio oficial do Rio. De autoria do vereador Paulo Messina (PL), a data ser\u00e1 celebrada anualmente na primeira semana de agosto.<\/p>\n<p>A proposta tem como objetivo valorizar os pais at\u00edpicos, ou seja, que permanecem presentes na vida de filhos com defici\u00eancia e incentivar a responsabilidade paterna. \u201cMuito se fala das m\u00e3es, mas quase nada se fala dos pais porque, infelizmente, 78% dos pais abandonam os filhos deficientes at\u00e9 os cinco anos de idade\u201d, afirma <a href=\"https:\/\/www.camara.rio\/vereadores\/paulo-messina\" target=\"_blank\" rel=\"noopener\">Messina<\/a>, que \u00e9 pai de g\u00eameos autistas.<\/p>\n<\/div>\n<p><\/a><\/p>\n<p>Fonte: temporealrj.com<\/p>\n","protected":false},"excerpt":{"rendered":"<p>O prefeito Eduardo Paes (PSD) sancionou, nesta ter\u00e7a-feira (14) a lei que institui a Semana da Paternidade At\u00edpica no calend\u00e1rio oficial do Rio. De autoria do vereador Paulo Messina (PL), a data ser\u00e1 celebrada anualmente na primeira semana de agosto. A proposta tem como objetivo valorizar os pais at\u00edpicos, ou seja, que permanecem presentes na [&hellip;]<\/p>\n","protected":false},"author":3,"featured_media":5069,"comment_status":"open","ping_status":"open","sticky":false,"template":"","format":"standard","meta":{"advanced_seo_description":"","jetpack_seo_html_title":"","jetpack_seo_noindex":false,"fifu_image_url":"https:\/\/temporealrj.com\/wp-content\/uploads\/2025\/10\/54823748148_c0376fcf93_c-e1760477795546.jpg","fifu_image_alt":"","_jetpack_memberships_contains_paid_content":false,"footnotes":"","jetpack_publicize_message":"","jetpack_publicize_feature_enabled":true,"jetpack_social_post_already_shared":true,"jetpack_social_options":{"image_generator_settings":{"template":"highway","default_image_id":0,"font":"","enabled":false},"version":2}},"categories":[106,1],"tags":[],"class_list":{"0":"post-5068","1":"post","2":"type-post","3":"status-publish","4":"format-standard","5":"has-post-thumbnail","7":"category-politica","8":"category-uncategorized"},"jetpack_publicize_connections":[],"jetpack_featured_media_url":"https:\/\/i0.wp.com\/temporealrj.com\/wp-content\/uploads\/2025\/10\/54823748148_c0376fcf93_c-e1760477795546.jpg?fit=%2C&ssl=1","jetpack_sharing_enabled":true,"jetpack-related-posts":[],"_links":{"self":[{"href":"https:\/\/friburgonoticias.com.br\/temp\/wp-json\/wp\/v2\/posts\/5068","targetHints":{"allow":["GET"]}}],"collection":[{"href":"https:\/\/friburgonoticias.com.br\/temp\/wp-json\/wp\/v2\/posts"}],"about":[{"href":"https:\/\/friburgonoticias.com.br\/temp\/wp-json\/wp\/v2\/types\/post"}],"author":[{"embeddable":true,"href":"https:\/\/friburgonoticias.com.br\/temp\/wp-json\/wp\/v2\/users\/3"}],"replies":[{"embeddable":true,"href":"https:\/\/friburgonoticias.com.br\/temp\/wp-json\/wp\/v2\/comments?post=5068"}],"version-history":[{"count":0,"href":"https:\/\/friburgonoticias.com.br\/temp\/wp-json\/wp\/v2\/posts\/5068\/revisions"}],"wp:featuredmedia":[{"embeddable":true,"href":"https:\/\/friburgonoticias.com.br\/temp\/wp-json\/wp\/v2\/media\/5069"}],"wp:attachment":[{"href":"https:\/\/friburgonoticias.com.br\/temp\/wp-json\/wp\/v2\/media?parent=5068"}],"wp:term":[{"taxonomy":"category","embeddable":true,"href":"https:\/\/friburgonoticias.com.br\/temp\/wp-json\/wp\/v2\/categories?post=5068"},{"taxonomy":"post_tag","embeddable":true,"href":"https:\/\/friburgonoticias.com.br\/temp\/wp-json\/wp\/v2\/tags?post=5068"}],"curies":[{"name":"wp","href":"https:\/\/api.w.org\/{rel}","templated":true}]}}