{"id":5070,"date":"2025-10-14T23:52:17","date_gmt":"2025-10-14T23:52:17","guid":{"rendered":"https:\/\/friburgonoticias.com.br\/temp\/2025\/10\/14\/ccj-aprova-projeto-que-permite-formacao-de-consorcios-entre-escritorios-de-advocacia-noticias\/"},"modified":"2025-10-14T23:52:17","modified_gmt":"2025-10-14T23:52:17","slug":"ccj-aprova-projeto-que-permite-formacao-de-consorcios-entre-escritorios-de-advocacia-noticias","status":"publish","type":"post","link":"https:\/\/friburgonoticias.com.br\/temp\/2025\/10\/14\/ccj-aprova-projeto-que-permite-formacao-de-consorcios-entre-escritorios-de-advocacia-noticias\/","title":{"rendered":"CCJ aprova projeto que permite forma\u00e7\u00e3o de cons\u00f3rcios entre escrit\u00f3rios de advocacia &#8211; Not\u00edcias"},"content":{"rendered":"<p><\/p>\n<div>\n<div>\n<p class=\"g-artigo__data-hora\">\n                      14\/10\/2025 &#8211; 19:00 \u00a0\n                    <\/p>\n<div id=\"image-container-1211744\" class=\"image-container\" style=\"float: none; margin: 45px 0px; width: 100%;\" data-midia=\"1211744\">\n        <em>Vinicius Loures\/C\u00e2mara dos Deputados<\/em><\/p>\n<p>        Deputado Roberto Duarte, relator na CCJ\n        <\/p><\/div>\n<p>        A Comiss\u00e3o de Constitui\u00e7\u00e3o e Justi\u00e7a e de Cidadania da C\u00e2mara dos Deputados aprovou o <a class=\"linkProposicao\" href=\"https:\/\/www.camara.leg.br\/noticias\/565115-proposta-permite-criacao-de-consorcio-entre-escritorios-de-advocacia\">Projeto de Lei 3716\/19<\/a>, que permite a forma\u00e7\u00e3o de cons\u00f3rcios entre sociedades de advogados para presta\u00e7\u00e3o de servi\u00e7os jur\u00eddicos, com a delimita\u00e7\u00e3o do \u00e2mbito de atua\u00e7\u00e3o e das responsabilidades de cada parte. A proposta \u00e9 da ex-deputada e atual senadora Dorinha Seabra Rezende (Uni\u00e3o-TO) e muda o <a href=\"https:\/\/www2.camara.leg.br\/legin\/fed\/lei\/1994\/lei-8906-4-julho-1994-349751-norma-pl.html\">Estatuto da Advocacia<\/a>.<br \/>\n        Para o relator, deputado Roberto Duarte (Republicanos-AC), a crescente especializa\u00e7\u00e3o na advocacia demanda uma colabora\u00e7\u00e3o mais estruturada entre os escrit\u00f3rios, que atualmente ocorre por meio de subcontrata\u00e7\u00f5es ou fus\u00f5es, resultando em bitributa\u00e7\u00e3o ou informalidade.<br \/>\n        &#8220;A cria\u00e7\u00e3o de cons\u00f3rcios regulados facilitar\u00e1 parcerias\u00a0 transparentes, delimitando responsabilidades e reduzindo custos para os clientes, ao mesmo tempo em que fortalece o controle \u00e9tico exercido pela OAB (Ordem dos Advogados do Brasil)&#8221;, disse.<br \/>\n        Segundo Duarte, a proposta moderniza o Estatuto da Advocacia, promovendo efici\u00eancia e competitividade no setor jur\u00eddico, sem comprometer as normas \u00e9ticas ou os interesses dos clientes.<br \/>\n        O texto segue para o Senado, caso n\u00e3o haja recurso para an\u00e1lise pelo Plen\u00e1rio da C\u00e2mara. Para virar lei, a proposta precisa ser aprovada pela C\u00e2mara e pelo Senado.<\/p>\n<p style=\"font-size: 0.8rem; font-weight: 700;\">Reportagem \u2013  Tiago Miranda<br \/>Edi\u00e7\u00e3o \u2013 Roberto Seabra<\/p>\n<\/p><\/div>\n<\/p><\/div>\n<p><\/a><\/p>\n<p>Fonte: www.camara.leg.br<\/p>\n","protected":false},"excerpt":{"rendered":"<p>14\/10\/2025 &#8211; 19:00 \u00a0 Vinicius Loures\/C\u00e2mara dos Deputados Deputado Roberto Duarte, relator na CCJ A Comiss\u00e3o de Constitui\u00e7\u00e3o e Justi\u00e7a e de Cidadania da C\u00e2mara dos Deputados aprovou o Projeto de Lei 3716\/19, que permite a forma\u00e7\u00e3o de cons\u00f3rcios entre sociedades de advogados para presta\u00e7\u00e3o de servi\u00e7os jur\u00eddicos, com a delimita\u00e7\u00e3o do \u00e2mbito de atua\u00e7\u00e3o [&hellip;]<\/p>\n","protected":false},"author":3,"featured_media":5071,"comment_status":"open","ping_status":"open","sticky":false,"template":"","format":"standard","meta":{"advanced_seo_description":"","jetpack_seo_html_title":"","jetpack_seo_noindex":false,"fifu_image_url":"https:\/\/www.camara.leg.br\/midias\/image\/2025\/10\/img20240619122742412-768x473.jpg","fifu_image_alt":"","_jetpack_memberships_contains_paid_content":false,"footnotes":"","jetpack_publicize_message":"","jetpack_publicize_feature_enabled":true,"jetpack_social_post_already_shared":true,"jetpack_social_options":{"image_generator_settings":{"template":"highway","default_image_id":0,"font":"","enabled":false},"version":2}},"categories":[106,1],"tags":[],"class_list":{"0":"post-5070","1":"post","2":"type-post","3":"status-publish","4":"format-standard","5":"has-post-thumbnail","7":"category-politica","8":"category-uncategorized"},"jetpack_publicize_connections":[],"jetpack_featured_media_url":"https:\/\/i0.wp.com\/www.camara.leg.br\/midias\/image\/2025\/10\/img20240619122742412-768x473.jpg?fit=%2C&ssl=1","jetpack_sharing_enabled":true,"jetpack-related-posts":[],"_links":{"self":[{"href":"https:\/\/friburgonoticias.com.br\/temp\/wp-json\/wp\/v2\/posts\/5070","targetHints":{"allow":["GET"]}}],"collection":[{"href":"https:\/\/friburgonoticias.com.br\/temp\/wp-json\/wp\/v2\/posts"}],"about":[{"href":"https:\/\/friburgonoticias.com.br\/temp\/wp-json\/wp\/v2\/types\/post"}],"author":[{"embeddable":true,"href":"https:\/\/friburgonoticias.com.br\/temp\/wp-json\/wp\/v2\/users\/3"}],"replies":[{"embeddable":true,"href":"https:\/\/friburgonoticias.com.br\/temp\/wp-json\/wp\/v2\/comments?post=5070"}],"version-history":[{"count":0,"href":"https:\/\/friburgonoticias.com.br\/temp\/wp-json\/wp\/v2\/posts\/5070\/revisions"}],"wp:featuredmedia":[{"embeddable":true,"href":"https:\/\/friburgonoticias.com.br\/temp\/wp-json\/wp\/v2\/media\/5071"}],"wp:attachment":[{"href":"https:\/\/friburgonoticias.com.br\/temp\/wp-json\/wp\/v2\/media?parent=5070"}],"wp:term":[{"taxonomy":"category","embeddable":true,"href":"https:\/\/friburgonoticias.com.br\/temp\/wp-json\/wp\/v2\/categories?post=5070"},{"taxonomy":"post_tag","embeddable":true,"href":"https:\/\/friburgonoticias.com.br\/temp\/wp-json\/wp\/v2\/tags?post=5070"}],"curies":[{"name":"wp","href":"https:\/\/api.w.org\/{rel}","templated":true}]}}