{"id":5116,"date":"2025-10-16T12:07:20","date_gmt":"2025-10-16T12:07:20","guid":{"rendered":"https:\/\/friburgonoticias.com.br\/temp\/2025\/10\/16\/comissao-de-transportes-da-camara-do-rio-vai-debater-troca-de-brt-por-vlt-nesta-quinta-feira-16\/"},"modified":"2025-10-16T12:07:20","modified_gmt":"2025-10-16T12:07:20","slug":"comissao-de-transportes-da-camara-do-rio-vai-debater-troca-de-brt-por-vlt-nesta-quinta-feira-16","status":"publish","type":"post","link":"https:\/\/friburgonoticias.com.br\/temp\/2025\/10\/16\/comissao-de-transportes-da-camara-do-rio-vai-debater-troca-de-brt-por-vlt-nesta-quinta-feira-16\/","title":{"rendered":"Comiss\u00e3o de Transportes da C\u00e2mara do Rio vai debater troca de BRT por VLT, nesta quinta-feira (16)"},"content":{"rendered":"<p><\/p>\n<div itemprop=\"articleBody\">\nA <a href=\"https:\/\/temporealrj.com\/paes-vai-enviar-a-camara-projeto-que-preve-implantacao-de-vlt-na-transoeste-e-na-transcarioca\/\">substitui\u00e7\u00e3o de todo o sistema de \u00f4nibus articulados BRT pelo Ve\u00edculo Leve sobre Trilhos<\/a> ( VLT) ser\u00e1 alvo de debate na manh\u00e3 desta quinta-feira (16), em audi\u00eancia p\u00fablica no plen\u00e1rio da C\u00e2mara do Rio. A iniciativa \u00e9 da Comiss\u00e3o Permanente de Transporte da casa, por conta de um projeto do prefeito Eduardo Paes (PSD), que prev\u00ea a troca do modelo de transporte.<\/p>\n<p>\u201cQueremos ouvir t\u00e9cnicos, especialistas e, principalmente, os usu\u00e1rios do sistema, para que qualquer decis\u00e3o seja tomada com transpar\u00eancia e responsabilidade\u201d, afirma o vereador Marcelo Diniz (PSD), presidente da comiss\u00e3o, que faz parte da base do governo.<\/p>\n<p><a href=\"https:\/\/temporealrj.com\/troca-dos-brts-por-vlts-sera-discutida-em-audiencia-publica-na-camara\/\">Esta \u00e9 a segunda audi\u00eancia<\/a> da comiss\u00e3o para analisar o Projeto de Lei Complementar 56\/2025, enviado pelo prefeito no dia 05 de agosto. O PLC prev\u00ea a substitui\u00e7\u00e3o do atual sistema de \u00f4nibus articulados do BRT por modais VLT, Ve\u00edculo Leve sobre Pneus (VLP) ou similares. <\/p>\n<p>Pelo modelo de concess\u00e3o patrocinada, caber\u00e1 \u00e0 iniciativa privada investir em infraestrutura, opera\u00e7\u00e3o, manuten\u00e7\u00e3o e poss\u00edveis amplia\u00e7\u00f5es do sistema. O VLT, tamb\u00e9m chamado de \u201cbonde el\u00e9trico\u201d, j\u00e1 opera no Centro do Rio interligando modais como a esta\u00e7\u00e3o das barcas, na Pra\u00e7a Quinze, a rodovi\u00e1ria, na Leopoldina, e o Aeroporto Santos Dumont. <\/p>\n<h2 class=\"wp-block-heading\">Primeiro BRT foi inaugurado em 2012, na Zona Oeste<\/h2>\n<p>O primeiro corredor BRT do Rio, o Transoeste, foi inaugurado em junho de 2012, na Zona Oeste, ligando a Barra a Santa Cruz e Campo Grande, seguido do Transcarioca, unido a Barra ao Aeroporto Internacional do Rio Gale\u00e3o-Tom Jobim, na Ilha do Governador e o Transol\u00edmpica, da Barra a Deodoro. Ap\u00f3s um per\u00edodo de quatro anos parado, durante a gest\u00e3o de Marcelo Crivella (Republicanos), o corredor Transbrasil foi conclu\u00eddo em 2024, j\u00e1 na atual gest\u00e3o de Paes.\n<\/p><\/div>\n<p><\/a><\/p>\n<p>Fonte: temporealrj.com<\/p>\n","protected":false},"excerpt":{"rendered":"<p>A substitui\u00e7\u00e3o de todo o sistema de \u00f4nibus articulados BRT pelo Ve\u00edculo Leve sobre Trilhos ( VLT) ser\u00e1 alvo de debate na manh\u00e3 desta quinta-feira (16), em audi\u00eancia p\u00fablica no plen\u00e1rio da C\u00e2mara do Rio. A iniciativa \u00e9 da Comiss\u00e3o Permanente de Transporte da casa, por conta de um projeto do prefeito Eduardo Paes (PSD), [&hellip;]<\/p>\n","protected":false},"author":3,"featured_media":5117,"comment_status":"open","ping_status":"open","sticky":false,"template":"","format":"standard","meta":{"advanced_seo_description":"","jetpack_seo_html_title":"","jetpack_seo_noindex":false,"fifu_image_url":"https:\/\/temporealrj.com\/wp-content\/uploads\/2025\/10\/53634180793_9640e5f081_c-e1760565818805.jpg","fifu_image_alt":"","_jetpack_memberships_contains_paid_content":false,"footnotes":"","jetpack_publicize_message":"","jetpack_publicize_feature_enabled":true,"jetpack_social_post_already_shared":true,"jetpack_social_options":{"image_generator_settings":{"template":"highway","default_image_id":0,"font":"","enabled":false},"version":2}},"categories":[106,1],"tags":[],"class_list":{"0":"post-5116","1":"post","2":"type-post","3":"status-publish","4":"format-standard","5":"has-post-thumbnail","7":"category-politica","8":"category-uncategorized"},"jetpack_publicize_connections":[],"jetpack_featured_media_url":"https:\/\/i0.wp.com\/temporealrj.com\/wp-content\/uploads\/2025\/10\/53634180793_9640e5f081_c-e1760565818805.jpg?fit=%2C&ssl=1","jetpack_sharing_enabled":true,"jetpack-related-posts":[],"_links":{"self":[{"href":"https:\/\/friburgonoticias.com.br\/temp\/wp-json\/wp\/v2\/posts\/5116","targetHints":{"allow":["GET"]}}],"collection":[{"href":"https:\/\/friburgonoticias.com.br\/temp\/wp-json\/wp\/v2\/posts"}],"about":[{"href":"https:\/\/friburgonoticias.com.br\/temp\/wp-json\/wp\/v2\/types\/post"}],"author":[{"embeddable":true,"href":"https:\/\/friburgonoticias.com.br\/temp\/wp-json\/wp\/v2\/users\/3"}],"replies":[{"embeddable":true,"href":"https:\/\/friburgonoticias.com.br\/temp\/wp-json\/wp\/v2\/comments?post=5116"}],"version-history":[{"count":0,"href":"https:\/\/friburgonoticias.com.br\/temp\/wp-json\/wp\/v2\/posts\/5116\/revisions"}],"wp:featuredmedia":[{"embeddable":true,"href":"https:\/\/friburgonoticias.com.br\/temp\/wp-json\/wp\/v2\/media\/5117"}],"wp:attachment":[{"href":"https:\/\/friburgonoticias.com.br\/temp\/wp-json\/wp\/v2\/media?parent=5116"}],"wp:term":[{"taxonomy":"category","embeddable":true,"href":"https:\/\/friburgonoticias.com.br\/temp\/wp-json\/wp\/v2\/categories?post=5116"},{"taxonomy":"post_tag","embeddable":true,"href":"https:\/\/friburgonoticias.com.br\/temp\/wp-json\/wp\/v2\/tags?post=5116"}],"curies":[{"name":"wp","href":"https:\/\/api.w.org\/{rel}","templated":true}]}}