{"id":5118,"date":"2025-10-16T13:51:12","date_gmt":"2025-10-16T13:51:12","guid":{"rendered":"https:\/\/friburgonoticias.com.br\/temp\/2025\/10\/16\/comissao-debate-politica-de-saude-bucal-como-direito-humano-noticias\/"},"modified":"2025-10-16T13:51:12","modified_gmt":"2025-10-16T13:51:12","slug":"comissao-debate-politica-de-saude-bucal-como-direito-humano-noticias","status":"publish","type":"post","link":"https:\/\/friburgonoticias.com.br\/temp\/2025\/10\/16\/comissao-debate-politica-de-saude-bucal-como-direito-humano-noticias\/","title":{"rendered":"Comiss\u00e3o debate pol\u00edtica de sa\u00fade bucal como direito humano &#8211; Not\u00edcias"},"content":{"rendered":"<p><\/p>\n<div>\n<div>\n<p class=\"g-artigo__data-hora\">\n                      16\/10\/2025 &#8211; 08:22 \u00a0\n                    <\/p>\n<div id=\"image-container-1211969\" class=\"image-container\" style=\"float: none; margin: 45px 0px; width: 100%;\" data-midia=\"1211969\">\n        <em>El\u00f3i Corr\u00eaa\/GOVBA<\/em><\/p>\n<p>        Deputada diz que, apesar dos avan\u00e7os, h\u00e1 muita desigualdade no acesso aos servi\u00e7os\n        <\/p><\/div>\n<p data-start=\"55\" data-end=\"305\">A Comiss\u00e3o de Direitos Humanos, Minorias e Igualdade Racial da C\u00e2mara dos Deputados promove, nesta quinta-feira (16), audi\u00eancia p\u00fablica sobre o tema &#8220;Pol\u00edtica de Sa\u00fade Bucal como Direito Humano&#8221;.<\/p>\n<p data-start=\"55\" data-end=\"305\">O debate foi proposto pela deputada Erika Kokay (PT-DF) e ser\u00e1 realizado \u00e0s 15 horas, no plen\u00e1rio 9.<\/p>\n<p>        A deputada destaca que a sa\u00fade bucal \u00e9 parte essencial da sa\u00fade integral e da dignidade humana, e sua garantia como direito de todos e dever do Estado est\u00e1 amparada na Constitui\u00e7\u00e3o e nas diretrizes do Sistema \u00danico de Sa\u00fade (SUS).<br \/>\n        Mas observa que, apesar dos avan\u00e7os conquistados com a <a href=\"https:\/\/www2.camara.leg.br\/legin\/fed\/lei\/2023\/lei-14572-8-maio-2023-794156-norma-pl.html\">Pol\u00edtica Nacional de Sa\u00fade Bucal<\/a>, que incorporou o cuidado odontol\u00f3gico \u00e0 estrutura do SUS, persistem desigualdades no acesso aos servi\u00e7os odontol\u00f3gicos, especialmente entre popula\u00e7\u00f5es em situa\u00e7\u00e3o de vulnerabilidade social.<\/p>\n<p data-start=\"628\" data-end=\"990\">Erika Kokay diz ainda que desafios relacionados ao financiamento da pol\u00edtica, \u00e0 descontinuidade de programas e \u00e0 precariza\u00e7\u00e3o das condi\u00e7\u00f5es de trabalho de profissionais da odontologia evidenciam a necessidade urgente de fortalecer essa \u00e1rea no sistema de sa\u00fade.<\/p>\n<p data-start=\"992\" data-end=\"1228\">&#8220;Frente a esse contexto, torna-se indispens\u00e1vel ampliar o debate p\u00fablico sobre a sa\u00fade bucal como direito humano, com vistas \u00e0 produ\u00e7\u00e3o de estrat\u00e9gias que fortale\u00e7am sua presen\u00e7a no SUS&#8221;.<\/p>\n<p style=\"font-size: 0.8rem; font-weight: 700;\">Da Reda\u00e7\u00e3o &#8211; MB<\/p>\n<\/p><\/div>\n<\/p><\/div>\n<p><\/a><\/p>\n<p>Fonte: www.camara.leg.br<\/p>\n","protected":false},"excerpt":{"rendered":"<p>16\/10\/2025 &#8211; 08:22 \u00a0 El\u00f3i Corr\u00eaa\/GOVBA Deputada diz que, apesar dos avan\u00e7os, h\u00e1 muita desigualdade no acesso aos servi\u00e7os A Comiss\u00e3o de Direitos Humanos, Minorias e Igualdade Racial da C\u00e2mara dos Deputados promove, nesta quinta-feira (16), audi\u00eancia p\u00fablica sobre o tema &#8220;Pol\u00edtica de Sa\u00fade Bucal como Direito Humano&#8221;. O debate foi proposto pela deputada Erika [&hellip;]<\/p>\n","protected":false},"author":3,"featured_media":5119,"comment_status":"open","ping_status":"open","sticky":false,"template":"","format":"standard","meta":{"advanced_seo_description":"","jetpack_seo_html_title":"","jetpack_seo_noindex":false,"fifu_image_url":"https:\/\/www.camara.leg.br\/midias\/image\/2025\/10\/img20220307120414238-768x512.jpg","fifu_image_alt":"","_jetpack_memberships_contains_paid_content":false,"footnotes":"","jetpack_publicize_message":"","jetpack_publicize_feature_enabled":true,"jetpack_social_post_already_shared":true,"jetpack_social_options":{"image_generator_settings":{"template":"highway","default_image_id":0,"font":"","enabled":false},"version":2}},"categories":[106,1],"tags":[],"class_list":{"0":"post-5118","1":"post","2":"type-post","3":"status-publish","4":"format-standard","5":"has-post-thumbnail","7":"category-politica","8":"category-uncategorized"},"jetpack_publicize_connections":[],"jetpack_featured_media_url":"https:\/\/i0.wp.com\/www.camara.leg.br\/midias\/image\/2025\/10\/img20220307120414238-768x512.jpg?fit=%2C&ssl=1","jetpack_sharing_enabled":true,"jetpack-related-posts":[],"_links":{"self":[{"href":"https:\/\/friburgonoticias.com.br\/temp\/wp-json\/wp\/v2\/posts\/5118","targetHints":{"allow":["GET"]}}],"collection":[{"href":"https:\/\/friburgonoticias.com.br\/temp\/wp-json\/wp\/v2\/posts"}],"about":[{"href":"https:\/\/friburgonoticias.com.br\/temp\/wp-json\/wp\/v2\/types\/post"}],"author":[{"embeddable":true,"href":"https:\/\/friburgonoticias.com.br\/temp\/wp-json\/wp\/v2\/users\/3"}],"replies":[{"embeddable":true,"href":"https:\/\/friburgonoticias.com.br\/temp\/wp-json\/wp\/v2\/comments?post=5118"}],"version-history":[{"count":0,"href":"https:\/\/friburgonoticias.com.br\/temp\/wp-json\/wp\/v2\/posts\/5118\/revisions"}],"wp:featuredmedia":[{"embeddable":true,"href":"https:\/\/friburgonoticias.com.br\/temp\/wp-json\/wp\/v2\/media\/5119"}],"wp:attachment":[{"href":"https:\/\/friburgonoticias.com.br\/temp\/wp-json\/wp\/v2\/media?parent=5118"}],"wp:term":[{"taxonomy":"category","embeddable":true,"href":"https:\/\/friburgonoticias.com.br\/temp\/wp-json\/wp\/v2\/categories?post=5118"},{"taxonomy":"post_tag","embeddable":true,"href":"https:\/\/friburgonoticias.com.br\/temp\/wp-json\/wp\/v2\/tags?post=5118"}],"curies":[{"name":"wp","href":"https:\/\/api.w.org\/{rel}","templated":true}]}}