{"id":5126,"date":"2025-10-16T15:43:33","date_gmt":"2025-10-16T15:43:33","guid":{"rendered":"https:\/\/friburgonoticias.com.br\/temp\/2025\/10\/16\/justica-proibe-vereadores-de-entrarem-em-escolas-publicas-de-niteroi-sem-autorizacao\/"},"modified":"2025-10-16T15:43:33","modified_gmt":"2025-10-16T15:43:33","slug":"justica-proibe-vereadores-de-entrarem-em-escolas-publicas-de-niteroi-sem-autorizacao","status":"publish","type":"post","link":"https:\/\/friburgonoticias.com.br\/temp\/2025\/10\/16\/justica-proibe-vereadores-de-entrarem-em-escolas-publicas-de-niteroi-sem-autorizacao\/","title":{"rendered":"Justi\u00e7a pro\u00edbe vereadores de entrarem em escolas p\u00fablicas de Niter\u00f3i sem autoriza\u00e7\u00e3o"},"content":{"rendered":"<p><\/p>\n<div itemprop=\"articleBody\">\nA Justi\u00e7a de <a href=\"https:\/\/temporealrj.com\/prefeitura-de-niteroi-prorroga-contrato-de-r-24-milhoes-para-gestao-do-parque-rural\/\">Niter\u00f3i<\/a> suspendeu a entrada de vereadores em escolas p\u00fablicas do munic\u00edpio sem uma autoriza\u00e7\u00e3o ou aviso pr\u00e9vio. A decis\u00e3o, publicada nesta quarta-feira (15), tamb\u00e9m pro\u00edbe que parlamentares filmem e divulguem imagens de alunos feitas sem o consentimento dos respons\u00e1veis.<\/p>\n<p>A determina\u00e7\u00e3o atende a uma a\u00e7\u00e3o movida pela Prefeitura contra os vereadores Eduardo Paiva (PL), Fernanda Louback (PL) e Professor T\u00falio (PSOL). Nas \u00faltimas semanas, os parlamentares compartilharam, nas redes sociais, den\u00fancias de supostas irregularidades em escolas p\u00fablicas das redes. As postagens usavam imagens feitas durante visitas n\u00e3o agendadas aos col\u00e9gios.<\/p>\n<h2 class=\"wp-block-heading\">V\u00eddeos feitos em escolas p\u00fablicas da rede devem ser removidos<\/h2>\n<p>Al\u00e9m da proibi\u00e7\u00e3o, a decis\u00e3o tamb\u00e9m determina que as postagens de material gravado em visitas n\u00e3o autorizadas sejam removidas das redes at\u00e9 sexta (17). Futuras visitas dever\u00e3o ser previamente anunciadas \u00e0 Secretaria de Educa\u00e7\u00e3o de <a href=\"https:\/\/temporealrj.com\/vlt-em-niteroi-governo-federal-autoriza-financiamento-de-r-450-milhoes-para-inicio-das-obras\/\">Niter\u00f3i<\/a> e comunicadas em autoriza\u00e7\u00e3o formal da C\u00e2mara. A multa di\u00e1ria para casos de descumprimento \u00e9 de R$ 5 mil, podendo chegar a R$ 250 mil por r\u00e9u.\n<\/div>\n<p><\/a><\/p>\n<p>Fonte: temporealrj.com<\/p>\n","protected":false},"excerpt":{"rendered":"<p>A Justi\u00e7a de Niter\u00f3i suspendeu a entrada de vereadores em escolas p\u00fablicas do munic\u00edpio sem uma autoriza\u00e7\u00e3o ou aviso pr\u00e9vio. A decis\u00e3o, publicada nesta quarta-feira (15), tamb\u00e9m pro\u00edbe que parlamentares filmem e divulguem imagens de alunos feitas sem o consentimento dos respons\u00e1veis. A determina\u00e7\u00e3o atende a uma a\u00e7\u00e3o movida pela Prefeitura contra os vereadores Eduardo [&hellip;]<\/p>\n","protected":false},"author":3,"featured_media":5127,"comment_status":"open","ping_status":"open","sticky":false,"template":"","format":"standard","meta":{"advanced_seo_description":"","jetpack_seo_html_title":"","jetpack_seo_noindex":false,"fifu_image_url":"https:\/\/temporealrj.com\/wp-content\/uploads\/2025\/10\/escola-alberto-torres-niteroi-secretaria-municipal-educacao.jpg","fifu_image_alt":"","_jetpack_memberships_contains_paid_content":false,"footnotes":"","jetpack_publicize_message":"","jetpack_publicize_feature_enabled":true,"jetpack_social_post_already_shared":true,"jetpack_social_options":{"image_generator_settings":{"template":"highway","default_image_id":0,"font":"","enabled":false},"version":2}},"categories":[107],"tags":[],"class_list":{"0":"post-5126","1":"post","2":"type-post","3":"status-publish","4":"format-standard","5":"has-post-thumbnail","7":"category-economia"},"jetpack_publicize_connections":[],"jetpack_featured_media_url":"https:\/\/i0.wp.com\/temporealrj.com\/wp-content\/uploads\/2025\/10\/escola-alberto-torres-niteroi-secretaria-municipal-educacao.jpg?fit=%2C&ssl=1","jetpack_sharing_enabled":true,"jetpack-related-posts":[],"_links":{"self":[{"href":"https:\/\/friburgonoticias.com.br\/temp\/wp-json\/wp\/v2\/posts\/5126","targetHints":{"allow":["GET"]}}],"collection":[{"href":"https:\/\/friburgonoticias.com.br\/temp\/wp-json\/wp\/v2\/posts"}],"about":[{"href":"https:\/\/friburgonoticias.com.br\/temp\/wp-json\/wp\/v2\/types\/post"}],"author":[{"embeddable":true,"href":"https:\/\/friburgonoticias.com.br\/temp\/wp-json\/wp\/v2\/users\/3"}],"replies":[{"embeddable":true,"href":"https:\/\/friburgonoticias.com.br\/temp\/wp-json\/wp\/v2\/comments?post=5126"}],"version-history":[{"count":0,"href":"https:\/\/friburgonoticias.com.br\/temp\/wp-json\/wp\/v2\/posts\/5126\/revisions"}],"wp:featuredmedia":[{"embeddable":true,"href":"https:\/\/friburgonoticias.com.br\/temp\/wp-json\/wp\/v2\/media\/5127"}],"wp:attachment":[{"href":"https:\/\/friburgonoticias.com.br\/temp\/wp-json\/wp\/v2\/media?parent=5126"}],"wp:term":[{"taxonomy":"category","embeddable":true,"href":"https:\/\/friburgonoticias.com.br\/temp\/wp-json\/wp\/v2\/categories?post=5126"},{"taxonomy":"post_tag","embeddable":true,"href":"https:\/\/friburgonoticias.com.br\/temp\/wp-json\/wp\/v2\/tags?post=5126"}],"curies":[{"name":"wp","href":"https:\/\/api.w.org\/{rel}","templated":true}]}}