{"id":5138,"date":"2025-10-16T19:34:45","date_gmt":"2025-10-16T19:34:45","guid":{"rendered":"https:\/\/friburgonoticias.com.br\/temp\/2025\/10\/16\/comissao-aprova-cadastro-de-condenados-por-violencia-contra-criancas-adolescentes-noticias\/"},"modified":"2025-10-16T19:34:45","modified_gmt":"2025-10-16T19:34:45","slug":"comissao-aprova-cadastro-de-condenados-por-violencia-contra-criancas-adolescentes-noticias","status":"publish","type":"post","link":"https:\/\/friburgonoticias.com.br\/temp\/2025\/10\/16\/comissao-aprova-cadastro-de-condenados-por-violencia-contra-criancas-adolescentes-noticias\/","title":{"rendered":"Comiss\u00e3o aprova cadastro de condenados por viol\u00eancia contra crian\u00e7as adolescentes &#8211; Not\u00edcias"},"content":{"rendered":"<p><\/p>\n<div>\n<p class=\"g-artigo__data-hora\">\n                      16\/10\/2025 &#8211; 16:01 \u00a0\n                    <\/p>\n<div id=\"image-container-1212867\" class=\"image-container\" style=\"float: none; margin: 45px 0px; width: 100%;\" data-midia=\"1212867\">\n        <em>Renato Ara\u00fajo\/C\u00e2mara dos Deputados<\/em><\/p>\n<p>        Deputada Laura Carneiro, relatora\n        <\/p><\/div>\n<p>        A Comiss\u00e3o de Previd\u00eancia, Assist\u00eancia Social, Inf\u00e2ncia, Adolesc\u00eancia e Fam\u00edlia aprovou projeto de lei que cria o Cadastro Nacional de Pessoas Condenadas por Viol\u00eancia Contra a Crian\u00e7a ou Adolescente (CNVCA).<br \/>\n        O CNVCA deve incluir dados de condenados em senten\u00e7a definitiva por crimes previstos no <a href=\"https:\/\/www2.camara.leg.br\/legin\/fed\/declei\/1940-1949\/decreto-lei-2848-7-dezembro-1940-412868-norma-pe.html\">C\u00f3digo Penal<\/a> e no <a href=\"https:\/\/www2.camara.leg.br\/legin\/fed\/lei\/1990\/lei-8069-13-julho-1990-372211-norma-pl.html\">Estatuto da Crian\u00e7a e do Adolescente (ECA)<\/a>. Entre esses crimes est\u00e3o: homic\u00eddio, maus-tratos, sequestro de menor de 18 anos, estupro de vulner\u00e1vel, tr\u00e1fico de crian\u00e7as, pornografia infantil e explora\u00e7\u00e3o sexual de menores.<br \/>\n        O cadastro ser\u00e1 formado com as seguintes informa\u00e7\u00f5es do condenado: nome completo, identidade, CPF, filia\u00e7\u00e3o, endere\u00e7o, biometria (foto frontal e digitais), perfil gen\u00e9tico (DNA) e o crime praticado contra crian\u00e7a ou adolescente.<br \/>\n        A gest\u00e3o do banco de dados ser\u00e1 feita pelo governo federal, que dever\u00e1 permitir a comunica\u00e7\u00e3o e o compartilhamento de informa\u00e7\u00f5es entre os \u00f3rg\u00e3os de seguran\u00e7a p\u00fablica federais e estaduais. Os membros dos conselhos tutelares, no exerc\u00edcio de suas fun\u00e7\u00f5es, tamb\u00e9m ter\u00e3o acesso facilitado para consultas ao sistema.<br \/>\n        O texto aprovado foi o <span id=\"4098\" class=\"termoGlossario\" title=\"Nome que se d\u00e1 ao texto que altera substancialmente o conte\u00fado original da proposta. O substitutivo \u00e9 apresentado pelo relator e tem prefer\u00eancia na vota\u00e7\u00e3o sobre o projeto original.\" contenteditable=\"false\" data-toggle=\"tooltip\" data-placement=\"top\">substitutivo<\/span> da relatora, deputada Laura Carneiro (PSD-RJ), ao Projeto de Lei 2303\/24, da deputada Silvye Alves (Uni\u00e3o-GO). Acolhendo sugest\u00e3o de outros deputados, a relatora decidiu incluir o crime de \u201cEntrega de filho menor a pessoa inid\u00f4nea\u201d no CNVCA. Carneiro tamb\u00e9m modificou o texto para limitar o acesso a informa\u00e7\u00f5es sobre as condena\u00e7\u00f5es apenas ao per\u00edodo em que a pena est\u00e1 sendo cumprida.<br \/>\n        Os dados do cadastro, pelo texto, dever\u00e3o ser periodicamente atualizados. As informa\u00e7\u00f5es permanecer\u00e3o no CNVCA pelo per\u00edodo de cumprimento da pena e at\u00e9 o recebimento da declara\u00e7\u00e3o de reabilita\u00e7\u00e3o do condenado.<br \/>\n        <strong>Pr\u00f3ximas etapas<\/strong><br \/>A proposta ser\u00e1 analisada, em <span id=\"4322\" class=\"termoGlossario\" title=\"Rito de tramita\u00e7\u00e3o pelo qual o projeto \u00e9 votado apenas pelas comiss\u00f5es designadas para analis\u00e1-lo, dispensada a delibera\u00e7\u00e3o do Plen\u00e1rio. O projeto perde o car\u00e1ter conclusivo se houver decis\u00e3o divergente entre as comiss\u00f5es ou se, independentemente de ser aprovado ou rejeitado, houver recurso assinado por 52 deputados para a aprecia\u00e7\u00e3o da mat\u00e9ria no Plen\u00e1rio.\" contenteditable=\"false\" data-toggle=\"tooltip\" data-placement=\"top\">car\u00e1ter conclusivo<\/span>, pela Comiss\u00e3o de Constitui\u00e7\u00e3o e Justi\u00e7a e de Cidadania. Para virar lei, o texto deve ser aprovado pela C\u00e2mara e pelo Senado.<\/p>\n<p style=\"font-size: 0.8rem; font-weight: 700;\">Reportagem \u2013 Murilo Souza<br \/>Edi\u00e7\u00e3o \u2013 Roberto Seabra<\/p>\n<\/p><\/div>\n<p><\/a><\/p>\n<p>Fonte: www.camara.leg.br<\/p>\n","protected":false},"excerpt":{"rendered":"<p>16\/10\/2025 &#8211; 16:01 \u00a0 Renato Ara\u00fajo\/C\u00e2mara dos Deputados Deputada Laura Carneiro, relatora A Comiss\u00e3o de Previd\u00eancia, Assist\u00eancia Social, Inf\u00e2ncia, Adolesc\u00eancia e Fam\u00edlia aprovou projeto de lei que cria o Cadastro Nacional de Pessoas Condenadas por Viol\u00eancia Contra a Crian\u00e7a ou Adolescente (CNVCA). O CNVCA deve incluir dados de condenados em senten\u00e7a definitiva por crimes previstos [&hellip;]<\/p>\n","protected":false},"author":3,"featured_media":5139,"comment_status":"open","ping_status":"open","sticky":false,"template":"","format":"standard","meta":{"advanced_seo_description":"","jetpack_seo_html_title":"","jetpack_seo_noindex":false,"fifu_image_url":"https:\/\/www.camara.leg.br\/midias\/image\/2025\/10\/img20250910174953209-768x473.jpg","fifu_image_alt":"","_jetpack_memberships_contains_paid_content":false,"footnotes":"","jetpack_publicize_message":"","jetpack_publicize_feature_enabled":true,"jetpack_social_post_already_shared":true,"jetpack_social_options":{"image_generator_settings":{"template":"highway","default_image_id":0,"font":"","enabled":false},"version":2}},"categories":[106,1],"tags":[],"class_list":{"0":"post-5138","1":"post","2":"type-post","3":"status-publish","4":"format-standard","5":"has-post-thumbnail","7":"category-politica","8":"category-uncategorized"},"jetpack_publicize_connections":[],"jetpack_featured_media_url":"https:\/\/i0.wp.com\/www.camara.leg.br\/midias\/image\/2025\/10\/img20250910174953209-768x473.jpg?fit=%2C&ssl=1","jetpack_sharing_enabled":true,"jetpack-related-posts":[],"_links":{"self":[{"href":"https:\/\/friburgonoticias.com.br\/temp\/wp-json\/wp\/v2\/posts\/5138","targetHints":{"allow":["GET"]}}],"collection":[{"href":"https:\/\/friburgonoticias.com.br\/temp\/wp-json\/wp\/v2\/posts"}],"about":[{"href":"https:\/\/friburgonoticias.com.br\/temp\/wp-json\/wp\/v2\/types\/post"}],"author":[{"embeddable":true,"href":"https:\/\/friburgonoticias.com.br\/temp\/wp-json\/wp\/v2\/users\/3"}],"replies":[{"embeddable":true,"href":"https:\/\/friburgonoticias.com.br\/temp\/wp-json\/wp\/v2\/comments?post=5138"}],"version-history":[{"count":0,"href":"https:\/\/friburgonoticias.com.br\/temp\/wp-json\/wp\/v2\/posts\/5138\/revisions"}],"wp:featuredmedia":[{"embeddable":true,"href":"https:\/\/friburgonoticias.com.br\/temp\/wp-json\/wp\/v2\/media\/5139"}],"wp:attachment":[{"href":"https:\/\/friburgonoticias.com.br\/temp\/wp-json\/wp\/v2\/media?parent=5138"}],"wp:term":[{"taxonomy":"category","embeddable":true,"href":"https:\/\/friburgonoticias.com.br\/temp\/wp-json\/wp\/v2\/categories?post=5138"},{"taxonomy":"post_tag","embeddable":true,"href":"https:\/\/friburgonoticias.com.br\/temp\/wp-json\/wp\/v2\/tags?post=5138"}],"curies":[{"name":"wp","href":"https:\/\/api.w.org\/{rel}","templated":true}]}}