{"id":5140,"date":"2025-10-16T21:02:21","date_gmt":"2025-10-16T21:02:21","guid":{"rendered":"https:\/\/friburgonoticias.com.br\/temp\/2025\/10\/16\/troca-do-sistema-brt-por-vlt-e-vlp-e-aprovada-em-primeira-votacao-na-camara-do-rio\/"},"modified":"2025-10-16T21:02:21","modified_gmt":"2025-10-16T21:02:21","slug":"troca-do-sistema-brt-por-vlt-e-vlp-e-aprovada-em-primeira-votacao-na-camara-do-rio","status":"publish","type":"post","link":"https:\/\/friburgonoticias.com.br\/temp\/2025\/10\/16\/troca-do-sistema-brt-por-vlt-e-vlp-e-aprovada-em-primeira-votacao-na-camara-do-rio\/","title":{"rendered":"Troca do sistema BRT por VLT e VLP \u00e9 aprovada em primeira vota\u00e7\u00e3o na C\u00e2mara do Rio"},"content":{"rendered":"<p><\/p>\n<div itemprop=\"articleBody\">\nA substitui\u00e7\u00e3o do sistema de \u00f4nibus articulados, o BRT, por Ve\u00edculos Leves sobre Trilhos (VLT) ou Ve\u00edculos Leves sobre Pneus (VLP) foi aprovada, na tarde desta quinta-feira (16), em primeira vota\u00e7\u00e3o, na C\u00e2mara do Rio. A vota\u00e7\u00e3o foi realizada em sess\u00e3o extraodin\u00e1ria na casa. O projeto, do prefeito Eduardo Paes, foi <a href=\"https:\/\/temporealrj.com\/paes-vai-enviar-a-camara-projeto-que-preve-implantacao-de-vlt-na-transoeste-e-na-transcarioca\/\">lan\u00e7ado em agosto<\/a> e abrange os corredores Transcarioca e Transoeste \u201ce eventuais expans\u00f5es.\u201d<\/p>\n<p>A expans\u00e3o do sistema, segundo o texto do projeto, \u00e9 para o Centro, que j\u00e1 possui linhas de VLT integrando diversos pontos, como Pra\u00e7a Quinze, rodovi\u00e1ria e aeroporto Santos Dumont, e S\u00e3o Crist\u00f3v\u00e3o, que receberia esta\u00e7\u00f5es em diversos pontos, como  o Centro de Tradi\u00e7\u00f5es Nordestinas Luiz Gonzaga, o BioParque, Quinta da Boa Vista, hospital Quinta D\u2019Or, assim como as esta\u00e7\u00f5es S\u00e3o Crist\u00f3v\u00e3o do Metr\u00f4 e Trens Metropolitanos e a esta\u00e7\u00e3o Leopoldina.<\/p>\n<h2 class=\"wp-block-heading\">Oposi\u00e7\u00e3o critica troca do BRT e fala em desperd\u00edcio de dinheiro<\/h2>\n<p>Apesar de ser a favor da troca dos modais, o vereador Pedro Duarte (Novo) fez cr\u00edticas \u00e0 prefeitura devido aos investimentos feitos no BRT que, segundo ele, chegaram a R$ 3 bilh\u00f5es.<\/p>\n<p>\u201cA prefeitura acabou de investir na troca de asfalto por concreto. Foram centenas de milh\u00f5es de reais investidos para a reforma das esta\u00e7\u00f5es e para a troca de asfalto por concreto porque, de fato, aquele asfalto com BRT ficava todo troncho. Agora vai tirar o concreto e botar trilho. Ent\u00e3o, por que botou o concreto?\u201d, questionou.<\/p>\n<p>A defesa do projeto ficou por conta de Wagner Tavares (PSB), da base do governo.<\/p>\n<p>\u201cVamos discutir aqui em fazer um transporte p\u00fablico melhor, um transporte de massa. A gente sabe que esse projeto vai dar mais qualidade ao transporte p\u00fablico do Rio de Janeiro. Esse VLT, j\u00e1 foi demonstrado, que suporta transportar uma quantidade grande de passageiros. N\u00e3o \u00e9 o mesmo VLT aqui do Centro. \u00c9 um VLT mais modernizado, com mais capacidade de transportar as pessoas\u201d, afirmou, aproveitando para pedir a extens\u00e3o do sistema para a Ilha do Governador.<\/p>\n<p>Na parte da manh\u00e3, a Comiss\u00e3o de Transporte da casa <a href=\"http:\/\/O ideal \u00e9 n\u00f3s termos o m\u00e1ximo poss\u00edvel do processo no digital, no on-line; e poder\u00edamos at\u00e9 ter aqueles carros que passam j\u00e1 com c\u00e2meras mapeando, fiscalizando. Mas, se for o caso de termos realmente fiscais humanos, que seja como Teres\u00f3polis faz, por exemplo. Contrata jovens para o primeiro emprego, e eles ficam ali dois, tr\u00eas anos somente\" target=\"_blank\">realizou uma aud\u00eancia p\u00fablica para debater o tema<\/a>.\n<\/div>\n<p><\/a><\/p>\n<p>Fonte: temporealrj.com<\/p>\n","protected":false},"excerpt":{"rendered":"<p>A substitui\u00e7\u00e3o do sistema de \u00f4nibus articulados, o BRT, por Ve\u00edculos Leves sobre Trilhos (VLT) ou Ve\u00edculos Leves sobre Pneus (VLP) foi aprovada, na tarde desta quinta-feira (16), em primeira vota\u00e7\u00e3o, na C\u00e2mara do Rio. A vota\u00e7\u00e3o foi realizada em sess\u00e3o extraodin\u00e1ria na casa. O projeto, do prefeito Eduardo Paes, foi lan\u00e7ado em agosto e [&hellip;]<\/p>\n","protected":false},"author":3,"featured_media":5141,"comment_status":"open","ping_status":"open","sticky":false,"template":"","format":"standard","meta":{"advanced_seo_description":"","jetpack_seo_html_title":"","jetpack_seo_noindex":false,"fifu_image_url":"https:\/\/temporealrj.com\/wp-content\/uploads\/2025\/10\/BRT2-e1760644712866.webp","fifu_image_alt":"","_jetpack_memberships_contains_paid_content":false,"footnotes":"","jetpack_publicize_message":"","jetpack_publicize_feature_enabled":true,"jetpack_social_post_already_shared":true,"jetpack_social_options":{"image_generator_settings":{"template":"highway","default_image_id":0,"font":"","enabled":false},"version":2}},"categories":[107],"tags":[],"class_list":{"0":"post-5140","1":"post","2":"type-post","3":"status-publish","4":"format-standard","5":"has-post-thumbnail","7":"category-economia"},"jetpack_publicize_connections":[],"jetpack_featured_media_url":"https:\/\/i0.wp.com\/temporealrj.com\/wp-content\/uploads\/2025\/10\/BRT2-e1760644712866.webp?fit=%2C&ssl=1","jetpack_sharing_enabled":true,"jetpack-related-posts":[],"_links":{"self":[{"href":"https:\/\/friburgonoticias.com.br\/temp\/wp-json\/wp\/v2\/posts\/5140","targetHints":{"allow":["GET"]}}],"collection":[{"href":"https:\/\/friburgonoticias.com.br\/temp\/wp-json\/wp\/v2\/posts"}],"about":[{"href":"https:\/\/friburgonoticias.com.br\/temp\/wp-json\/wp\/v2\/types\/post"}],"author":[{"embeddable":true,"href":"https:\/\/friburgonoticias.com.br\/temp\/wp-json\/wp\/v2\/users\/3"}],"replies":[{"embeddable":true,"href":"https:\/\/friburgonoticias.com.br\/temp\/wp-json\/wp\/v2\/comments?post=5140"}],"version-history":[{"count":0,"href":"https:\/\/friburgonoticias.com.br\/temp\/wp-json\/wp\/v2\/posts\/5140\/revisions"}],"wp:featuredmedia":[{"embeddable":true,"href":"https:\/\/friburgonoticias.com.br\/temp\/wp-json\/wp\/v2\/media\/5141"}],"wp:attachment":[{"href":"https:\/\/friburgonoticias.com.br\/temp\/wp-json\/wp\/v2\/media?parent=5140"}],"wp:term":[{"taxonomy":"category","embeddable":true,"href":"https:\/\/friburgonoticias.com.br\/temp\/wp-json\/wp\/v2\/categories?post=5140"},{"taxonomy":"post_tag","embeddable":true,"href":"https:\/\/friburgonoticias.com.br\/temp\/wp-json\/wp\/v2\/tags?post=5140"}],"curies":[{"name":"wp","href":"https:\/\/api.w.org\/{rel}","templated":true}]}}