{"id":5142,"date":"2025-10-16T23:39:58","date_gmt":"2025-10-16T23:39:58","guid":{"rendered":"https:\/\/friburgonoticias.com.br\/temp\/2025\/10\/16\/comissao-aprova-acompanhante-para-pessoa-autista-ou-com-down-em-exame-de-direcao-veicular-noticias\/"},"modified":"2025-10-16T23:39:58","modified_gmt":"2025-10-16T23:39:58","slug":"comissao-aprova-acompanhante-para-pessoa-autista-ou-com-down-em-exame-de-direcao-veicular-noticias","status":"publish","type":"post","link":"https:\/\/friburgonoticias.com.br\/temp\/2025\/10\/16\/comissao-aprova-acompanhante-para-pessoa-autista-ou-com-down-em-exame-de-direcao-veicular-noticias\/","title":{"rendered":"Comiss\u00e3o aprova acompanhante para pessoa autista ou com Down em exame de dire\u00e7\u00e3o veicular &#8211; Not\u00edcias"},"content":{"rendered":"<p><\/p>\n<div>\n<div>\n<p class=\"g-artigo__data-hora\">\n                      16\/10\/2025 &#8211; 19:50 \u00a0\n                    <\/p>\n<div id=\"image-container-1213044\" class=\"image-container\" style=\"float: none; margin: 45px 0px; width: 100%;\" data-midia=\"1213044\">\n        <em>Vinicius Loures\/C\u00e2mara dos Deputados<\/em><\/p>\n<p>        Deputado Amom Mandel, relator\n        <\/p><\/div>\n<p>        A Comiss\u00e3o de Defesa dos Direitos das Pessoas com Defici\u00eancia da C\u00e2mara dos Deputados aprovou o Projeto de Lei 1240\/25, que altera o <a href=\"https:\/\/www2.camara.gov.br\/legin\/fed\/lei\/1997\/lei-9503-23-setembro-1997-372348-norma-pl.html\">C\u00f3digo de Tr\u00e2nsito Brasileiro<\/a> para prever que as pessoas com transtorno do espectro autista (TEA) ou com s\u00edndrome de Down t\u00eam direito a realizar o exame de dire\u00e7\u00e3o veicular acompanhadas de uma pessoa de sua prefer\u00eancia para aux\u00edlio emocional e psicol\u00f3gico.<br \/>\n        O relator, deputado Amom Mandel (Cidadania-AM), recomendou a aprova\u00e7\u00e3o do texto, que \u00e9 do deputado Murilo Galdino (Republicanos-PB).<br \/>\n        Da mesma forma que o autor, Mandel observou que a presen\u00e7a de acompanhante n\u00e3o compromete a integridade do exame veicular, nem interfere na avalia\u00e7\u00e3o da capacidade do candidato.<br \/>\n        \u201cTrata-se pura e simplesmente da diferen\u00e7a entre ser e n\u00e3o ser aprovado\u201d, considerou o relator. \u201cEm outras palavras, a proibi\u00e7\u00e3o do acompanhamento pode facilmente se transformar em veda\u00e7\u00e3o de acesso a um instrumento de suma import\u00e2ncia para que uma pessoa disponha de autonomia no mundo contempor\u00e2neo\u201d, disse.<br \/>\n        <strong>Pr\u00f3ximos passos<\/strong><br \/>Al\u00e9m da Comiss\u00e3o de Defesa dos Direitos das Pessoas com Defici\u00eancia, o projeto j\u00e1 foi aprovado pela Comiss\u00e3o de Via\u00e7\u00e3o e Transportes.<br \/>\n        O texto segue para an\u00e1lise agora da Comiss\u00e3o de Constitui\u00e7\u00e3o e Justi\u00e7a e de Cidadania, em <span id=\"4322\" class=\"termoGlossario\" title=\"Rito de tramita\u00e7\u00e3o pelo qual o projeto \u00e9 votado apenas pelas comiss\u00f5es designadas para analis\u00e1-lo, dispensada a delibera\u00e7\u00e3o do Plen\u00e1rio. O projeto perde o car\u00e1ter conclusivo se houver decis\u00e3o divergente entre as comiss\u00f5es ou se, independentemente de ser aprovado ou rejeitado, houver recurso assinado por 52 deputados para a aprecia\u00e7\u00e3o da mat\u00e9ria no Plen\u00e1rio.\" contenteditable=\"false\" data-toggle=\"tooltip\" data-placement=\"top\">car\u00e1ter conclusivo<\/span>. Para virar lei, precisa ser aprovado pelos deputados e pelos senadores.<\/p>\n<p style=\"font-size: 0.8rem; font-weight: 700;\">Reportagem \u2013 No\u00e9li Nobre<br \/>Edi\u00e7\u00e3o \u2013 Roberto Seabra<\/p>\n<\/p><\/div>\n<\/p><\/div>\n<p><\/a><\/p>\n<p>Fonte: www.camara.leg.br<\/p>\n","protected":false},"excerpt":{"rendered":"<p>16\/10\/2025 &#8211; 19:50 \u00a0 Vinicius Loures\/C\u00e2mara dos Deputados Deputado Amom Mandel, relator A Comiss\u00e3o de Defesa dos Direitos das Pessoas com Defici\u00eancia da C\u00e2mara dos Deputados aprovou o Projeto de Lei 1240\/25, que altera o C\u00f3digo de Tr\u00e2nsito Brasileiro para prever que as pessoas com transtorno do espectro autista (TEA) ou com s\u00edndrome de Down [&hellip;]<\/p>\n","protected":false},"author":3,"featured_media":5143,"comment_status":"open","ping_status":"open","sticky":false,"template":"","format":"standard","meta":{"advanced_seo_description":"","jetpack_seo_html_title":"","jetpack_seo_noindex":false,"fifu_image_url":"https:\/\/www.camara.leg.br\/midias\/image\/2025\/10\/img20250805143052707-768x473.jpg","fifu_image_alt":"","_jetpack_memberships_contains_paid_content":false,"footnotes":"","jetpack_publicize_message":"","jetpack_publicize_feature_enabled":true,"jetpack_social_post_already_shared":true,"jetpack_social_options":{"image_generator_settings":{"template":"highway","default_image_id":0,"font":"","enabled":false},"version":2}},"categories":[106,1],"tags":[],"class_list":{"0":"post-5142","1":"post","2":"type-post","3":"status-publish","4":"format-standard","5":"has-post-thumbnail","7":"category-politica","8":"category-uncategorized"},"jetpack_publicize_connections":[],"jetpack_featured_media_url":"https:\/\/i0.wp.com\/www.camara.leg.br\/midias\/image\/2025\/10\/img20250805143052707-768x473.jpg?fit=%2C&ssl=1","jetpack_sharing_enabled":true,"jetpack-related-posts":[],"_links":{"self":[{"href":"https:\/\/friburgonoticias.com.br\/temp\/wp-json\/wp\/v2\/posts\/5142","targetHints":{"allow":["GET"]}}],"collection":[{"href":"https:\/\/friburgonoticias.com.br\/temp\/wp-json\/wp\/v2\/posts"}],"about":[{"href":"https:\/\/friburgonoticias.com.br\/temp\/wp-json\/wp\/v2\/types\/post"}],"author":[{"embeddable":true,"href":"https:\/\/friburgonoticias.com.br\/temp\/wp-json\/wp\/v2\/users\/3"}],"replies":[{"embeddable":true,"href":"https:\/\/friburgonoticias.com.br\/temp\/wp-json\/wp\/v2\/comments?post=5142"}],"version-history":[{"count":0,"href":"https:\/\/friburgonoticias.com.br\/temp\/wp-json\/wp\/v2\/posts\/5142\/revisions"}],"wp:featuredmedia":[{"embeddable":true,"href":"https:\/\/friburgonoticias.com.br\/temp\/wp-json\/wp\/v2\/media\/5143"}],"wp:attachment":[{"href":"https:\/\/friburgonoticias.com.br\/temp\/wp-json\/wp\/v2\/media?parent=5142"}],"wp:term":[{"taxonomy":"category","embeddable":true,"href":"https:\/\/friburgonoticias.com.br\/temp\/wp-json\/wp\/v2\/categories?post=5142"},{"taxonomy":"post_tag","embeddable":true,"href":"https:\/\/friburgonoticias.com.br\/temp\/wp-json\/wp\/v2\/tags?post=5142"}],"curies":[{"name":"wp","href":"https:\/\/api.w.org\/{rel}","templated":true}]}}