{"id":5162,"date":"2025-10-17T21:30:41","date_gmt":"2025-10-17T21:30:41","guid":{"rendered":"https:\/\/friburgonoticias.com.br\/temp\/2025\/10\/17\/comissao-aprova-abatimento-no-fies-para-graduado-em-direito-que-atuar-na-defensoria-publica-noticias\/"},"modified":"2025-10-17T21:30:41","modified_gmt":"2025-10-17T21:30:41","slug":"comissao-aprova-abatimento-no-fies-para-graduado-em-direito-que-atuar-na-defensoria-publica-noticias","status":"publish","type":"post","link":"https:\/\/friburgonoticias.com.br\/temp\/2025\/10\/17\/comissao-aprova-abatimento-no-fies-para-graduado-em-direito-que-atuar-na-defensoria-publica-noticias\/","title":{"rendered":"Comiss\u00e3o aprova abatimento no Fies para graduado em direito que atuar na defensoria p\u00fablica &#8211; Not\u00edcias"},"content":{"rendered":"<p><\/p>\n<div>\n<div>\n<p class=\"g-artigo__data-hora\">\n                      17\/10\/2025 &#8211; 18:12 \u00a0\n                    <\/p>\n<div id=\"image-container-1213359\" class=\"image-container\" style=\"float: none; margin: 45px 0px; width: 100%;\" data-midia=\"1213359\">\n        <em>Vinicius Loures\/C\u00e2mara dos Deputados<\/em><\/p>\n<p>        Deputado Thiago de Joaldo, relator do projeto de lei\n        <\/p><\/div>\n<p>        A Comiss\u00e3o de Educa\u00e7\u00e3o da C\u00e2mara dos Deputados aprovou projeto de lei que inclui os graduados em direito que prestarem servi\u00e7os \u00e0s defensorias p\u00fablicas da Uni\u00e3o e dos estados na lista de benefici\u00e1rios do abatimento no saldo devedor junto ao Fundo de Financiamento Estudantil (<span id=\"4361\" class=\"termoGlossario\" title=\"Fundo de Financiamento ao Estudante do Ensino Superior, destinado a financiar a gradua\u00e7\u00e3o de estudantes que n\u00e3o t\u00eam condi\u00e7\u00f5es de arcar com os custos de sua forma\u00e7\u00e3o. Para ser beneficiado, al\u00e9m de oferecer garantias, o candidato precisa estar regularmente matriculado em institui\u00e7\u00f5es de ensino privadas, cadastradas no programa e com avalia\u00e7\u00e3o positiva nos processos conduzidos pelo Minist\u00e9rio da Educa\u00e7\u00e3o.\" contenteditable=\"false\" data-toggle=\"tooltip\" data-placement=\"top\">Fies<\/span>).<br \/>\n        A proposta aprovada altera a <a href=\"https:\/\/www2.camara.leg.br\/legin\/fed\/lei\/2001\/lei-10260-12-julho-2001-329619-norma-pl.html\">Lei do Financiamento Estudantil<\/a>, que regulamenta o fundo. A presta\u00e7\u00e3o de servi\u00e7os pelos graduados em direito ter\u00e1 de ser feita de forma n\u00e3o remunerada, por uma jornada m\u00ednima de 8 horas semanais.<br \/>\n        O texto aprovado \u00e9 a vers\u00e3o do relator, deputado Thiago de Joaldo (PP-SE), para o <a class=\"linkProposicao\" href=\"https:\/\/www.camara.leg.br\/noticias\/1038669-proposta-preve-abatimento-no-fies-para-os-graduados-em-direito-que-atuarem-em-defensorias-publicas\">Projeto de Lei 368\/24<\/a>, do deputado Rafael Prudente (MDB-DF). Por sugest\u00e3o do relator, a medida s\u00f3 ser\u00e1 adotada se houver disponibilidade or\u00e7ament\u00e1ria.<br \/>\n        \u201cComo a mudan\u00e7a promoveria aumento de despesas \u2013 na medida em que o tempo de colabora\u00e7\u00e3o volunt\u00e1ria diminuiria o estoque da d\u00edvida do benefici\u00e1rio \u2013, \u00e9 preciso considerar disponibilidade or\u00e7ament\u00e1ria\u201d, explicou o relator.<br \/>\n        \u201cFranquear esse abatimento aos bachar\u00e9is em direito poder\u00e1 diminuir as d\u00edvidas e tamb\u00e9m contribuir\u00e1 com a popula\u00e7\u00e3o que precisa de atendimento jur\u00eddico gratuito\u201d, afirmou o deputado Rafael Prudente, autor do projeto original.<br \/>\n        <strong>Abatimentos<\/strong><br \/>Atualmente, a legisla\u00e7\u00e3o prev\u00ea abatimento mensal de 1% do saldo devedor consolidado, inclu\u00eddos os juros, aos seguintes grupos:<\/p>\n<ul>\n<li>professores em efetivo exerc\u00edcio na rede p\u00fablica de educa\u00e7\u00e3o b\u00e1sica graduados em licenciatura e com jornada de, no m\u00ednimo, 20 horas semanais;<\/li>\n<li>m\u00e9dicos das equipes de sa\u00fade da fam\u00edlia ou m\u00e9dicos das For\u00e7as Armadas que atuam em regi\u00f5es com car\u00eancia de profissionais e definidas como priorit\u00e1rias pelo Minist\u00e9rio da Sa\u00fade; e<\/li>\n<li>m\u00e9dicos, enfermeiros e demais profissionais da sa\u00fade que trabalharam no Sistema \u00danico de Sa\u00fade (SUS) durante a pandemia da Covid-19.<\/li>\n<\/ul>\n<p>        <strong>Pr\u00f3ximos passos<\/strong><br \/>O projeto tramita em <span id=\"4322\" class=\"termoGlossario\" title=\"Rito de tramita\u00e7\u00e3o pelo qual o projeto \u00e9 votado apenas pelas comiss\u00f5es designadas para analis\u00e1-lo, dispensada a delibera\u00e7\u00e3o do Plen\u00e1rio. O projeto perde o car\u00e1ter conclusivo se houver decis\u00e3o divergente entre as comiss\u00f5es ou se, independentemente de ser aprovado ou rejeitado, houver recurso assinado por 52 deputados para a aprecia\u00e7\u00e3o da mat\u00e9ria no Plen\u00e1rio.\" contenteditable=\"false\" data-toggle=\"tooltip\" data-placement=\"top\">car\u00e1ter conclusivo<\/span> e ainda ser\u00e1 analisado pelas comiss\u00f5es de Finan\u00e7as e Tributa\u00e7\u00e3o; e de Constitui\u00e7\u00e3o e Justi\u00e7a e de Cidadania. Para virar lei, o texto ter\u00e1 de ser aprovado pela C\u00e2mara e pelo Senado.<\/p>\n<p style=\"font-size: 0.8rem; font-weight: 700;\">Da Reportagem\/RM<br \/>Edi\u00e7\u00e3o \u2013 Roberto Seabra<\/p>\n<\/p><\/div>\n<\/p><\/div>\n<p><\/a><\/p>\n<p>Fonte: www.camara.leg.br<\/p>\n","protected":false},"excerpt":{"rendered":"<p>17\/10\/2025 &#8211; 18:12 \u00a0 Vinicius Loures\/C\u00e2mara dos Deputados Deputado Thiago de Joaldo, relator do projeto de lei A Comiss\u00e3o de Educa\u00e7\u00e3o da C\u00e2mara dos Deputados aprovou projeto de lei que inclui os graduados em direito que prestarem servi\u00e7os \u00e0s defensorias p\u00fablicas da Uni\u00e3o e dos estados na lista de benefici\u00e1rios do abatimento no saldo devedor [&hellip;]<\/p>\n","protected":false},"author":3,"featured_media":5163,"comment_status":"open","ping_status":"open","sticky":false,"template":"","format":"standard","meta":{"advanced_seo_description":"","jetpack_seo_html_title":"","jetpack_seo_noindex":false,"fifu_image_url":"https:\/\/www.camara.leg.br\/midias\/image\/2025\/10\/img20240522182838525-768x473.jpg","fifu_image_alt":"","_jetpack_memberships_contains_paid_content":false,"footnotes":"","jetpack_publicize_message":"","jetpack_publicize_feature_enabled":true,"jetpack_social_post_already_shared":true,"jetpack_social_options":{"image_generator_settings":{"template":"highway","default_image_id":0,"font":"","enabled":false},"version":2}},"categories":[106,1],"tags":[],"class_list":{"0":"post-5162","1":"post","2":"type-post","3":"status-publish","4":"format-standard","5":"has-post-thumbnail","7":"category-politica","8":"category-uncategorized"},"jetpack_publicize_connections":[],"jetpack_featured_media_url":"https:\/\/i0.wp.com\/www.camara.leg.br\/midias\/image\/2025\/10\/img20240522182838525-768x473.jpg?fit=%2C&ssl=1","jetpack_sharing_enabled":true,"jetpack-related-posts":[],"_links":{"self":[{"href":"https:\/\/friburgonoticias.com.br\/temp\/wp-json\/wp\/v2\/posts\/5162","targetHints":{"allow":["GET"]}}],"collection":[{"href":"https:\/\/friburgonoticias.com.br\/temp\/wp-json\/wp\/v2\/posts"}],"about":[{"href":"https:\/\/friburgonoticias.com.br\/temp\/wp-json\/wp\/v2\/types\/post"}],"author":[{"embeddable":true,"href":"https:\/\/friburgonoticias.com.br\/temp\/wp-json\/wp\/v2\/users\/3"}],"replies":[{"embeddable":true,"href":"https:\/\/friburgonoticias.com.br\/temp\/wp-json\/wp\/v2\/comments?post=5162"}],"version-history":[{"count":0,"href":"https:\/\/friburgonoticias.com.br\/temp\/wp-json\/wp\/v2\/posts\/5162\/revisions"}],"wp:featuredmedia":[{"embeddable":true,"href":"https:\/\/friburgonoticias.com.br\/temp\/wp-json\/wp\/v2\/media\/5163"}],"wp:attachment":[{"href":"https:\/\/friburgonoticias.com.br\/temp\/wp-json\/wp\/v2\/media?parent=5162"}],"wp:term":[{"taxonomy":"category","embeddable":true,"href":"https:\/\/friburgonoticias.com.br\/temp\/wp-json\/wp\/v2\/categories?post=5162"},{"taxonomy":"post_tag","embeddable":true,"href":"https:\/\/friburgonoticias.com.br\/temp\/wp-json\/wp\/v2\/tags?post=5162"}],"curies":[{"name":"wp","href":"https:\/\/api.w.org\/{rel}","templated":true}]}}