{"id":5176,"date":"2025-10-20T11:22:33","date_gmt":"2025-10-20T11:22:33","guid":{"rendered":"https:\/\/friburgonoticias.com.br\/temp\/2025\/10\/20\/mariana-se-prepara-para-iv-conferencia-municipal-da-cultura\/"},"modified":"2025-10-20T11:22:33","modified_gmt":"2025-10-20T11:22:33","slug":"mariana-se-prepara-para-iv-conferencia-municipal-da-cultura","status":"publish","type":"post","link":"https:\/\/friburgonoticias.com.br\/temp\/2025\/10\/20\/mariana-se-prepara-para-iv-conferencia-municipal-da-cultura\/","title":{"rendered":"Mariana se prepara para IV Confer\u00eancia Municipal da Cultura"},"content":{"rendered":"<p><\/p>\n<div data-id=\"e4a9c54\" data-element_type=\"widget\" data-widget_type=\"theme-post-content.default\">\n<p>Os agentes culturais de Mariana se preparam para a IV Confer\u00eancia Municipal de Cultura, que ser\u00e1 realizada no pr\u00f3ximo dia 30 de outubro, das 8h \u00e0s 17h, no Centro de Conven\u00e7\u00f5es Alphonsus de Guimaraens. A confer\u00eancia \u00e9 organizada pelo Conselho Municipal de Pol\u00edticas Culturais, com o apoio da Secretaria de Patrim\u00f4nio Cultural e Turismo, para discutir e promover um debate participativo sobre as pol\u00edticas culturais no munic\u00edpio.<\/p>\n<p>Neste ano, a confer\u00eancia tem como tema \u201cDemocracia e Direito \u00e0 Cultura\u201d e vai debater quatros eixos tem\u00e1ticos: Cultura como direito e cidadania em Mariana; Patrim\u00f4nio, mem\u00f3ria e identidade marianense; Fomento, sustentabilidade e economia da cultura e Gest\u00e3o democr\u00e1tica, participa\u00e7\u00e3o social e Sistema Municipal de Cultura.<\/p>\n<p>Al\u00e9m dessas discuss\u00f5es, durante a confer\u00eancia tamb\u00e9m ser\u00e3o eleitos os membros da sociedade civil do conselho, para o bi\u00eanio 2025-2027. Para se candidatar \u00e9 necess\u00e1rio residir no munic\u00edpio de Mariana e comprovar atua\u00e7\u00e3o de, no m\u00ednimo, 2 anos no setor cultural que deseja representar. No total, est\u00e3o dispon\u00edveis oito vagas titulares e oito suplentes nos segmentos Artes visuais, Artes c\u00eanicas, M\u00fasica, Teatro e dan\u00e7a, Literatura e pesquisa, Artesanato e produ\u00e7\u00f5es caseiras, Cultura popular e Patrim\u00f4nio, Com\u00e9rcio e Representante do FEAMMA.<\/p>\n<p>Para se candidatar \u00e9 necess\u00e1rio fazer a inscri\u00e7\u00e3o\u00a0<a href=\"https:\/\/docs.google.com\/forms\/d\/e\/1FAIpQLSezWs5xWmxa-Qplq4cMOrgNJ0NPTcNBXCVM6j7E0bwW2bNT7A\/viewform\" target=\"_blank\" rel=\"noreferrer noopener\">pelo formul\u00e1rio online (DISPON\u00cdVEL AQUI)<\/a>, at\u00e9 o dia 28 de outubro, ou presencialmente, na sede da Secretaria de Patrim\u00f4nio Cultural e Turismo, at\u00e9 o dia da confer\u00eancia.\u00a0 Todos os delegados, devidamente credenciados no dia do evento, ter\u00e3o direito ao voto.\u00a0<\/p>\n<p><a href=\"https:\/\/mariana.mg.gov.br\/uploads\/prefeitura_mariana_2018\/diario_oficial_pmm\/o_monumento_n_3566_30-09-2025.pdf\" target=\"_blank\" rel=\"noreferrer noopener\">As informa\u00e7\u00f5es completas est\u00e3o dispon\u00edveis no\u00a0 Edital de Convoca\u00e7\u00e3o n\u00ba 01\/2025, publicado na edi\u00e7\u00e3o de 30 de setembro de 2025 do Di\u00e1rio Oficial do Munic\u00edpio.\u00a0<\/a><\/p>\n<p><em><strong>Pr\u00e9-confer\u00eancias\u00a0<\/strong><\/em><\/p>\n<p>Durante o m\u00eas de outubro, nas semanas que antecedem a confer\u00eancia, ser\u00e3o realizadas diversas pr\u00e9-confer\u00eancias\u00a0 nos bairros e distritos de Mariana, com a finalidade de discutir previamente os assuntos abordados no evento principal.<\/p>\n<p><strong>Confira as datas:<\/strong><\/p>\n<p>Passagem de Mariana 14\/10\/2025 (ter\u00e7a-feira), 18h30, na sede da Soc. Musical Santa Cec\u00edlia;<\/p>\n<p>Furquim: 16\/10\/2025 (quinta-feira), 18h30, no Casar\u00e3o da Banda;<\/p>\n<p>Cachoeira do Brumado: 17\/10\/2025 (sexta-feira), 18h30, na Escola Municipal An\u00edbal de Freitas;<\/p>\n<p>Monsenhor Horta: 20\/10\/2025 (segunda-feira), 18h30, na Escola Municipal Jadir Macedo;<\/p>\n<p>Padre Viegas: 21\/10\/2025 (ter\u00e7a-feira), 18h30, no Sal\u00e3o Comunit\u00e1rio;<\/p>\n<p>Cabanas: 22\/10\/2025 (quarta-feira), 18h30, Escola Municipal Mons. Jos\u00e9 Cota;<\/p>\n<p>Santa Rita Dur\u00e3o: 23\/10\/2025 (quinta-feira), 18h30, Escola Municipal Sinh\u00f4 Machado.\n                <\/p><\/div>\n<p><\/a><\/p>\n<p>Fonte: territorionoticias.com.br<\/p>\n","protected":false},"excerpt":{"rendered":"<p>Os agentes culturais de Mariana se preparam para a IV Confer\u00eancia Municipal de Cultura, que ser\u00e1 realizada no pr\u00f3ximo dia 30 de outubro, das 8h \u00e0s 17h, no Centro de Conven\u00e7\u00f5es Alphonsus de Guimaraens. A confer\u00eancia \u00e9 organizada pelo Conselho Municipal de Pol\u00edticas Culturais, com o apoio da Secretaria de Patrim\u00f4nio Cultural e Turismo, para [&hellip;]<\/p>\n","protected":false},"author":3,"featured_media":5177,"comment_status":"open","ping_status":"open","sticky":false,"template":"","format":"standard","meta":{"advanced_seo_description":"","jetpack_seo_html_title":"","jetpack_seo_noindex":false,"fifu_image_url":"https:\/\/territorionoticias.com.br\/wp-content\/uploads\/2025\/10\/Conferencia-cultura-site.jpg","fifu_image_alt":"","_jetpack_memberships_contains_paid_content":false,"footnotes":"","jetpack_publicize_message":"","jetpack_publicize_feature_enabled":true,"jetpack_social_post_already_shared":true,"jetpack_social_options":{"image_generator_settings":{"template":"highway","default_image_id":0,"font":"","enabled":false},"version":2}},"categories":[105],"tags":[],"class_list":{"0":"post-5176","1":"post","2":"type-post","3":"status-publish","4":"format-standard","5":"has-post-thumbnail","7":"category-entretenimento"},"jetpack_publicize_connections":[],"jetpack_featured_media_url":"https:\/\/i0.wp.com\/territorionoticias.com.br\/wp-content\/uploads\/2025\/10\/Conferencia-cultura-site.jpg?fit=%2C&ssl=1","jetpack_sharing_enabled":true,"jetpack-related-posts":[],"_links":{"self":[{"href":"https:\/\/friburgonoticias.com.br\/temp\/wp-json\/wp\/v2\/posts\/5176","targetHints":{"allow":["GET"]}}],"collection":[{"href":"https:\/\/friburgonoticias.com.br\/temp\/wp-json\/wp\/v2\/posts"}],"about":[{"href":"https:\/\/friburgonoticias.com.br\/temp\/wp-json\/wp\/v2\/types\/post"}],"author":[{"embeddable":true,"href":"https:\/\/friburgonoticias.com.br\/temp\/wp-json\/wp\/v2\/users\/3"}],"replies":[{"embeddable":true,"href":"https:\/\/friburgonoticias.com.br\/temp\/wp-json\/wp\/v2\/comments?post=5176"}],"version-history":[{"count":0,"href":"https:\/\/friburgonoticias.com.br\/temp\/wp-json\/wp\/v2\/posts\/5176\/revisions"}],"wp:featuredmedia":[{"embeddable":true,"href":"https:\/\/friburgonoticias.com.br\/temp\/wp-json\/wp\/v2\/media\/5177"}],"wp:attachment":[{"href":"https:\/\/friburgonoticias.com.br\/temp\/wp-json\/wp\/v2\/media?parent=5176"}],"wp:term":[{"taxonomy":"category","embeddable":true,"href":"https:\/\/friburgonoticias.com.br\/temp\/wp-json\/wp\/v2\/categories?post=5176"},{"taxonomy":"post_tag","embeddable":true,"href":"https:\/\/friburgonoticias.com.br\/temp\/wp-json\/wp\/v2\/tags?post=5176"}],"curies":[{"name":"wp","href":"https:\/\/api.w.org\/{rel}","templated":true}]}}