{"id":5178,"date":"2025-10-20T11:47:25","date_gmt":"2025-10-20T11:47:25","guid":{"rendered":"https:\/\/friburgonoticias.com.br\/temp\/2025\/10\/20\/trecho-urbano-da-rj-116-recebe-recapeamento-durante-a-noite-em-nova-friburgo\/"},"modified":"2025-10-20T11:47:25","modified_gmt":"2025-10-20T11:47:25","slug":"trecho-urbano-da-rj-116-recebe-recapeamento-durante-a-noite-em-nova-friburgo","status":"publish","type":"post","link":"https:\/\/friburgonoticias.com.br\/temp\/2025\/10\/20\/trecho-urbano-da-rj-116-recebe-recapeamento-durante-a-noite-em-nova-friburgo\/","title":{"rendered":"Trecho urbano da RJ-116 recebe recapeamento durante a noite em Nova Friburgo"},"content":{"rendered":"<p><\/p>\n<div id=\"post-57179\">\n<div class=\"post-header post-tp-13-header\">\n<div class=\"single-featured\">\n<img loading=\"lazy\" decoding=\"async\" data-lazyloaded=\"1\" src=\"https:\/\/www.serranewsrj.com.br\/wp-content\/uploads\/2025\/10\/Imagem-do-WhatsApp-de-2025-10-17-as-18.02.14_6955e2b3.jpg\" width=\"720\" height=\"432\" alt=\"\"\/><\/div>\n<\/div>\n<div class=\"entry-content clearfix single-post-content\">\n<p style=\"text-align: justify;\" data-start=\"168\" data-end=\"440\">A RJ-116, no per\u00edmetro urbano de <a href=\"https:\/\/www.serranewsrj.com.br\/noticias\/regiao-serrana\/nova-friburgo\">Nova Friburgo<\/a>, passar\u00e1 por obras de recapeamento asf\u00e1ltico a partir de ter\u00e7a-feira (21\/10). Os trabalhos ser\u00e3o realizados entre a Rua 7 de Setembro, nas proximidades do Suspiro, e a altura da f\u00e1brica HAGA, no sentido Conselheiro Paulino.<\/p>\n<div class=\"qcuws qcuws-post-inline qcuws-float-center qcuws-align-center qcuws-column-1 qcuws-clearfix no-bg-box-model\">\n<div id=\"qcuws-56737-1465971117\" class=\"qcuws-container qcuws-type-image\" itemscope=\"\" itemtype=\"https:\/\/schema.org\/WPAdBlock\" data-adid=\"56737\" data-type=\"image\"><a itemprop=\"url\" class=\"qcuws-link\" href=\"https:\/\/www.instagram.com\/euclidesemfoco?utm_source=ig_web_button_share_sheet&amp;igsh=ZDNlZDc0MzIxNw==\" target=\"_blank\" rel=\"nofollow\"><img loading=\"lazy\" decoding=\"async\" data-lazyloaded=\"1\" width=\"1200\" height=\"300\" class=\"qcuws-image\" src=\"https:\/\/www.serranewsrj.com.br\/wp-content\/uploads\/2025\/10\/BannerHomePage-ezgif.com-png-to-webp-converter-1.webp\" alt=\"Euclides em Foco \u2013 Outubro (1200\u00d7400 pxl) WebP\"\/><\/a><\/div>\n<\/div>\n<p style=\"text-align: justify;\" data-start=\"442\" data-end=\"686\">As interven\u00e7\u00f5es ocorrer\u00e3o durante o per\u00edodo noturno, das 21h \u00e0s 5h, com previs\u00e3o de conclus\u00e3o na madrugada de s\u00e1bado (25\/10). O hor\u00e1rio foi definido para reduzir os impactos no tr\u00e2nsito e manter maior fluidez para os motoristas durante o dia.<\/p>\n<p style=\"text-align: justify;\" data-start=\"688\" data-end=\"967\">Segundo o superintendente da concession\u00e1ria Rota 116, Edyano Bittencourt, a a\u00e7\u00e3o integra o cronograma de manuten\u00e7\u00e3o cont\u00ednua da rodovia. \u201cO objetivo \u00e9 melhorar as condi\u00e7\u00f5es de tr\u00e1fego, aumentar o conforto e garantir mais seguran\u00e7a para todos os usu\u00e1rios da RJ-116\u201d, afirmou.<\/p>\n<p style=\"text-align: justify;\" data-start=\"969\" data-end=\"1208\">Durante a execu\u00e7\u00e3o das obras, o trecho contar\u00e1 com sinaliza\u00e7\u00e3o refor\u00e7ada e equipes de operadores de tr\u00e1fego orientando os condutores. A orienta\u00e7\u00e3o \u00e9 para aten\u00e7\u00e3o redobrada \u00e0 sinaliza\u00e7\u00e3o, e o cronograma pode ser alterado em caso de chuva.<\/p>\n<div class=\"qcuws qcuws-post-inline qcuws-float-center qcuws-align-center qcuws-column-1 qcuws-clearfix no-bg-box-model\">\n<div id=\"qcuws-49250-48174073\" class=\"qcuws-container qcuws-type-image\" itemscope=\"\" itemtype=\"https:\/\/schema.org\/WPAdBlock\" data-adid=\"49250\" data-type=\"image\"><a itemprop=\"url\" class=\"qcuws-link\" href=\"https:\/\/www.evosolar.com.br\/simuladorsolarrj\" target=\"_blank\" rel=\"nofollow\"><img loading=\"lazy\" decoding=\"async\" data-lazyloaded=\"1\" width=\"2560\" height=\"520\" class=\"qcuws-image\" src=\"https:\/\/www.serranewsrj.com.br\/wp-content\/uploads\/2025\/05\/BannerdositedaSerraNews1230x250px-ezgif.com-png-to-webp-converter-1-scaled.webp\" alt=\"Evosolar (Maio) WebP \u2013 1230 x 250 px\"\/><\/a><\/div>\n<\/div>\n<blockquote class=\"wp-embedded-content\" data-secret=\"iC1HCJSQMG\"><p><a href=\"https:\/\/www.serranewsrj.com.br\/2025\/10\/mobilidade-urbana-e-acidentes-de-transito-o-que-diz-a-prefeitura-de-nova-friburgo.html\">Mobilidade urbana e acidentes de tr\u00e2nsito: o que diz a Prefeitura de Nova Friburgo<\/a><\/p>\n<\/blockquote>\n<p><iframe loading=\"lazy\" data-lazyloaded=\"1\" src=\"https:\/\/www.serranewsrj.com.br\/2025\/10\/about:blank\" class=\"wp-embedded-content\" sandbox=\"allow-scripts\" security=\"restricted\" style=\"position: absolute; visibility: hidden;\" title=\"\u201cMobilidade urbana e acidentes de tr\u00e2nsito: o que diz a Prefeitura de Nova Friburgo\u201d \u2014 Serra News | O portal de not\u00edcias da Regi\u00e3o Serrana do Rio de Janeiro\" data-litespeed-src=\"https:\/\/www.serranewsrj.com.br\/2025\/10\/mobilidade-urbana-e-acidentes-de-transito-o-que-diz-a-prefeitura-de-nova-friburgo.html\/embed#?secret=qdz8WUeHMD#?secret=iC1HCJSQMG\" data-secret=\"iC1HCJSQMG\" width=\"600\" height=\"338\" frameborder=\"0\" marginwidth=\"0\" marginheight=\"0\" scrolling=\"no\"><\/iframe><\/p>\n<div class=\"qcuws qcuws-post-inline qcuws-float-center qcuws-align-center qcuws-column-1 qcuws-clearfix no-bg-box-model\">\n<div id=\"qcuws-52933-423675263\" class=\"qcuws-container qcuws-type-image\" itemscope=\"\" itemtype=\"https:\/\/schema.org\/WPAdBlock\" data-adid=\"52933\" data-type=\"image\"><a itemprop=\"url\" class=\"qcuws-link\" href=\"https:\/\/jmfsaude.com.br\/\" target=\"_blank\" rel=\"nofollow\"><img loading=\"lazy\" decoding=\"async\" data-lazyloaded=\"1\" width=\"1200\" height=\"400\" class=\"qcuws-image\" src=\"https:\/\/www.serranewsrj.com.br\/wp-content\/uploads\/2025\/03\/bannersiteJMF-ezgif.com-png-to-webp-converter.webp\" alt=\"JMF Solu\u00e7\u00f5es em Sa\u00fade \u2013 1200\u00d7400 pxl WebP\"\/><\/a><\/div>\n<\/div>\n<\/div>\n<\/div>\n<div id=\"\">\n<a href=\"https:\/\/www.serranewsrj.com.br\/author\/admin-2\" title=\"Artigos de autor\"><br \/>\n<span class=\"post-author-avatar\" itemprop=\"image\"><img loading=\"lazy\" decoding=\"async\" data-lazyloaded=\"1\" alt=\"\" src=\"https:\/\/www.serranewsrj.com.br\/wp-content\/uploads\/2025\/03\/REDONDA-4-180x180.png\" class=\"avatar avatar-80 photo avatar-default\" height=\"80\" width=\"80\"\/><\/span><br \/>\n<\/a><\/p>\n<div class=\"post-author-bio\" itemprop=\"description\">\n<p>A sua fonte segura de informa\u00e7\u00e3o no interior do Rio de Janeiro.<\/p>\n<\/div>\n<\/div>\n<p><script async src=\"\/\/www.instagram.com\/embed.js\"><\/script><br \/>\n<br \/><\/a><\/p>\n<p>Fonte: www.serranewsrj.com.br<\/p>\n","protected":false},"excerpt":{"rendered":"<p>A RJ-116, no per\u00edmetro urbano de Nova Friburgo, passar\u00e1 por obras de recapeamento asf\u00e1ltico a partir de ter\u00e7a-feira (21\/10). Os trabalhos ser\u00e3o realizados entre a Rua 7 de Setembro, nas proximidades do Suspiro, e a altura da f\u00e1brica HAGA, no sentido Conselheiro Paulino. As interven\u00e7\u00f5es ocorrer\u00e3o durante o per\u00edodo noturno, das 21h \u00e0s 5h, com [&hellip;]<\/p>\n","protected":false},"author":3,"featured_media":5179,"comment_status":"open","ping_status":"open","sticky":false,"template":"","format":"standard","meta":{"advanced_seo_description":"","jetpack_seo_html_title":"","jetpack_seo_noindex":false,"fifu_image_url":"https:\/\/www.serranewsrj.com.br\/wp-content\/uploads\/2025\/10\/Imagem-do-WhatsApp-de-2025-10-17-as-18.02.14_6955e2b3.jpg","fifu_image_alt":"","_jetpack_memberships_contains_paid_content":false,"footnotes":"","jetpack_publicize_message":"","jetpack_publicize_feature_enabled":true,"jetpack_social_post_already_shared":true,"jetpack_social_options":{"image_generator_settings":{"template":"highway","default_image_id":0,"font":"","enabled":false},"version":2}},"categories":[104,1],"tags":[],"class_list":{"0":"post-5178","1":"post","2":"type-post","3":"status-publish","4":"format-standard","5":"has-post-thumbnail","7":"category-cidade","8":"category-uncategorized"},"jetpack_publicize_connections":[],"jetpack_featured_media_url":"https:\/\/i0.wp.com\/www.serranewsrj.com.br\/wp-content\/uploads\/2025\/10\/Imagem-do-WhatsApp-de-2025-10-17-as-18.02.14_6955e2b3.jpg?fit=%2C&ssl=1","jetpack_sharing_enabled":true,"jetpack-related-posts":[],"_links":{"self":[{"href":"https:\/\/friburgonoticias.com.br\/temp\/wp-json\/wp\/v2\/posts\/5178","targetHints":{"allow":["GET"]}}],"collection":[{"href":"https:\/\/friburgonoticias.com.br\/temp\/wp-json\/wp\/v2\/posts"}],"about":[{"href":"https:\/\/friburgonoticias.com.br\/temp\/wp-json\/wp\/v2\/types\/post"}],"author":[{"embeddable":true,"href":"https:\/\/friburgonoticias.com.br\/temp\/wp-json\/wp\/v2\/users\/3"}],"replies":[{"embeddable":true,"href":"https:\/\/friburgonoticias.com.br\/temp\/wp-json\/wp\/v2\/comments?post=5178"}],"version-history":[{"count":0,"href":"https:\/\/friburgonoticias.com.br\/temp\/wp-json\/wp\/v2\/posts\/5178\/revisions"}],"wp:featuredmedia":[{"embeddable":true,"href":"https:\/\/friburgonoticias.com.br\/temp\/wp-json\/wp\/v2\/media\/5179"}],"wp:attachment":[{"href":"https:\/\/friburgonoticias.com.br\/temp\/wp-json\/wp\/v2\/media?parent=5178"}],"wp:term":[{"taxonomy":"category","embeddable":true,"href":"https:\/\/friburgonoticias.com.br\/temp\/wp-json\/wp\/v2\/categories?post=5178"},{"taxonomy":"post_tag","embeddable":true,"href":"https:\/\/friburgonoticias.com.br\/temp\/wp-json\/wp\/v2\/tags?post=5178"}],"curies":[{"name":"wp","href":"https:\/\/api.w.org\/{rel}","templated":true}]}}