{"id":5196,"date":"2025-10-20T15:12:25","date_gmt":"2025-10-20T15:12:25","guid":{"rendered":"https:\/\/friburgonoticias.com.br\/temp\/2025\/10\/20\/camara-pode-discutir-o-projeto-da-bagagem-de-mao-e-propostas-de-seguranca-publica-noticias\/"},"modified":"2025-10-20T15:12:25","modified_gmt":"2025-10-20T15:12:25","slug":"camara-pode-discutir-o-projeto-da-bagagem-de-mao-e-propostas-de-seguranca-publica-noticias","status":"publish","type":"post","link":"https:\/\/friburgonoticias.com.br\/temp\/2025\/10\/20\/camara-pode-discutir-o-projeto-da-bagagem-de-mao-e-propostas-de-seguranca-publica-noticias\/","title":{"rendered":"C\u00e2mara pode discutir o projeto da bagagem de m\u00e3o e propostas de seguran\u00e7a p\u00fablica &#8211; Not\u00edcias"},"content":{"rendered":"<p><\/p>\n<div>\n<div>\n<p class=\"g-artigo__data-hora\">\n                      20\/10\/2025 &#8211; 11:53 \u00a0\n                    <\/p>\n<div id=\"video-container-1213602\" class=\"embed-responsive embed-responsive-16by9\" style=\"margin-bottom: 18px;\" data-youtube-id=\"Ar8Yz0zRIPs\">\n        <em>YouTube<\/em><br \/>\n        <iframe loading=\"lazy\" title=\"Agenda do Plen\u00e1rio - Veja o que pode ser votado esta semana - 19\/10\/2025\" width=\"1170\" height=\"658\" src=\"https:\/\/www.youtube.com\/embed\/Ar8Yz0zRIPs?feature=oembed\" frameborder=\"0\" allow=\"accelerometer; autoplay; clipboard-write; encrypted-media; gyroscope; picture-in-picture; web-share\" referrerpolicy=\"strict-origin-when-cross-origin\" allowfullscreen><\/iframe><\/p><\/div>\n<p>        \u00a0<br \/>\n        A C\u00e2mara dos Deputados pode votar <span id=\"4227\" class=\"termoGlossario\" title=\"Regime de tramita\u00e7\u00e3o que dispensa exig\u00eancias, interst\u00edcios e formalidades regimentais (salvo a publica\u00e7\u00e3o, o qu\u00f3rum e os pareceres) para que uma proposi\u00e7\u00e3o seja apreciada pela C\u00e2mara de forma mais c\u00e9lere. Pode-se dizer que as proposi\u00e7\u00f5es s\u00e3o urgentes em raz\u00e3o da natureza da mat\u00e9ria; em raz\u00e3o de serem de iniciativa do Poder Executivo, com solicita\u00e7\u00e3o de urg\u00eancia do presidente da Rep\u00fablica; ou em virtude de terem sido reconhecidas, por delibera\u00e7\u00e3o do Plen\u00e1rio, com esse car\u00e1ter. Alguns projetos j\u00e1 tramitam automaticamente em regime de urg\u00eancia, como os que tratam de acordos internacionais.\" contenteditable=\"false\" data-toggle=\"tooltip\" data-placement=\"top\">urg\u00eancia<\/span> para o<span class=\"css-1jxf684 r-bcqeeo r-1ttztb7 r-qvutc0 r-poiln3\"> Projeto de Lei (PL) 5041\/25, do deputado Da Vitoria (PP-ES), <\/span><span class=\"css-1jxf684 r-bcqeeo r-1ttztb7 r-qvutc0 r-poiln3\">que garante o direito de o passageiro levar consigo uma mala de m\u00e3o e um item pessoal sem cobran\u00e7a adicional.<\/span><br \/>\n        Pela proposta, as companhias ser\u00e3o proibidas de oferecer tarifas que excluam ou limitem o direito do passageiro de levar gratuitamente a bagagem de m\u00e3o.<br \/>\n        <span class=\"css-1jxf684 r-bcqeeo r-1ttztb7 r-qvutc0 r-poiln3\">&#8220;A C\u00e2mara n\u00e3o vai aceitar esse abuso&#8221;, disse o presidente da C\u00e2mara, Hugo Motta (Republicanos-PB), em suas redes sociais. &#8220;<\/span><span class=\"css-1jxf684 r-bcqeeo r-1ttztb7 r-qvutc0 r-poiln3\">O consumidor vem em primeiro lugar.&#8221;<\/span><\/p>\n<p>        <strong>Seguran\u00e7a<\/strong><br \/>Nesta semana, a C\u00e2mara pode continuar votando projetos relacionados \u00e0 seguran\u00e7a p\u00fablica. Nas \u00faltimas semanas, os deputados aprovaram alguns, entre eles:<\/p>\n<ul>\n<li>o <a href=\"https:\/\/www.camara.leg.br\/noticias\/1212411-CAMARA-APROVA-AUMENTO-DE-PENA-PARA-CRIMES-SEXUAIS-CONTRA-VULNERAVEIS\">PL 2810\/25<\/a>, que aumenta a pena para crimes sexuais contra vulner\u00e1veis;<\/li>\n<li>o <a href=\"https:\/\/www.camara.leg.br\/noticias\/1208766-camara-aprova-projeto-que-torna-crime-obstruir-o-combate-ao-crime-organizado\/\">PL 1307\/23<\/a>, que prev\u00ea puni\u00e7\u00e3o para quem obstruir a\u00e7\u00f5es contra o crime organizado; e<\/li>\n<li>o <a href=\"https:\/\/www.camara.leg.br\/noticias\/1208774-copia-copia-copia-187\">PL 4498\/25<\/a>, que estabelece mecanismos de colabora\u00e7\u00e3o entre \u00f3rg\u00e3os de fiscaliza\u00e7\u00e3o e controle e as pol\u00edcias judici\u00e1rias civis e o Minist\u00e9rio P\u00fablico para investiga\u00e7\u00e3o colaborativa.<\/li>\n<\/ul>\n<p>        O Plen\u00e1rio tamb\u00e9m j\u00e1 aprovou urg\u00eancia para oito propostas encaminhadas pelo Conselho de Secret\u00e1rios Estaduais de Seguran\u00e7a P\u00fablica.<\/p>\n<p>        <strong>LDO e vetos<\/strong><br \/>J\u00e1 no Congresso, uma sess\u00e3o conjunta (C\u00e2mara e Senado) deve apreciar a Lei de Diretrizes Or\u00e7ament\u00e1rias (<span id=\"4066\" class=\"termoGlossario\" title=\"Lei que orienta a elabora\u00e7\u00e3o do or\u00e7amento do ano seguinte. Cont\u00e9m informa\u00e7\u00f5es sobre as metas e prioridades dos tr\u00eas poderes (Executivo, Legislativo e Judici\u00e1rio) e do Minist\u00e9rio P\u00fablico da Uni\u00e3o. Tamb\u00e9m define a meta fiscal para o ano seguinte. \u00c9 elaborada pelo Executivo e aprovada pelo Congresso Nacional.\" contenteditable=\"false\" data-toggle=\"tooltip\" data-placement=\"top\">LDO<\/span>) para 2026 e <span id=\"4485\" class=\"termoGlossario\" title=\"Ocorre quando o presidente da Rep\u00fablica recusa, totalmente ou em parte, projeto aprovado pelo Congresso Nacional. Para que o veto seja derrubado, e o projeto se torne lei, s\u00e3o precisos os votos de 257 deputados e 41 senadores.\" contenteditable=\"false\" data-toggle=\"tooltip\" data-placement=\"top\">vetos<\/span> do presidente da Rep\u00fablica \u00e0 Lei do Licenciamento Ambiental, aprovada em julho.<br \/>\n        Essa sess\u00e3o estava marcada para a \u00faltima quinta-feira, mas foi adiada por causa dos impasses nas negocia\u00e7\u00f5es.<\/p>\n<p style=\"font-size: 0.8rem; font-weight: 700;\">Da TV C\u00e2mara<br \/>Edi\u00e7\u00e3o &#8211; ND<\/p>\n<\/p><\/div>\n<\/p><\/div>\n<p><\/a><\/p>\n<p>Fonte: www.camara.leg.br<\/p>\n","protected":false},"excerpt":{"rendered":"<p>20\/10\/2025 &#8211; 11:53 \u00a0 YouTube \u00a0 A C\u00e2mara dos Deputados pode votar urg\u00eancia para o Projeto de Lei (PL) 5041\/25, do deputado Da Vitoria (PP-ES), que garante o direito de o passageiro levar consigo uma mala de m\u00e3o e um item pessoal sem cobran\u00e7a adicional. Pela proposta, as companhias ser\u00e3o proibidas de oferecer tarifas que [&hellip;]<\/p>\n","protected":false},"author":3,"featured_media":5197,"comment_status":"open","ping_status":"open","sticky":false,"template":"","format":"standard","meta":{"advanced_seo_description":"","jetpack_seo_html_title":"","jetpack_seo_noindex":false,"fifu_image_url":"https:\/\/www.camara.leg.br\/tema\/assets\/images\/imagens-compartilhamento\/noticias.jpg","fifu_image_alt":"","_jetpack_memberships_contains_paid_content":false,"footnotes":"","jetpack_publicize_message":"","jetpack_publicize_feature_enabled":true,"jetpack_social_post_already_shared":true,"jetpack_social_options":{"image_generator_settings":{"template":"highway","default_image_id":0,"font":"","enabled":false},"version":2}},"categories":[107],"tags":[],"class_list":{"0":"post-5196","1":"post","2":"type-post","3":"status-publish","4":"format-standard","5":"has-post-thumbnail","7":"category-economia"},"jetpack_publicize_connections":[],"jetpack_featured_media_url":"https:\/\/i0.wp.com\/www.camara.leg.br\/tema\/assets\/images\/imagens-compartilhamento\/noticias.jpg?fit=%2C&ssl=1","jetpack_sharing_enabled":true,"jetpack-related-posts":[],"_links":{"self":[{"href":"https:\/\/friburgonoticias.com.br\/temp\/wp-json\/wp\/v2\/posts\/5196","targetHints":{"allow":["GET"]}}],"collection":[{"href":"https:\/\/friburgonoticias.com.br\/temp\/wp-json\/wp\/v2\/posts"}],"about":[{"href":"https:\/\/friburgonoticias.com.br\/temp\/wp-json\/wp\/v2\/types\/post"}],"author":[{"embeddable":true,"href":"https:\/\/friburgonoticias.com.br\/temp\/wp-json\/wp\/v2\/users\/3"}],"replies":[{"embeddable":true,"href":"https:\/\/friburgonoticias.com.br\/temp\/wp-json\/wp\/v2\/comments?post=5196"}],"version-history":[{"count":0,"href":"https:\/\/friburgonoticias.com.br\/temp\/wp-json\/wp\/v2\/posts\/5196\/revisions"}],"wp:featuredmedia":[{"embeddable":true,"href":"https:\/\/friburgonoticias.com.br\/temp\/wp-json\/wp\/v2\/media\/5197"}],"wp:attachment":[{"href":"https:\/\/friburgonoticias.com.br\/temp\/wp-json\/wp\/v2\/media?parent=5196"}],"wp:term":[{"taxonomy":"category","embeddable":true,"href":"https:\/\/friburgonoticias.com.br\/temp\/wp-json\/wp\/v2\/categories?post=5196"},{"taxonomy":"post_tag","embeddable":true,"href":"https:\/\/friburgonoticias.com.br\/temp\/wp-json\/wp\/v2\/tags?post=5196"}],"curies":[{"name":"wp","href":"https:\/\/api.w.org\/{rel}","templated":true}]}}