{"id":5228,"date":"2025-10-21T13:59:51","date_gmt":"2025-10-21T13:59:51","guid":{"rendered":"https:\/\/friburgonoticias.com.br\/temp\/2025\/10\/21\/motta-anuncia-votacao-de-urgencia-do-projeto-da-bagagem-de-mao-e-de-propostas-de-seguranca-publica-noticias\/"},"modified":"2025-10-21T13:59:51","modified_gmt":"2025-10-21T13:59:51","slug":"motta-anuncia-votacao-de-urgencia-do-projeto-da-bagagem-de-mao-e-de-propostas-de-seguranca-publica-noticias","status":"publish","type":"post","link":"https:\/\/friburgonoticias.com.br\/temp\/2025\/10\/21\/motta-anuncia-votacao-de-urgencia-do-projeto-da-bagagem-de-mao-e-de-propostas-de-seguranca-publica-noticias\/","title":{"rendered":"Motta anuncia vota\u00e7\u00e3o de urg\u00eancia do projeto da bagagem de m\u00e3o e de propostas de seguran\u00e7a p\u00fablica &#8211; Not\u00edcias"},"content":{"rendered":"<p><\/p>\n<div>\n<div>\n<p class=\"g-artigo__data-hora\">\n                      21\/10\/2025 &#8211; 08:33 \u00a0\n                    <\/p>\n<div id=\"image-container-1213977\" class=\"image-container\" style=\"float: none; margin: 45px 0px; width: 100%;\" data-midia=\"1213977\">\n        <em>Bruno Spada \/ C\u00e2mara dos Deputados<\/em><\/p>\n<p>        Hugo Motta anunciou vota\u00e7\u00f5es desta semana\n        <\/p><\/div>\n<p>        O presidente da C\u00e2mara dos Deputados, Hugo Motta (Republicanos-PB), afirmou, em suas redes sociais, que o Plen\u00e1rio vai votar o pedido de <span id=\"4227\" class=\"termoGlossario\" title=\"Regime de tramita\u00e7\u00e3o que dispensa exig\u00eancias, interst\u00edcios e formalidades regimentais (salvo a publica\u00e7\u00e3o, o qu\u00f3rum e os pareceres) para que uma proposi\u00e7\u00e3o seja apreciada pela C\u00e2mara de forma mais c\u00e9lere. Pode-se dizer que as proposi\u00e7\u00f5es s\u00e3o urgentes em raz\u00e3o da natureza da mat\u00e9ria; em raz\u00e3o de serem de iniciativa do Poder Executivo, com solicita\u00e7\u00e3o de urg\u00eancia do presidente da Rep\u00fablica; ou em virtude de terem sido reconhecidas, por delibera\u00e7\u00e3o do Plen\u00e1rio, com esse car\u00e1ter. Alguns projetos j\u00e1 tramitam automaticamente em regime de urg\u00eancia, como os que tratam de acordos internacionais.\" contenteditable=\"false\" data-toggle=\"tooltip\" data-placement=\"top\">urg\u00eancia<\/span> para o<span class=\"css-1jxf684 r-bcqeeo r-1ttztb7 r-qvutc0 r-poiln3\"> Projeto de Lei (PL) 5041\/25, que pro\u00edbe a cobran\u00e7a de bagagem de m\u00e3o <\/span>em voos comerciais.<br \/>\n        A proposta, do deputado Da Vitoria (PP-ES), determina que as companhias a\u00e9reas n\u00e3o poder\u00e3o restringir o transporte gratuito de bagagem de m\u00e3o.<br \/>\n        Motta tamb\u00e9m informou que vai incluir na pauta projetos relacionados \u00e0 seguran\u00e7a p\u00fablica, como o que aumenta a pena para homic\u00eddio de agentes p\u00fablicos (PL 4176\/25) e o que dificulta o retorno de criminosos reincidentes \u00e0s ruas (<a class=\"linkProposicao\" href=\"https:\/\/www.camara.leg.br\/noticias\/1098279-proposta-preve-novos-criterios-para-justica-decretar-prisao-preventiva\">PL 226\/24<\/a>).<br \/>\n        &#8220;As mat\u00e9rias de combate \u00e0 viol\u00eancia foram consenso entre os secret\u00e1rios de Seguran\u00e7a do Brasil, que trouxeram essas demandas&#8221;, afirmou.<\/p>\n<p style=\"font-size: 0.8rem; font-weight: 700;\">Da Reda\u00e7\u00e3o \u2013 RL<\/p>\n<\/p><\/div>\n<\/p><\/div>\n<p><\/a><\/p>\n<p>Fonte: www.camara.leg.br<\/p>\n","protected":false},"excerpt":{"rendered":"<p>21\/10\/2025 &#8211; 08:33 \u00a0 Bruno Spada \/ C\u00e2mara dos Deputados Hugo Motta anunciou vota\u00e7\u00f5es desta semana O presidente da C\u00e2mara dos Deputados, Hugo Motta (Republicanos-PB), afirmou, em suas redes sociais, que o Plen\u00e1rio vai votar o pedido de urg\u00eancia para o Projeto de Lei (PL) 5041\/25, que pro\u00edbe a cobran\u00e7a de bagagem de m\u00e3o em [&hellip;]<\/p>\n","protected":false},"author":3,"featured_media":5229,"comment_status":"open","ping_status":"open","sticky":false,"template":"","format":"standard","meta":{"advanced_seo_description":"","jetpack_seo_html_title":"","jetpack_seo_noindex":false,"fifu_image_url":"https:\/\/www.camara.leg.br\/midias\/image\/2025\/10\/img20251015204646132-1-768x473.jpg","fifu_image_alt":"","_jetpack_memberships_contains_paid_content":false,"footnotes":"","jetpack_publicize_message":"","jetpack_publicize_feature_enabled":true,"jetpack_social_post_already_shared":true,"jetpack_social_options":{"image_generator_settings":{"template":"highway","default_image_id":0,"font":"","enabled":false},"version":2}},"categories":[107],"tags":[],"class_list":{"0":"post-5228","1":"post","2":"type-post","3":"status-publish","4":"format-standard","5":"has-post-thumbnail","7":"category-economia"},"jetpack_publicize_connections":[],"jetpack_featured_media_url":"https:\/\/i0.wp.com\/www.camara.leg.br\/midias\/image\/2025\/10\/img20251015204646132-1-768x473.jpg?fit=%2C&ssl=1","jetpack_sharing_enabled":true,"jetpack-related-posts":[],"_links":{"self":[{"href":"https:\/\/friburgonoticias.com.br\/temp\/wp-json\/wp\/v2\/posts\/5228","targetHints":{"allow":["GET"]}}],"collection":[{"href":"https:\/\/friburgonoticias.com.br\/temp\/wp-json\/wp\/v2\/posts"}],"about":[{"href":"https:\/\/friburgonoticias.com.br\/temp\/wp-json\/wp\/v2\/types\/post"}],"author":[{"embeddable":true,"href":"https:\/\/friburgonoticias.com.br\/temp\/wp-json\/wp\/v2\/users\/3"}],"replies":[{"embeddable":true,"href":"https:\/\/friburgonoticias.com.br\/temp\/wp-json\/wp\/v2\/comments?post=5228"}],"version-history":[{"count":0,"href":"https:\/\/friburgonoticias.com.br\/temp\/wp-json\/wp\/v2\/posts\/5228\/revisions"}],"wp:featuredmedia":[{"embeddable":true,"href":"https:\/\/friburgonoticias.com.br\/temp\/wp-json\/wp\/v2\/media\/5229"}],"wp:attachment":[{"href":"https:\/\/friburgonoticias.com.br\/temp\/wp-json\/wp\/v2\/media?parent=5228"}],"wp:term":[{"taxonomy":"category","embeddable":true,"href":"https:\/\/friburgonoticias.com.br\/temp\/wp-json\/wp\/v2\/categories?post=5228"},{"taxonomy":"post_tag","embeddable":true,"href":"https:\/\/friburgonoticias.com.br\/temp\/wp-json\/wp\/v2\/tags?post=5228"}],"curies":[{"name":"wp","href":"https:\/\/api.w.org\/{rel}","templated":true}]}}