{"id":5236,"date":"2025-10-21T18:37:25","date_gmt":"2025-10-21T18:37:25","guid":{"rendered":"https:\/\/friburgonoticias.com.br\/temp\/2025\/10\/21\/proposta-que-aumenta-o-numero-de-taxis-no-rio-e-aprovada-pela-camara-municipal\/"},"modified":"2025-10-21T18:37:25","modified_gmt":"2025-10-21T18:37:25","slug":"proposta-que-aumenta-o-numero-de-taxis-no-rio-e-aprovada-pela-camara-municipal","status":"publish","type":"post","link":"https:\/\/friburgonoticias.com.br\/temp\/2025\/10\/21\/proposta-que-aumenta-o-numero-de-taxis-no-rio-e-aprovada-pela-camara-municipal\/","title":{"rendered":"Proposta que aumenta o n\u00famero de t\u00e1xis no Rio \u00e9 aprovada pela C\u00e2mara Municipal"},"content":{"rendered":"<p><\/p>\n<div itemprop=\"articleBody\">\nA <a href=\"https:\/\/www.camara.rio\/\" target=\"_blank\" rel=\"noopener\">C\u00e2mara Municipal <\/a>aprovou, nesta ter\u00e7a-feira (21), o projeto de lei complementar que<a href=\"https:\/\/temporealrj.com\/prefeitura-prorroga-vida-util-dos-taxis-fabricados-entre-2010-e-2013\/\"> altera o n\u00famero de t\u00e1xis licenciados para operar no Rio<\/a>. Com a mudan\u00e7a, haver\u00e1 um ve\u00edculo para cada 180 habitantes, em vez do modelo atual, definido por outra lei de 2015, de um t\u00e1xi para cada 193 moradores. A medida segue agora para san\u00e7\u00e3o do prefeito Eduardo Paes (PSD).<\/p>\n<p>O autor do projeto, vereador Marcio Ribeiro (PSD), afirmou que a atualiza\u00e7\u00e3o \u00e9 necess\u00e1ria para acompanhar o crescimento populacional e a maior demanda por transporte na cidade. Segundo o parlamentar, a propor\u00e7\u00e3o atual est\u00e1 desatualizada e inadequada.<\/p>\n<p>\u201cAo propor a altera\u00e7\u00e3o para um ve\u00edculo para cada 180 habitantes, buscamos adequar a quantidade de t\u00e1xis dispon\u00edveis \u00e0 demanda real da popula\u00e7\u00e3o, garantindo um melhor atendimento \u00e0s necessidades de deslocamento dos cidad\u00e3os\u201d, afirmou Ribeiro, na justificativa da proposta.\n<\/p><\/div>\n<p><\/a><\/p>\n<p>Fonte: temporealrj.com<\/p>\n","protected":false},"excerpt":{"rendered":"<p>A C\u00e2mara Municipal aprovou, nesta ter\u00e7a-feira (21), o projeto de lei complementar que altera o n\u00famero de t\u00e1xis licenciados para operar no Rio. Com a mudan\u00e7a, haver\u00e1 um ve\u00edculo para cada 180 habitantes, em vez do modelo atual, definido por outra lei de 2015, de um t\u00e1xi para cada 193 moradores. A medida segue agora [&hellip;]<\/p>\n","protected":false},"author":3,"featured_media":5237,"comment_status":"open","ping_status":"open","sticky":false,"template":"","format":"standard","meta":{"advanced_seo_description":"","jetpack_seo_html_title":"","jetpack_seo_noindex":false,"fifu_image_url":"https:\/\/temporealrj.com\/wp-content\/uploads\/2025\/10\/taxis-e1761067225687.webp","fifu_image_alt":"","_jetpack_memberships_contains_paid_content":false,"footnotes":"","jetpack_publicize_message":"","jetpack_publicize_feature_enabled":true,"jetpack_social_post_already_shared":true,"jetpack_social_options":{"image_generator_settings":{"template":"highway","default_image_id":0,"font":"","enabled":false},"version":2}},"categories":[107],"tags":[],"class_list":{"0":"post-5236","1":"post","2":"type-post","3":"status-publish","4":"format-standard","5":"has-post-thumbnail","7":"category-economia"},"jetpack_publicize_connections":[],"jetpack_featured_media_url":"https:\/\/i0.wp.com\/temporealrj.com\/wp-content\/uploads\/2025\/10\/taxis-e1761067225687.webp?fit=%2C&ssl=1","jetpack_sharing_enabled":true,"jetpack-related-posts":[],"_links":{"self":[{"href":"https:\/\/friburgonoticias.com.br\/temp\/wp-json\/wp\/v2\/posts\/5236","targetHints":{"allow":["GET"]}}],"collection":[{"href":"https:\/\/friburgonoticias.com.br\/temp\/wp-json\/wp\/v2\/posts"}],"about":[{"href":"https:\/\/friburgonoticias.com.br\/temp\/wp-json\/wp\/v2\/types\/post"}],"author":[{"embeddable":true,"href":"https:\/\/friburgonoticias.com.br\/temp\/wp-json\/wp\/v2\/users\/3"}],"replies":[{"embeddable":true,"href":"https:\/\/friburgonoticias.com.br\/temp\/wp-json\/wp\/v2\/comments?post=5236"}],"version-history":[{"count":0,"href":"https:\/\/friburgonoticias.com.br\/temp\/wp-json\/wp\/v2\/posts\/5236\/revisions"}],"wp:featuredmedia":[{"embeddable":true,"href":"https:\/\/friburgonoticias.com.br\/temp\/wp-json\/wp\/v2\/media\/5237"}],"wp:attachment":[{"href":"https:\/\/friburgonoticias.com.br\/temp\/wp-json\/wp\/v2\/media?parent=5236"}],"wp:term":[{"taxonomy":"category","embeddable":true,"href":"https:\/\/friburgonoticias.com.br\/temp\/wp-json\/wp\/v2\/categories?post=5236"},{"taxonomy":"post_tag","embeddable":true,"href":"https:\/\/friburgonoticias.com.br\/temp\/wp-json\/wp\/v2\/tags?post=5236"}],"curies":[{"name":"wp","href":"https:\/\/api.w.org\/{rel}","templated":true}]}}