{"id":5260,"date":"2025-10-22T19:12:31","date_gmt":"2025-10-22T19:12:31","guid":{"rendered":"https:\/\/friburgonoticias.com.br\/temp\/2025\/10\/22\/projeto-preve-medidas-de-controle-para-investigados-ou-condenados-por-pedofilia-noticias\/"},"modified":"2025-10-22T19:12:31","modified_gmt":"2025-10-22T19:12:31","slug":"projeto-preve-medidas-de-controle-para-investigados-ou-condenados-por-pedofilia-noticias","status":"publish","type":"post","link":"https:\/\/friburgonoticias.com.br\/temp\/2025\/10\/22\/projeto-preve-medidas-de-controle-para-investigados-ou-condenados-por-pedofilia-noticias\/","title":{"rendered":"Projeto prev\u00ea medidas de controle para investigados ou condenados por pedofilia &#8211; Not\u00edcias"},"content":{"rendered":"<p><\/p>\n<div>\n<p class=\"g-artigo__data-hora\">\n                      22\/10\/2025 &#8211; 15:34 \u00a0\n                    <\/p>\n<div id=\"image-container-1214641\" class=\"image-container\" style=\"float: none; margin: 45px 0px; width: 100%;\" data-midia=\"1214641\">\n        <em>Kayo Magalh\u00e3es \/ C\u00e2mara dos Deputados<\/em><\/p>\n<p>        Dr. Zacharias Calil: um dos objetivos \u00e9 evitar a reincid\u00eancia do crime\n        <\/p><\/div>\n<p>        O Projeto de Lei 485\/25, em an\u00e1lise na C\u00e2mara dos Deputados, estabelece medidas adicionais de controle e restri\u00e7\u00e3o para pessoas investigadas ou condenadas por crimes de pedofilia.<br \/>\n        O texto prev\u00ea, por exemplo, uso de tornozeleira eletr\u00f4nica, a proibi\u00e7\u00e3o de contato com crian\u00e7as e a participa\u00e7\u00e3o em programa de reabilita\u00e7\u00e3o.<br \/>\n        A proposta \u00e9 de autoria do deputado Dr. Zacharias Calil (Uni\u00e3o-GO). Ele afirma que as a\u00e7\u00f5es visam combater um dos principais problemas da pedofilia: as altas taxas de reincid\u00eancia dos criminosos, especialmente quando n\u00e3o submetidos a mecanismos rigorosos de monitoramento e controle.<br \/>\n        \u201cA aus\u00eancia de restri\u00e7\u00f5es espec\u00edficas permite que muitos condenados ou investigados voltem a cometer crimes, expondo a sociedade a riscos desnecess\u00e1rios\u201d, disse Calil.<br \/>\n        <strong>Fase investigat\u00f3ria<br \/><\/strong>De acordo com o projeto, o juiz poder\u00e1 impor, ainda durante a fase de investiga\u00e7\u00e3o, medidas cautelares como monitoramento eletr\u00f4nico obrigat\u00f3rio e recolhimento domiciliar noturno. Tamb\u00e9m poder\u00e1 proibir o investigado de interagir com crian\u00e7as ou adolescentes, mesmo virtualmente.<br \/>\n        Em rela\u00e7\u00e3o aos condenados por crime de pedofilia, as medidas restritivas aplic\u00e1veis incluem:<\/p>\n<ul>\n<li>monitoramento eletr\u00f4nico cont\u00ednuo, com restri\u00e7\u00e3o de acesso a \u00e1reas previamente delimitadas pela Justi\u00e7a;<\/li>\n<li>proibi\u00e7\u00e3o de acesso a locais de intera\u00e7\u00e3o infantil (com dist\u00e2ncia m\u00ednima de 500 metros desses locais);<\/li>\n<li>proibi\u00e7\u00e3o de acesso \u00e0 internet; e<\/li>\n<li>mudan\u00e7a de resid\u00eancia para local distante da v\u00edtima e de seus familiares.<\/li>\n<\/ul>\n<p>        <strong>Programa de reabilita\u00e7\u00e3o<br \/><\/strong>A proposta determina ainda que os condenados dever\u00e3o participar, obrigatoriamente, de programas de reabilita\u00e7\u00e3o, incluindo sess\u00f5es psicoterap\u00eauticas semanais, com relat\u00f3rios peri\u00f3dicos avaliados por equipes multidisciplinares.<br \/>\n        O investigado ou condenado que descumprir as medidas cautelares ficar\u00e1 sujeito a multa di\u00e1ria, retorno \u00e0 pris\u00e3o e suspens\u00e3o de benef\u00edcios penais ou processuais.<br \/>\n        <strong>Pr\u00f3ximos passos<br \/><\/strong>O projeto ser\u00e1 analisado pela Comiss\u00e3o de Constitui\u00e7\u00e3o e Justi\u00e7a e de Cidadania (CCJ); e pelo Plen\u00e1rio. Para virar lei, precisa ser aprovado pela C\u00e2mara e pelo Senado.<\/p>\n<p>        \u00a0<br \/>\n        \u00a0<br \/>\n        <iframe class=\"infografico-container\" style=\"width: 100%; height: 100%;\" src=\"https:\/\/www.camara.leg.br\/internet\/agencia\/infograficos-html5\/violencia-contra-criancas-adolescentes\/index.html\" frameborder=\"0\" data-mce-fragment=\"1\"><\/iframe><br \/>\n        \u00a0<\/p>\n<p style=\"font-size: 0.8rem; font-weight: 700;\">Reportagem \u2013 Janary J\u00fanior<br \/>Edi\u00e7\u00e3o \u2013 Marcelo Oliveira<\/p>\n<\/p><\/div>\n<p><\/a><\/p>\n<p>Fonte: www.camara.leg.br<\/p>\n","protected":false},"excerpt":{"rendered":"<p>22\/10\/2025 &#8211; 15:34 \u00a0 Kayo Magalh\u00e3es \/ C\u00e2mara dos Deputados Dr. Zacharias Calil: um dos objetivos \u00e9 evitar a reincid\u00eancia do crime O Projeto de Lei 485\/25, em an\u00e1lise na C\u00e2mara dos Deputados, estabelece medidas adicionais de controle e restri\u00e7\u00e3o para pessoas investigadas ou condenadas por crimes de pedofilia. O texto prev\u00ea, por exemplo, uso [&hellip;]<\/p>\n","protected":false},"author":3,"featured_media":5261,"comment_status":"open","ping_status":"open","sticky":false,"template":"","format":"standard","meta":{"advanced_seo_description":"","jetpack_seo_html_title":"","jetpack_seo_noindex":false,"fifu_image_url":"https:\/\/www.camara.leg.br\/midias\/image\/2025\/10\/img20251014213942298-768x473.jpg","fifu_image_alt":"","_jetpack_memberships_contains_paid_content":false,"footnotes":"","jetpack_publicize_message":"","jetpack_publicize_feature_enabled":true,"jetpack_social_post_already_shared":true,"jetpack_social_options":{"image_generator_settings":{"template":"highway","default_image_id":0,"font":"","enabled":false},"version":2}},"categories":[106,1],"tags":[],"class_list":{"0":"post-5260","1":"post","2":"type-post","3":"status-publish","4":"format-standard","5":"has-post-thumbnail","7":"category-politica","8":"category-uncategorized"},"jetpack_publicize_connections":[],"jetpack_featured_media_url":"https:\/\/i0.wp.com\/www.camara.leg.br\/midias\/image\/2025\/10\/img20251014213942298-768x473.jpg?fit=%2C&ssl=1","jetpack_sharing_enabled":true,"jetpack-related-posts":[],"_links":{"self":[{"href":"https:\/\/friburgonoticias.com.br\/temp\/wp-json\/wp\/v2\/posts\/5260","targetHints":{"allow":["GET"]}}],"collection":[{"href":"https:\/\/friburgonoticias.com.br\/temp\/wp-json\/wp\/v2\/posts"}],"about":[{"href":"https:\/\/friburgonoticias.com.br\/temp\/wp-json\/wp\/v2\/types\/post"}],"author":[{"embeddable":true,"href":"https:\/\/friburgonoticias.com.br\/temp\/wp-json\/wp\/v2\/users\/3"}],"replies":[{"embeddable":true,"href":"https:\/\/friburgonoticias.com.br\/temp\/wp-json\/wp\/v2\/comments?post=5260"}],"version-history":[{"count":0,"href":"https:\/\/friburgonoticias.com.br\/temp\/wp-json\/wp\/v2\/posts\/5260\/revisions"}],"wp:featuredmedia":[{"embeddable":true,"href":"https:\/\/friburgonoticias.com.br\/temp\/wp-json\/wp\/v2\/media\/5261"}],"wp:attachment":[{"href":"https:\/\/friburgonoticias.com.br\/temp\/wp-json\/wp\/v2\/media?parent=5260"}],"wp:term":[{"taxonomy":"category","embeddable":true,"href":"https:\/\/friburgonoticias.com.br\/temp\/wp-json\/wp\/v2\/categories?post=5260"},{"taxonomy":"post_tag","embeddable":true,"href":"https:\/\/friburgonoticias.com.br\/temp\/wp-json\/wp\/v2\/tags?post=5260"}],"curies":[{"name":"wp","href":"https:\/\/api.w.org\/{rel}","templated":true}]}}