{"id":5268,"date":"2025-10-22T21:02:30","date_gmt":"2025-10-22T21:02:30","guid":{"rendered":"https:\/\/friburgonoticias.com.br\/temp\/2025\/10\/22\/comissao-de-constituicao-e-justica-aprova-garantia-de-vaga-em-escolas-no-periodo-diurno-para-estudante-com-filho-noticias\/"},"modified":"2025-10-22T21:02:30","modified_gmt":"2025-10-22T21:02:30","slug":"comissao-de-constituicao-e-justica-aprova-garantia-de-vaga-em-escolas-no-periodo-diurno-para-estudante-com-filho-noticias","status":"publish","type":"post","link":"https:\/\/friburgonoticias.com.br\/temp\/2025\/10\/22\/comissao-de-constituicao-e-justica-aprova-garantia-de-vaga-em-escolas-no-periodo-diurno-para-estudante-com-filho-noticias\/","title":{"rendered":"Comiss\u00e3o de Constitui\u00e7\u00e3o e Justi\u00e7a aprova garantia de vaga em escolas no per\u00edodo diurno para estudante com filho &#8211; Not\u00edcias"},"content":{"rendered":"<p><\/p>\n<div>\n<div>\n<p class=\"g-artigo__data-hora\">\n                      22\/10\/2025 &#8211; 15:47 \u00a0\n                    <\/p>\n<div id=\"image-container-1214812\" class=\"image-container\" style=\"float: none; margin: 45px 0px; width: 100%;\" data-midia=\"1214812\">\n        <em>Renato Ara\u00fajo \/ C\u00e2mara dos Deputados<\/em><\/p>\n<p>        L\u00eddice da Mata, relatora da proposta\n        <\/p><\/div>\n<p>        A Comiss\u00e3o de Constitui\u00e7\u00e3o e Justi\u00e7a e de Cidadania (CCJ) da C\u00e2mara dos Deputados aprovou, em <span id=\"4322\" class=\"termoGlossario\" title=\"Rito de tramita\u00e7\u00e3o pelo qual o projeto \u00e9 votado apenas pelas comiss\u00f5es designadas para analis\u00e1-lo, dispensada a delibera\u00e7\u00e3o do Plen\u00e1rio. O projeto perde o car\u00e1ter conclusivo se houver decis\u00e3o divergente entre as comiss\u00f5es ou se, independentemente de ser aprovado ou rejeitado, houver recurso assinado por 52 deputados para a aprecia\u00e7\u00e3o da mat\u00e9ria no Plen\u00e1rio.\" contenteditable=\"false\" data-toggle=\"tooltip\" data-placement=\"top\">car\u00e1ter conclusivo<\/span>, projeto que assegura aos estudantes com filhos ou dependentes (de at\u00e9 17 anos) a oferta de vagas diurnas nos ensinos fundamental e m\u00e9dio. O objetivo \u00e9 compatibilizar as atividades escolares de toda a fam\u00edlia.<br \/>\n        A medida dever\u00e1 valer para a modalidade de educa\u00e7\u00e3o de jovens e adultos (EJA) e para educa\u00e7\u00e3o regular.<br \/>\n        A proposta seguir\u00e1 agora para o Senado, a menos que haja recurso para an\u00e1lise do Plen\u00e1rio.<\/p>\n<p>        Por recomenda\u00e7\u00e3o da relatora, deputada L\u00eddice da Mata (PSB-BA), foi aprovada a <a href=\"https:\/\/www.camara.leg.br\/noticias\/972723-COMISSAO-APROVA-GARANTIA-DE-VAGA-EM-ESCOLAS-NO-PERIODO-DIURNO-PARA-ESTUDANTES-COM-FILHOS\">vers\u00e3o da Comiss\u00e3o de Educa\u00e7\u00e3o<\/a> para o Projeto de Lei 4593\/21, da deputada Tabata Amaral (PSB-SP). O texto altera a <a href=\"https:\/\/www2.camara.gov.br\/legin\/fed\/lei\/1996\/lei-9394-20-dezembro-1996-362578-norma-pl.html\">Lei de Diretrizes e Bases da Educa\u00e7\u00e3o Nacional<\/a> (LDB).<\/p>\n<p>        A <a href=\"https:\/\/www.camara.leg.br\/noticias\/849797-projeto-preve-vagas-no-turno-diurno-para-mulheres-com-filhos-na-educacao-de-jovens-e-adultos\">proposta original<\/a> assegurava apenas \u00e0s mulheres com filhos ou dependentes de at\u00e9 17 anos a oferta de vagas diurnas na modalidade EJA, em hor\u00e1rios compat\u00edveis com a escola dos herdeiros.<\/p>\n<p style=\"font-size: 0.8rem; font-weight: 700;\">Da Reportagem\/RM<br \/>Edi\u00e7\u00e3o \u2013 Marcelo Oliveira<\/p>\n<\/p><\/div>\n<\/p><\/div>\n<p><\/a><\/p>\n<p>Fonte: www.camara.leg.br<\/p>\n","protected":false},"excerpt":{"rendered":"<p>22\/10\/2025 &#8211; 15:47 \u00a0 Renato Ara\u00fajo \/ C\u00e2mara dos Deputados L\u00eddice da Mata, relatora da proposta A Comiss\u00e3o de Constitui\u00e7\u00e3o e Justi\u00e7a e de Cidadania (CCJ) da C\u00e2mara dos Deputados aprovou, em car\u00e1ter conclusivo, projeto que assegura aos estudantes com filhos ou dependentes (de at\u00e9 17 anos) a oferta de vagas diurnas nos ensinos fundamental [&hellip;]<\/p>\n","protected":false},"author":3,"featured_media":5269,"comment_status":"open","ping_status":"open","sticky":false,"template":"","format":"standard","meta":{"advanced_seo_description":"","jetpack_seo_html_title":"","jetpack_seo_noindex":false,"fifu_image_url":"https:\/\/www.camara.leg.br\/midias\/image\/2025\/10\/img20251008121500764-768x473.jpg","fifu_image_alt":"","_jetpack_memberships_contains_paid_content":false,"footnotes":"","jetpack_publicize_message":"","jetpack_publicize_feature_enabled":true,"jetpack_social_post_already_shared":true,"jetpack_social_options":{"image_generator_settings":{"template":"highway","default_image_id":0,"font":"","enabled":false},"version":2}},"categories":[106,1],"tags":[],"class_list":{"0":"post-5268","1":"post","2":"type-post","3":"status-publish","4":"format-standard","5":"has-post-thumbnail","7":"category-politica","8":"category-uncategorized"},"jetpack_publicize_connections":[],"jetpack_featured_media_url":"https:\/\/i0.wp.com\/www.camara.leg.br\/midias\/image\/2025\/10\/img20251008121500764-768x473.jpg?fit=%2C&ssl=1","jetpack_sharing_enabled":true,"jetpack-related-posts":[],"_links":{"self":[{"href":"https:\/\/friburgonoticias.com.br\/temp\/wp-json\/wp\/v2\/posts\/5268","targetHints":{"allow":["GET"]}}],"collection":[{"href":"https:\/\/friburgonoticias.com.br\/temp\/wp-json\/wp\/v2\/posts"}],"about":[{"href":"https:\/\/friburgonoticias.com.br\/temp\/wp-json\/wp\/v2\/types\/post"}],"author":[{"embeddable":true,"href":"https:\/\/friburgonoticias.com.br\/temp\/wp-json\/wp\/v2\/users\/3"}],"replies":[{"embeddable":true,"href":"https:\/\/friburgonoticias.com.br\/temp\/wp-json\/wp\/v2\/comments?post=5268"}],"version-history":[{"count":0,"href":"https:\/\/friburgonoticias.com.br\/temp\/wp-json\/wp\/v2\/posts\/5268\/revisions"}],"wp:featuredmedia":[{"embeddable":true,"href":"https:\/\/friburgonoticias.com.br\/temp\/wp-json\/wp\/v2\/media\/5269"}],"wp:attachment":[{"href":"https:\/\/friburgonoticias.com.br\/temp\/wp-json\/wp\/v2\/media?parent=5268"}],"wp:term":[{"taxonomy":"category","embeddable":true,"href":"https:\/\/friburgonoticias.com.br\/temp\/wp-json\/wp\/v2\/categories?post=5268"},{"taxonomy":"post_tag","embeddable":true,"href":"https:\/\/friburgonoticias.com.br\/temp\/wp-json\/wp\/v2\/tags?post=5268"}],"curies":[{"name":"wp","href":"https:\/\/api.w.org\/{rel}","templated":true}]}}