{"id":5290,"date":"2025-10-23T15:03:45","date_gmt":"2025-10-23T15:03:45","guid":{"rendered":"https:\/\/friburgonoticias.com.br\/temp\/2025\/10\/23\/hugo-motta-anuncia-votacao-de-projetos-sobre-bebidas-adulteradas-e-cobranca-de-bagagens-noticias\/"},"modified":"2025-10-23T15:03:45","modified_gmt":"2025-10-23T15:03:45","slug":"hugo-motta-anuncia-votacao-de-projetos-sobre-bebidas-adulteradas-e-cobranca-de-bagagens-noticias","status":"publish","type":"post","link":"https:\/\/friburgonoticias.com.br\/temp\/2025\/10\/23\/hugo-motta-anuncia-votacao-de-projetos-sobre-bebidas-adulteradas-e-cobranca-de-bagagens-noticias\/","title":{"rendered":"Hugo Motta anuncia vota\u00e7\u00e3o de projetos sobre bebidas adulteradas e cobran\u00e7a de bagagens &#8211; Not\u00edcias"},"content":{"rendered":"<p><\/p>\n<div>\n<div>\n<p class=\"g-artigo__data-hora\">\n                      23\/10\/2025 &#8211; 11:56 \u00a0\n                    <\/p>\n<div id=\"image-container-1215203\" class=\"image-container\" style=\"float: none; margin: 45px 0px; width: 100%;\" data-midia=\"1215203\">\n        <em>Marina Ramos \/ C\u00e2mara dos Deputados<\/em><\/p>\n<p>        Motta preside a reuni\u00e3o do Col\u00e9gio de L\u00edderes\n        <\/p><\/div>\n<p>        O presidente da C\u00e2mara dos Deputados, Hugo Motta (Republicanos-PB), anunciou que a pauta do Plen\u00e1rio,\u00a0na semana que vem, vai incluir a vota\u00e7\u00e3o do projeto que torna crime hediondo a falsifica\u00e7\u00e3o e a adultera\u00e7\u00e3o de alimentos e bebidas (<a class=\"linkProposicao\" href=\"https:\/\/www.camara.leg.br\/noticias\/113635-adulteracao-de-alimentos-podera-ser-crime-hediondo\">PL 2307\/07<\/a>), e tamb\u00e9m da proposta que pro\u00edbe a cobran\u00e7a de bagagem de m\u00e3o em voos no Brasil (PL 5041\/25).<br \/>\n        &#8220;Votaremos ainda outras mat\u00e9rias fundamentais para o Brasil, envolvendo a seguran\u00e7a p\u00fablica e o Outubro Rosa&#8221;, afirmou. &#8220;Semana de muito trabalho pelo pa\u00eds! Vamos iniciar a pr\u00f3xima segunda (27) com vota\u00e7\u00f5es em Plen\u00e1rio, num esfor\u00e7o concentrado at\u00e9 quinta&#8221;.<br \/>\n        A declara\u00e7\u00e3o foi dada em suas redes sociais, logo ap\u00f3s a reuni\u00e3o de l\u00edderes desta quinta-feira (23).<\/p>\n<p style=\"font-size: 0.8rem; font-weight: 700;\">Reportagem &#8211; Francisco Brand\u00e3o<br \/>Edi\u00e7\u00e3o &#8211; Wilson Silveira<\/p>\n<\/p><\/div>\n<\/p><\/div>\n<p><\/a><\/p>\n<p>Fonte: www.camara.leg.br<\/p>\n","protected":false},"excerpt":{"rendered":"<p>23\/10\/2025 &#8211; 11:56 \u00a0 Marina Ramos \/ C\u00e2mara dos Deputados Motta preside a reuni\u00e3o do Col\u00e9gio de L\u00edderes O presidente da C\u00e2mara dos Deputados, Hugo Motta (Republicanos-PB), anunciou que a pauta do Plen\u00e1rio,\u00a0na semana que vem, vai incluir a vota\u00e7\u00e3o do projeto que torna crime hediondo a falsifica\u00e7\u00e3o e a adultera\u00e7\u00e3o de alimentos e bebidas [&hellip;]<\/p>\n","protected":false},"author":3,"featured_media":5291,"comment_status":"open","ping_status":"open","sticky":false,"template":"","format":"standard","meta":{"advanced_seo_description":"","jetpack_seo_html_title":"","jetpack_seo_noindex":false,"fifu_image_url":"https:\/\/www.camara.leg.br\/midias\/image\/2025\/10\/img20251023111243198-768x473.jpg","fifu_image_alt":"","_jetpack_memberships_contains_paid_content":false,"footnotes":"","jetpack_publicize_message":"","jetpack_publicize_feature_enabled":true,"jetpack_social_post_already_shared":true,"jetpack_social_options":{"image_generator_settings":{"template":"highway","default_image_id":0,"font":"","enabled":false},"version":2}},"categories":[107],"tags":[],"class_list":{"0":"post-5290","1":"post","2":"type-post","3":"status-publish","4":"format-standard","5":"has-post-thumbnail","7":"category-economia"},"jetpack_publicize_connections":[],"jetpack_featured_media_url":"https:\/\/i0.wp.com\/www.camara.leg.br\/midias\/image\/2025\/10\/img20251023111243198-768x473.jpg?fit=%2C&ssl=1","jetpack_sharing_enabled":true,"jetpack-related-posts":[],"_links":{"self":[{"href":"https:\/\/friburgonoticias.com.br\/temp\/wp-json\/wp\/v2\/posts\/5290","targetHints":{"allow":["GET"]}}],"collection":[{"href":"https:\/\/friburgonoticias.com.br\/temp\/wp-json\/wp\/v2\/posts"}],"about":[{"href":"https:\/\/friburgonoticias.com.br\/temp\/wp-json\/wp\/v2\/types\/post"}],"author":[{"embeddable":true,"href":"https:\/\/friburgonoticias.com.br\/temp\/wp-json\/wp\/v2\/users\/3"}],"replies":[{"embeddable":true,"href":"https:\/\/friburgonoticias.com.br\/temp\/wp-json\/wp\/v2\/comments?post=5290"}],"version-history":[{"count":0,"href":"https:\/\/friburgonoticias.com.br\/temp\/wp-json\/wp\/v2\/posts\/5290\/revisions"}],"wp:featuredmedia":[{"embeddable":true,"href":"https:\/\/friburgonoticias.com.br\/temp\/wp-json\/wp\/v2\/media\/5291"}],"wp:attachment":[{"href":"https:\/\/friburgonoticias.com.br\/temp\/wp-json\/wp\/v2\/media?parent=5290"}],"wp:term":[{"taxonomy":"category","embeddable":true,"href":"https:\/\/friburgonoticias.com.br\/temp\/wp-json\/wp\/v2\/categories?post=5290"},{"taxonomy":"post_tag","embeddable":true,"href":"https:\/\/friburgonoticias.com.br\/temp\/wp-json\/wp\/v2\/tags?post=5290"}],"curies":[{"name":"wp","href":"https:\/\/api.w.org\/{rel}","templated":true}]}}