{"id":5310,"date":"2025-10-24T12:58:23","date_gmt":"2025-10-24T12:58:23","guid":{"rendered":"https:\/\/friburgonoticias.com.br\/temp\/2025\/10\/24\/video-flagra-onca-parda-cacando-catetos-no-parque-dos-tres-picos\/"},"modified":"2025-10-24T12:58:23","modified_gmt":"2025-10-24T12:58:23","slug":"video-flagra-onca-parda-cacando-catetos-no-parque-dos-tres-picos","status":"publish","type":"post","link":"https:\/\/friburgonoticias.com.br\/temp\/2025\/10\/24\/video-flagra-onca-parda-cacando-catetos-no-parque-dos-tres-picos\/","title":{"rendered":"V\u00eddeo flagra on\u00e7a-parda ca\u00e7ando catetos no Parque dos\u00a0Tr\u00eas\u00a0Picos"},"content":{"rendered":"<p><\/p>\n<div id=\"post-57302\">\n<div class=\"post-header post-tp-13-header\">\n<div class=\"single-featured\">\n<img loading=\"lazy\" decoding=\"async\" data-lazyloaded=\"1\" src=\"https:\/\/www.serranewsrj.com.br\/wp-content\/uploads\/2025\/10\/zonca-pega-porcos2-1024x622-1-1024x580.jpg\" width=\"1024\" height=\"580\" alt=\"V\u00eddeo flagra on\u00e7a-parda ca\u00e7ando catetos no Parque dos\u00a0Tr\u00eas\u00a0Picos\"\/>                                            <span class=\"image-credit\">Imagens do projeto Aventura Animal. <\/span><\/div>\n<\/div>\n<div class=\"entry-content clearfix single-post-content\">\n<p style=\"text-align: justify;\">Uma on\u00e7a-parda foi flagrada perseguindo um grupo de catetos no Parque Estadual dos Tr\u00eas Picos, em Nova Friburgo. O registro, feito pelas armadilhas fotogr\u00e1ficas do Projeto Aventura Animal, confirma a presen\u00e7a ativa do felino na \u00e1rea de conserva\u00e7\u00e3o administrada pelo Inea.<\/p>\n<div class=\"mkulr mkulr-post-inline mkulr-float-center mkulr-align-center mkulr-column-1 mkulr-clearfix no-bg-box-model\">\n<div id=\"mkulr-56737-1488636328\" class=\"mkulr-container mkulr-type-image\" itemscope=\"\" itemtype=\"https:\/\/schema.org\/WPAdBlock\" data-adid=\"56737\" data-type=\"image\"><a itemprop=\"url\" class=\"mkulr-link\" href=\"https:\/\/www.instagram.com\/euclidesemfoco?utm_source=ig_web_button_share_sheet&amp;igsh=ZDNlZDc0MzIxNw==\" target=\"_blank\" rel=\"nofollow\"><img loading=\"lazy\" decoding=\"async\" data-lazyloaded=\"1\" width=\"1200\" height=\"300\" class=\"mkulr-image\" src=\"https:\/\/www.serranewsrj.com.br\/wp-content\/uploads\/2025\/10\/BannerHomePage-ezgif.com-png-to-webp-converter-1.webp\" alt=\"Euclides em Foco \u2013 Outubro (1200\u00d7400 pxl) WebP\"\/><\/a><\/div>\n<\/div>\n<p style=\"text-align: justify;\">Nas imagens, os catetos cruzam uma trilha e, logo depois, a on\u00e7a aparece farejando o solo. Esse comportamento, conhecido como acostamento, \u00e9 t\u00edpico durante a ca\u00e7a. A cena revela o equil\u00edbrio natural entre predador e presa na Mata Atl\u00e2ntica.<\/p>\n<blockquote class=\"instagram-media\" style=\"background: #FFF; border: 0; border-radius: 3px; box-shadow: 0 0 1px 0 rgba(0,0,0,0.5),0 1px 10px 0 rgba(0,0,0,0.15); margin: 1px; max-width: 540px; min-width: 326px; padding: 0; width: calc(100% - 2px);\" data-instgrm-permalink=\"https:\/\/www.instagram.com\/reel\/DQMUW8KEf4j\/?utm_source=ig_embed&amp;utm_campaign=loading\" data-instgrm-version=\"14\"\/>\n<div class=\"mkulr mkulr-post-inline mkulr-float-center mkulr-align-center mkulr-column-1 mkulr-clearfix no-bg-box-model\">\n<div id=\"mkulr-49250-756295681\" class=\"mkulr-container mkulr-type-image\" itemscope=\"\" itemtype=\"https:\/\/schema.org\/WPAdBlock\" data-adid=\"49250\" data-type=\"image\"><a itemprop=\"url\" class=\"mkulr-link\" href=\"https:\/\/www.evosolar.com.br\/simuladorsolarrj\" target=\"_blank\" rel=\"nofollow\"><img loading=\"lazy\" decoding=\"async\" data-lazyloaded=\"1\" width=\"2560\" height=\"520\" class=\"mkulr-image\" src=\"https:\/\/www.serranewsrj.com.br\/wp-content\/uploads\/2025\/05\/BannerdositedaSerraNews1230x250px-ezgif.com-png-to-webp-converter-1-scaled.webp\" alt=\"Evosolar (Maio) WebP \u2013 1230 x 250 px\"\/><\/a><\/div>\n<\/div>\n<p style=\"text-align: justify;\">O secret\u00e1rio de Estado do Ambiente, Bernardo Rossi, destacou a import\u00e2ncia do registro. Segundo ele, o uso de armadilhas fotogr\u00e1ficas \u00e9 essencial para monitorar a biodiversidade e comprova o sucesso do trabalho de conserva\u00e7\u00e3o do Inea.<\/p>\n<p style=\"text-align: justify;\">A presen\u00e7a da on\u00e7a e dos catetos indica a boa sa\u00fade do ecossistema. A on\u00e7a controla popula\u00e7\u00f5es de presas, enquanto os catetos ajudam na dispers\u00e3o de sementes, garantindo o equil\u00edbrio ambiental da regi\u00e3o.<\/p>\n<div class=\"mkulr mkulr-post-inline mkulr-float-center mkulr-align-center mkulr-column-1 mkulr-clearfix no-bg-box-model\">\n<div id=\"mkulr-52933-1722862223\" class=\"mkulr-container mkulr-type-image\" itemscope=\"\" itemtype=\"https:\/\/schema.org\/WPAdBlock\" data-adid=\"52933\" data-type=\"image\"><a itemprop=\"url\" class=\"mkulr-link\" href=\"https:\/\/jmfsaude.com.br\/\" target=\"_blank\" rel=\"nofollow\"><img loading=\"lazy\" decoding=\"async\" data-lazyloaded=\"1\" width=\"1200\" height=\"400\" class=\"mkulr-image\" src=\"https:\/\/www.serranewsrj.com.br\/wp-content\/uploads\/2025\/03\/bannersiteJMF-ezgif.com-png-to-webp-converter.webp\" alt=\"JMF Solu\u00e7\u00f5es em Sa\u00fade \u2013 1200\u00d7400 pxl WebP\"\/><\/a><\/div>\n<\/div>\n<\/div>\n<\/div>\n<div id=\"\">\n<a href=\"https:\/\/www.serranewsrj.com.br\/author\/admin-2\" title=\"Artigos de autor\"><br \/>\n<span class=\"post-author-avatar\" itemprop=\"image\"><img loading=\"lazy\" decoding=\"async\" data-lazyloaded=\"1\" alt=\"\" src=\"https:\/\/www.serranewsrj.com.br\/wp-content\/uploads\/2025\/03\/REDONDA-4-180x180.png\" class=\"avatar avatar-80 photo avatar-default\" height=\"80\" width=\"80\"\/><\/span><br \/>\n<\/a><\/p>\n<div class=\"post-author-bio\" itemprop=\"description\">A sua fonte segura de informa\u00e7\u00e3o no interior do Rio de Janeiro.<\/p>\n<\/div>\n<\/div>\n<p><script async src=\"\/\/www.instagram.com\/embed.js\"><\/script><br \/>\n<br \/><\/a><\/p>\n<p>Fonte: www.serranewsrj.com.br<\/p>\n","protected":false},"excerpt":{"rendered":"<p>Imagens do projeto Aventura Animal. Uma on\u00e7a-parda foi flagrada perseguindo um grupo de catetos no Parque Estadual dos Tr\u00eas Picos, em Nova Friburgo. O registro, feito pelas armadilhas fotogr\u00e1ficas do Projeto Aventura Animal, confirma a presen\u00e7a ativa do felino na \u00e1rea de conserva\u00e7\u00e3o administrada pelo Inea. Nas imagens, os catetos cruzam uma trilha e, logo [&hellip;]<\/p>\n","protected":false},"author":3,"featured_media":5311,"comment_status":"open","ping_status":"open","sticky":false,"template":"","format":"standard","meta":{"advanced_seo_description":"","jetpack_seo_html_title":"","jetpack_seo_noindex":false,"fifu_image_url":"https:\/\/www.serranewsrj.com.br\/wp-content\/uploads\/2025\/10\/zonca-pega-porcos2-1024x622-1.jpg","fifu_image_alt":"","_jetpack_memberships_contains_paid_content":false,"footnotes":"","jetpack_publicize_message":"","jetpack_publicize_feature_enabled":true,"jetpack_social_post_already_shared":true,"jetpack_social_options":{"image_generator_settings":{"template":"highway","default_image_id":0,"font":"","enabled":false},"version":2}},"categories":[104,1],"tags":[],"class_list":{"0":"post-5310","1":"post","2":"type-post","3":"status-publish","4":"format-standard","5":"has-post-thumbnail","7":"category-cidade","8":"category-uncategorized"},"jetpack_publicize_connections":[],"jetpack_featured_media_url":"https:\/\/i0.wp.com\/www.serranewsrj.com.br\/wp-content\/uploads\/2025\/10\/zonca-pega-porcos2-1024x622-1.jpg?fit=%2C&ssl=1","jetpack_sharing_enabled":true,"jetpack-related-posts":[],"_links":{"self":[{"href":"https:\/\/friburgonoticias.com.br\/temp\/wp-json\/wp\/v2\/posts\/5310","targetHints":{"allow":["GET"]}}],"collection":[{"href":"https:\/\/friburgonoticias.com.br\/temp\/wp-json\/wp\/v2\/posts"}],"about":[{"href":"https:\/\/friburgonoticias.com.br\/temp\/wp-json\/wp\/v2\/types\/post"}],"author":[{"embeddable":true,"href":"https:\/\/friburgonoticias.com.br\/temp\/wp-json\/wp\/v2\/users\/3"}],"replies":[{"embeddable":true,"href":"https:\/\/friburgonoticias.com.br\/temp\/wp-json\/wp\/v2\/comments?post=5310"}],"version-history":[{"count":0,"href":"https:\/\/friburgonoticias.com.br\/temp\/wp-json\/wp\/v2\/posts\/5310\/revisions"}],"wp:featuredmedia":[{"embeddable":true,"href":"https:\/\/friburgonoticias.com.br\/temp\/wp-json\/wp\/v2\/media\/5311"}],"wp:attachment":[{"href":"https:\/\/friburgonoticias.com.br\/temp\/wp-json\/wp\/v2\/media?parent=5310"}],"wp:term":[{"taxonomy":"category","embeddable":true,"href":"https:\/\/friburgonoticias.com.br\/temp\/wp-json\/wp\/v2\/categories?post=5310"},{"taxonomy":"post_tag","embeddable":true,"href":"https:\/\/friburgonoticias.com.br\/temp\/wp-json\/wp\/v2\/tags?post=5310"}],"curies":[{"name":"wp","href":"https:\/\/api.w.org\/{rel}","templated":true}]}}