{"id":5416,"date":"2025-10-30T00:27:40","date_gmt":"2025-10-30T00:27:40","guid":{"rendered":"https:\/\/friburgonoticias.com.br\/temp\/2025\/10\/30\/bancada-de-esquerda-na-alerj-protocola-pedido-de-cpi-sobre-a-operacao-contencao-que-resultou-em-121-mortes\/"},"modified":"2025-10-30T00:27:40","modified_gmt":"2025-10-30T00:27:40","slug":"bancada-de-esquerda-na-alerj-protocola-pedido-de-cpi-sobre-a-operacao-contencao-que-resultou-em-121-mortes","status":"publish","type":"post","link":"https:\/\/friburgonoticias.com.br\/temp\/2025\/10\/30\/bancada-de-esquerda-na-alerj-protocola-pedido-de-cpi-sobre-a-operacao-contencao-que-resultou-em-121-mortes\/","title":{"rendered":"Bancada de esquerda na Alerj protocola pedido de CPI sobre a Opera\u00e7\u00e3o Conten\u00e7\u00e3o, que resultou em 121 mortes"},"content":{"rendered":"<p><\/p>\n<div itemprop=\"articleBody\">\nUm grupo de dez deputados de partidos de esquerda da Assembleia Legislativa do Rio (Alerj) protocolou, nesta quarta-feira (29), um projeto de resolu\u00e7\u00e3o que prop\u00f5e a cria\u00e7\u00e3o de uma Comiss\u00e3o Parlamentar de Inqu\u00e9rito (CPI) para investigar a <a href=\"https:\/\/temporealrj.com\/castro-define-operacao-com-mais-de-120-mortos-no-rio-como-bem-sucedida-de-vitimas-so-tivemos-os-policiais\/\">\u201cOpera\u00e7\u00e3o Conten\u00e7\u00e3o\u201d<\/a>, a\u00e7\u00e3o policial nos complexos da Penha e do Alem\u00e3o que deixou 121 mortos, entre eles quatro policiais.<\/p>\n<p>A proposta, no entanto, tem poucas chances de prosperar. Antes de ser votado em plen\u00e1rio, o texto ainda precisar\u00e1 passar pela Comiss\u00e3o de Normas Internas e Proposi\u00e7\u00f5es Externas, presidida pelo deputado Rodrigo Amorim (Uni\u00e3o), que tem se posicionado publicamente a favor das a\u00e7\u00f5es do governo estadual.<\/p>\n<h2 class=\"wp-block-heading\">CPI vai apurar responsabilidades e poss\u00edveis abusos<\/h2>\n<p>De autoria da deputada Marina do MST (PT), a proposta busca apurar eventuais viola\u00e7\u00f5es de direitos humanos na opera\u00e7\u00e3o, considerada <a href=\"https:\/\/temporealrj.com\/em-protesto-contra-a-acao-policial-mais-letal-do-pais-motociclistas-seguem-para-a-porta-do-palacio-guanabara\/\">a mais letal da hist\u00f3ria do pa\u00eds<\/a>. O texto do projeto prev\u00ea que a CPI investigue o planejamento, execu\u00e7\u00e3o e consequ\u00eancias da a\u00e7\u00e3o, incluindo o cumprimento das determina\u00e7\u00f5es do Supremo Tribunal Federal (STF) na ADPF 635, que imp\u00f5e limites a incurs\u00f5es policiais em favelas.<\/p>\n<p>Entre os pontos a serem avaliados, tamb\u00e9m est\u00e3o o uso da for\u00e7a policial, o atendimento a feridos e poss\u00edveis execu\u00e7\u00f5es sum\u00e1rias. O grupo tamb\u00e9m anunciou que vai acionar a Comiss\u00e3o Interamericana de Direitos Humanos.<\/p>\n<p>A CPI seria formada por sete membros titulares e sete suplentes, respeitando a proporcionalidade partid\u00e1ria, e teria 90 dias para concluir os trabalhos, com possibilidade de prorroga\u00e7\u00e3o.<\/p>\n<p>Al\u00e9m de Marina do MST, assinam o projeto os deputados Carlos Minc (PSB), Dani Balbi (PCdoB), Dani Monteiro (PSOL), \u00c9lika Takimoto (PT), Flavio Serafini (PSOL), Ver\u00f4nica Lima (PT), Yuri Moura (PSOL), Renata Souza (PSOL) e Professor Josemar (PSOL).\n<\/p><\/div>\n<p><\/a><\/p>\n<p>Fonte: temporealrj.com<\/p>\n","protected":false},"excerpt":{"rendered":"<p>Um grupo de dez deputados de partidos de esquerda da Assembleia Legislativa do Rio (Alerj) protocolou, nesta quarta-feira (29), um projeto de resolu\u00e7\u00e3o que prop\u00f5e a cria\u00e7\u00e3o de uma Comiss\u00e3o Parlamentar de Inqu\u00e9rito (CPI) para investigar a \u201cOpera\u00e7\u00e3o Conten\u00e7\u00e3o\u201d, a\u00e7\u00e3o policial nos complexos da Penha e do Alem\u00e3o que deixou 121 mortos, entre eles quatro [&hellip;]<\/p>\n","protected":false},"author":3,"featured_media":5417,"comment_status":"open","ping_status":"open","sticky":false,"template":"","format":"standard","meta":{"advanced_seo_description":"","jetpack_seo_html_title":"","jetpack_seo_noindex":false,"fifu_image_url":"https:\/\/temporealrj.com\/wp-content\/uploads\/2025\/10\/Captura-de-tela-2025-10-29-183720-e1761773905736.png","fifu_image_alt":"","_jetpack_memberships_contains_paid_content":false,"footnotes":"","jetpack_publicize_message":"","jetpack_publicize_feature_enabled":true,"jetpack_social_post_already_shared":true,"jetpack_social_options":{"image_generator_settings":{"template":"highway","default_image_id":0,"font":"","enabled":false},"version":2}},"categories":[107],"tags":[],"class_list":{"0":"post-5416","1":"post","2":"type-post","3":"status-publish","4":"format-standard","5":"has-post-thumbnail","7":"category-economia"},"jetpack_publicize_connections":[],"jetpack_featured_media_url":"https:\/\/i0.wp.com\/temporealrj.com\/wp-content\/uploads\/2025\/10\/Captura-de-tela-2025-10-29-183720-e1761773905736.png?fit=%2C&ssl=1","jetpack_sharing_enabled":true,"jetpack-related-posts":[],"_links":{"self":[{"href":"https:\/\/friburgonoticias.com.br\/temp\/wp-json\/wp\/v2\/posts\/5416","targetHints":{"allow":["GET"]}}],"collection":[{"href":"https:\/\/friburgonoticias.com.br\/temp\/wp-json\/wp\/v2\/posts"}],"about":[{"href":"https:\/\/friburgonoticias.com.br\/temp\/wp-json\/wp\/v2\/types\/post"}],"author":[{"embeddable":true,"href":"https:\/\/friburgonoticias.com.br\/temp\/wp-json\/wp\/v2\/users\/3"}],"replies":[{"embeddable":true,"href":"https:\/\/friburgonoticias.com.br\/temp\/wp-json\/wp\/v2\/comments?post=5416"}],"version-history":[{"count":0,"href":"https:\/\/friburgonoticias.com.br\/temp\/wp-json\/wp\/v2\/posts\/5416\/revisions"}],"wp:featuredmedia":[{"embeddable":true,"href":"https:\/\/friburgonoticias.com.br\/temp\/wp-json\/wp\/v2\/media\/5417"}],"wp:attachment":[{"href":"https:\/\/friburgonoticias.com.br\/temp\/wp-json\/wp\/v2\/media?parent=5416"}],"wp:term":[{"taxonomy":"category","embeddable":true,"href":"https:\/\/friburgonoticias.com.br\/temp\/wp-json\/wp\/v2\/categories?post=5416"},{"taxonomy":"post_tag","embeddable":true,"href":"https:\/\/friburgonoticias.com.br\/temp\/wp-json\/wp\/v2\/tags?post=5416"}],"curies":[{"name":"wp","href":"https:\/\/api.w.org\/{rel}","templated":true}]}}