{"id":5418,"date":"2025-10-30T00:32:40","date_gmt":"2025-10-30T00:32:40","guid":{"rendered":"https:\/\/friburgonoticias.com.br\/temp\/2025\/10\/30\/nova-lei-preve-preve-indenizacao-por-abandono-afetivo-de-crianca-ou-adolescente-noticias\/"},"modified":"2025-10-30T00:32:40","modified_gmt":"2025-10-30T00:32:40","slug":"nova-lei-preve-preve-indenizacao-por-abandono-afetivo-de-crianca-ou-adolescente-noticias","status":"publish","type":"post","link":"https:\/\/friburgonoticias.com.br\/temp\/2025\/10\/30\/nova-lei-preve-preve-indenizacao-por-abandono-afetivo-de-crianca-ou-adolescente-noticias\/","title":{"rendered":"Nova lei prev\u00ea prev\u00ea indeniza\u00e7\u00e3o por abandono afetivo de crian\u00e7a ou adolescente &#8211; Not\u00edcias"},"content":{"rendered":"<p><\/p>\n<div>\n<p class=\"g-artigo__data-hora\">\n                      29\/10\/2025 &#8211; 20:11 \u00a0\n                    <\/p>\n<div id=\"image-container-1217464\" class=\"image-container\" style=\"float: none; margin: 45px 0px; width: 100%;\" data-midia=\"1217464\">\n        <em>Depositphotos<\/em><\/p>\n<p>        Assist\u00eancia afetiva inclui: contato regular, orienta\u00e7\u00e3o sobre escolhas e apoio em momentos dif\u00edceis\n        <\/p><\/div>\n<p>        A lei que reconhece o abandono afetivo de crian\u00e7a ou adolescente como um ato il\u00edcito civil foi sancionada pelo presidente da Rep\u00fablica em exerc\u00edcio, Geraldo Alckmin, na ter\u00e7a-feira (28). O ato il\u00edcito civil pode ser punido com indeniza\u00e7\u00e3o.<br \/>\n        A Lei 15.240\/25 foi publicada no Di\u00e1rio Oficial da Uni\u00e3o nesta quarta-feira (29) e altera o Estatuto da Crian\u00e7a e do Adolescente (ECA \u2013 Lei 8.069\/90). O texto estabelece que a falta de cuidado, carinho e presen\u00e7a dos pais na vida dos filhos pode gerar consequ\u00eancias legais.<br \/>\n        O abandono afetivo ocorre quando pais ou respons\u00e1veis deixam de garantir o sustento, o cuidado emocional ou a conviv\u00eancia familiar.<br \/>\n        O texto refor\u00e7a que a conviv\u00eancia e a &#8220;assist\u00eancia afetiva&#8221; s\u00e3o deveres dos pais, assim como o sustento material, a guarda e a educa\u00e7\u00e3o. Conforme a nova lei, a assist\u00eancia afetiva inclui:<\/p>\n<ul>\n<li>contato e visita\u00e7\u00e3o regular para acompanhar a forma\u00e7\u00e3o psicol\u00f3gica, moral e social;<\/li>\n<li>orienta\u00e7\u00e3o sobre escolhas importantes (educacionais, profissionais);<\/li>\n<li>apoio em momentos dif\u00edceis; e<\/li>\n<li>presen\u00e7a f\u00edsica quando solicitado, se poss\u00edvel.<\/li>\n<\/ul>\n<p>        Se a Justi\u00e7a comprovar a omiss\u00e3o ou o abandono afetivo, pais ou respons\u00e1veis poder\u00e3o ser obrigados a pagar \u201crepara\u00e7\u00e3o de danos\u201d (indeniza\u00e7\u00e3o) pelo mal causado, al\u00e9m de estarem sujeitos a outras san\u00e7\u00f5es.<br \/>\n        A lei tamb\u00e9m determina que, em casos de maus-tratos, neglig\u00eancia, opress\u00e3o ou abuso sexual, a autoridade judici\u00e1ria poder\u00e1 ordenar o afastamento do agressor da moradia comum.<br \/>\n        O ato il\u00edcito civil (a\u00e7\u00e3o contr\u00e1ria \u00e0 lei) gera responsabilidade civil (indeniza\u00e7\u00e3o). Ele \u00e9 diferente do crime (ato il\u00edcito penal), que \u00e9 punido com pris\u00e3o ou multa, por exemplo.<br \/>\n        A nova lei tem origem no PLS 700\/07, do ex-senador Marcelo Crivella (RJ). O projeto foi aprovado no Senado em 2015 e seguiu para a C\u00e2mara dos Deputados (PL 3212\/15), onde foi aprovado pelo Plen\u00e1rio em outubro deste ano.<\/p>\n<p style=\"font-size: 0.8rem; font-weight: 700;\">Da Ag\u00eancia Senado<br \/>Edi\u00e7\u00e3o &#8211; GM<\/p>\n<\/p><\/div>\n<p><\/a><\/p>\n<p>Fonte: www.camara.leg.br<\/p>\n","protected":false},"excerpt":{"rendered":"<p>29\/10\/2025 &#8211; 20:11 \u00a0 Depositphotos Assist\u00eancia afetiva inclui: contato regular, orienta\u00e7\u00e3o sobre escolhas e apoio em momentos dif\u00edceis A lei que reconhece o abandono afetivo de crian\u00e7a ou adolescente como um ato il\u00edcito civil foi sancionada pelo presidente da Rep\u00fablica em exerc\u00edcio, Geraldo Alckmin, na ter\u00e7a-feira (28). O ato il\u00edcito civil pode ser punido com [&hellip;]<\/p>\n","protected":false},"author":3,"featured_media":5419,"comment_status":"open","ping_status":"open","sticky":false,"template":"","format":"standard","meta":{"advanced_seo_description":"","jetpack_seo_html_title":"","jetpack_seo_noindex":false,"fifu_image_url":"https:\/\/www.camara.leg.br\/midias\/image\/2025\/10\/depositphotos-15826357-xl-768x529.jpg","fifu_image_alt":"","_jetpack_memberships_contains_paid_content":false,"footnotes":"","jetpack_publicize_message":"","jetpack_publicize_feature_enabled":true,"jetpack_social_post_already_shared":true,"jetpack_social_options":{"image_generator_settings":{"template":"highway","default_image_id":0,"font":"","enabled":false},"version":2}},"categories":[106,1],"tags":[],"class_list":{"0":"post-5418","1":"post","2":"type-post","3":"status-publish","4":"format-standard","5":"has-post-thumbnail","7":"category-politica","8":"category-uncategorized"},"jetpack_publicize_connections":[],"jetpack_featured_media_url":"https:\/\/i0.wp.com\/www.camara.leg.br\/midias\/image\/2025\/10\/depositphotos-15826357-xl-768x529.jpg?fit=%2C&ssl=1","jetpack_sharing_enabled":true,"jetpack-related-posts":[],"_links":{"self":[{"href":"https:\/\/friburgonoticias.com.br\/temp\/wp-json\/wp\/v2\/posts\/5418","targetHints":{"allow":["GET"]}}],"collection":[{"href":"https:\/\/friburgonoticias.com.br\/temp\/wp-json\/wp\/v2\/posts"}],"about":[{"href":"https:\/\/friburgonoticias.com.br\/temp\/wp-json\/wp\/v2\/types\/post"}],"author":[{"embeddable":true,"href":"https:\/\/friburgonoticias.com.br\/temp\/wp-json\/wp\/v2\/users\/3"}],"replies":[{"embeddable":true,"href":"https:\/\/friburgonoticias.com.br\/temp\/wp-json\/wp\/v2\/comments?post=5418"}],"version-history":[{"count":0,"href":"https:\/\/friburgonoticias.com.br\/temp\/wp-json\/wp\/v2\/posts\/5418\/revisions"}],"wp:featuredmedia":[{"embeddable":true,"href":"https:\/\/friburgonoticias.com.br\/temp\/wp-json\/wp\/v2\/media\/5419"}],"wp:attachment":[{"href":"https:\/\/friburgonoticias.com.br\/temp\/wp-json\/wp\/v2\/media?parent=5418"}],"wp:term":[{"taxonomy":"category","embeddable":true,"href":"https:\/\/friburgonoticias.com.br\/temp\/wp-json\/wp\/v2\/categories?post=5418"},{"taxonomy":"post_tag","embeddable":true,"href":"https:\/\/friburgonoticias.com.br\/temp\/wp-json\/wp\/v2\/tags?post=5418"}],"curies":[{"name":"wp","href":"https:\/\/api.w.org\/{rel}","templated":true}]}}