{"id":5456,"date":"2025-10-31T18:33:25","date_gmt":"2025-10-31T18:33:25","guid":{"rendered":"https:\/\/friburgonoticias.com.br\/temp\/2025\/10\/31\/vereador-do-pt-convoca-reuniao-publica-na-camara-para-debater-a-operacao-policial-no-rio\/"},"modified":"2025-10-31T18:33:25","modified_gmt":"2025-10-31T18:33:25","slug":"vereador-do-pt-convoca-reuniao-publica-na-camara-para-debater-a-operacao-policial-no-rio","status":"publish","type":"post","link":"https:\/\/friburgonoticias.com.br\/temp\/2025\/10\/31\/vereador-do-pt-convoca-reuniao-publica-na-camara-para-debater-a-operacao-policial-no-rio\/","title":{"rendered":"Vereador do PT convoca reuni\u00e3o p\u00fablica na C\u00e2mara para debater a opera\u00e7\u00e3o policial no Rio"},"content":{"rendered":"<p><\/p>\n<div itemprop=\"articleBody\">\nO vereador <a href=\"https:\/\/www.instagram.com\/leoneldeesquerda\/\" target=\"_blank\" rel=\"noopener\">Leonel de Esquerda (PT)<\/a>, presidente da Comiss\u00e3o Especial das Favelas, convocou uma reuni\u00e3o p\u00fablica para a pr\u00f3xima segunda-feira (3), na <a href=\"https:\/\/www.camara.rio\/\" target=\"_blank\" rel=\"noopener\">C\u00e2mara do Rio<\/a>, com o tema: \u201cO pre\u00e7o da guerra nas favelas: at\u00e9 quando o estado vai matar em nome da seguran\u00e7a?\u201d O objetivo \u00e9 debater as <a href=\"https:\/\/temporealrj.com\/policia-civil-identifica-99-dos-117-mortos-em-operacao-nos-complexos-do-alemao-e-da-penha\/\">mais de 120 mortes registradas na opera\u00e7\u00e3o policial nos complexos do Alem\u00e3o e da Penha<\/a>, a mais letal da hist\u00f3ria do pa\u00eds.<\/p>\n<p>O encontro contar\u00e1 com a presen\u00e7a do deputado federal Reimont Otoni (PT-RJ), presidente da Comiss\u00e3o de Direitos Humanos da C\u00e2mara dos Deputados; do l\u00edder comunit\u00e1rio Raull Santiago, do Complexo do Alem\u00e3o; do advogado Carlos Nicodemos, integrante do Conselho Nacional de Direitos Humanos (CNDH); e da Ouvidora-Geral da Defensoria P\u00fablica do Estado (DPRJ), Fabiana Silva.<\/p>\n<h2 class=\"wp-block-heading\">Familiares dos mortos na opera\u00e7\u00e3o policial relataram que os corpos apresentavam sinais de extrema viol\u00eancia<\/h2>\n<p>Os participantes exigem do poder p\u00fablico maior transpar\u00eancia na apura\u00e7\u00e3o dos fatos. Leonel, inclusive, esteve na Penha no dia seguinte \u00e0 opera\u00e7\u00e3o, para acompanhar de perto os desdobramentos do caso. Familiares dos mortos relataram que os corpos apresentavam sinais de extrema viol\u00eancia, incluindo degola\u00e7\u00e3o, tortura e ind\u00edcios de execu\u00e7\u00e3o sum\u00e1ria.<\/p>\n<p>\u201cAs mortes e os excessos evidenciam que o atual modelo de seguran\u00e7a p\u00fablica do estado precisa ser revisto com urg\u00eancia. Vidas humanas n\u00e3o podem ser reduzidas a n\u00fameros. O sensacionalismo em torno das atrocidades cometidas s\u00f3 amplia o sofrimento das pessoas, e as cenas traum\u00e1ticas deixar\u00e3o, sem d\u00favida, marcas profundas na mem\u00f3ria coletiva\u201d, afirma o parlamentar.\n<\/p><\/div>\n<p><script async src=\"\/\/www.instagram.com\/embed.js\"><\/script><br \/>\n<br \/><\/a><\/p>\n<p>Fonte: temporealrj.com<\/p>\n","protected":false},"excerpt":{"rendered":"<p>O vereador Leonel de Esquerda (PT), presidente da Comiss\u00e3o Especial das Favelas, convocou uma reuni\u00e3o p\u00fablica para a pr\u00f3xima segunda-feira (3), na C\u00e2mara do Rio, com o tema: \u201cO pre\u00e7o da guerra nas favelas: at\u00e9 quando o estado vai matar em nome da seguran\u00e7a?\u201d O objetivo \u00e9 debater as mais de 120 mortes registradas na [&hellip;]<\/p>\n","protected":false},"author":3,"featured_media":5457,"comment_status":"open","ping_status":"open","sticky":false,"template":"","format":"standard","meta":{"advanced_seo_description":"","jetpack_seo_html_title":"","jetpack_seo_noindex":false,"fifu_image_url":"https:\/\/temporealrj.com\/wp-content\/uploads\/2025\/10\/Imagem-do-WhatsApp-de-2025-10-31-as-14.21.47_230bb009-e1761932326664.jpg","fifu_image_alt":"","_jetpack_memberships_contains_paid_content":false,"footnotes":"","jetpack_publicize_message":"","jetpack_publicize_feature_enabled":true,"jetpack_social_post_already_shared":true,"jetpack_social_options":{"image_generator_settings":{"template":"highway","default_image_id":0,"font":"","enabled":false},"version":2}},"categories":[107],"tags":[],"class_list":{"0":"post-5456","1":"post","2":"type-post","3":"status-publish","4":"format-standard","5":"has-post-thumbnail","7":"category-economia"},"jetpack_publicize_connections":[],"jetpack_featured_media_url":"https:\/\/i0.wp.com\/temporealrj.com\/wp-content\/uploads\/2025\/10\/Imagem-do-WhatsApp-de-2025-10-31-as-14.21.47_230bb009-e1761932326664.jpg?fit=%2C&ssl=1","jetpack_sharing_enabled":true,"jetpack-related-posts":[],"_links":{"self":[{"href":"https:\/\/friburgonoticias.com.br\/temp\/wp-json\/wp\/v2\/posts\/5456","targetHints":{"allow":["GET"]}}],"collection":[{"href":"https:\/\/friburgonoticias.com.br\/temp\/wp-json\/wp\/v2\/posts"}],"about":[{"href":"https:\/\/friburgonoticias.com.br\/temp\/wp-json\/wp\/v2\/types\/post"}],"author":[{"embeddable":true,"href":"https:\/\/friburgonoticias.com.br\/temp\/wp-json\/wp\/v2\/users\/3"}],"replies":[{"embeddable":true,"href":"https:\/\/friburgonoticias.com.br\/temp\/wp-json\/wp\/v2\/comments?post=5456"}],"version-history":[{"count":0,"href":"https:\/\/friburgonoticias.com.br\/temp\/wp-json\/wp\/v2\/posts\/5456\/revisions"}],"wp:featuredmedia":[{"embeddable":true,"href":"https:\/\/friburgonoticias.com.br\/temp\/wp-json\/wp\/v2\/media\/5457"}],"wp:attachment":[{"href":"https:\/\/friburgonoticias.com.br\/temp\/wp-json\/wp\/v2\/media?parent=5456"}],"wp:term":[{"taxonomy":"category","embeddable":true,"href":"https:\/\/friburgonoticias.com.br\/temp\/wp-json\/wp\/v2\/categories?post=5456"},{"taxonomy":"post_tag","embeddable":true,"href":"https:\/\/friburgonoticias.com.br\/temp\/wp-json\/wp\/v2\/tags?post=5456"}],"curies":[{"name":"wp","href":"https:\/\/api.w.org\/{rel}","templated":true}]}}