{"id":5458,"date":"2025-10-31T19:22:41","date_gmt":"2025-10-31T19:22:41","guid":{"rendered":"https:\/\/friburgonoticias.com.br\/temp\/2025\/10\/31\/bateu-levou-amorim-quer-reduzir-orcamento-da-defensoria-que-denunciou-estar-impedida-de-acompanhar-a-apuracao-das-121-mortes\/"},"modified":"2025-10-31T19:22:41","modified_gmt":"2025-10-31T19:22:41","slug":"bateu-levou-amorim-quer-reduzir-orcamento-da-defensoria-que-denunciou-estar-impedida-de-acompanhar-a-apuracao-das-121-mortes","status":"publish","type":"post","link":"https:\/\/friburgonoticias.com.br\/temp\/2025\/10\/31\/bateu-levou-amorim-quer-reduzir-orcamento-da-defensoria-que-denunciou-estar-impedida-de-acompanhar-a-apuracao-das-121-mortes\/","title":{"rendered":"Bateu, levou: Amorim quer reduzir or\u00e7amento da Defensoria \u2014 que denunciou estar impedida de acompanhar a apura\u00e7\u00e3o das 121 mortes"},"content":{"rendered":"<p><\/p>\n<div itemprop=\"articleBody\">\nO l\u00edder do governo na Assembleia Legislativa, Rodrigo Amorim (Uni\u00e3o), vai comandar uma frente de deputados de direita disposta a enquadrar a <a href=\"https:\/\/defensoria.rj.def.br\/\" target=\"_blank\" rel=\"noopener\">Defensoria P\u00fablica do Estado do Rio<\/a>.<\/p>\n<p>A primeira provid\u00eancia do grupo ser\u00e1 reduzir o or\u00e7amento do \u00f3rg\u00e3o para 2026.<\/p>\n<p>Nesta quinta-feira (10), a Defensoria denunciou que est\u00e1 sendo impedida pelo governo do estado de acompanhar as per\u00edcias nos corpos dos mortos na Opera\u00e7\u00e3o Conten\u00e7\u00e3o, que foram levados para o Instituto M\u00e9dico-Legal (IML).\u00a0Rafaela Garcez, subcoordenadora do N\u00facleo de Defesa Criminal do \u00f3rg\u00e3o, afirmou que enfrenta dificuldades para acessar as provas da a\u00e7\u00e3o policial nos complexos do Alem\u00e3o e da Penha; e anunciou que vai judicializar o caso, enviando uma peti\u00e7\u00e3o ao Supremo Tribunal Federal.\u00a0<\/p>\n<p>Pelo menos 121 pessoas foram mortas na a\u00e7\u00e3o, entre elas, quatro policiais.<\/p>\n<h2 class=\"wp-block-heading\">Amorim tamb\u00e9m quer que a Defensoria seja obrigada a participar das opera\u00e7\u00f5es em favelas<\/h2>\n<p>Amorim e a chamada bancada da bala tamb\u00e9m v\u00e3o apresentar um projeto de lei para que a Defensoria seja obrigada, a partir de agora, a acompanhar as opera\u00e7\u00f5es policiais \u2014 para, dizem, entender as dificuldades pelas quais passam os outros \u00f3rg\u00e3os envolvidos, como as pol\u00edcias.\n<\/p><\/div>\n<p><\/a><\/p>\n<p>Fonte: temporealrj.com<\/p>\n","protected":false},"excerpt":{"rendered":"<p>O l\u00edder do governo na Assembleia Legislativa, Rodrigo Amorim (Uni\u00e3o), vai comandar uma frente de deputados de direita disposta a enquadrar a Defensoria P\u00fablica do Estado do Rio. A primeira provid\u00eancia do grupo ser\u00e1 reduzir o or\u00e7amento do \u00f3rg\u00e3o para 2026. Nesta quinta-feira (10), a Defensoria denunciou que est\u00e1 sendo impedida pelo governo do estado [&hellip;]<\/p>\n","protected":false},"author":3,"featured_media":5459,"comment_status":"open","ping_status":"open","sticky":false,"template":"","format":"standard","meta":{"advanced_seo_description":"","jetpack_seo_html_title":"","jetpack_seo_noindex":false,"fifu_image_url":"https:\/\/temporealrj.com\/wp-content\/uploads\/2024\/04\/WhatsApp-Image-2024-04-24-at-19.47.31-e1761936919283.jpeg","fifu_image_alt":"","_jetpack_memberships_contains_paid_content":false,"footnotes":"","jetpack_publicize_message":"","jetpack_publicize_feature_enabled":true,"jetpack_social_post_already_shared":true,"jetpack_social_options":{"image_generator_settings":{"template":"highway","default_image_id":0,"font":"","enabled":false},"version":2}},"categories":[106,1],"tags":[],"class_list":{"0":"post-5458","1":"post","2":"type-post","3":"status-publish","4":"format-standard","5":"has-post-thumbnail","7":"category-politica","8":"category-uncategorized"},"jetpack_publicize_connections":[],"jetpack_featured_media_url":"https:\/\/i0.wp.com\/temporealrj.com\/wp-content\/uploads\/2024\/04\/WhatsApp-Image-2024-04-24-at-19.47.31-e1761936919283.jpeg?fit=%2C&ssl=1","jetpack_sharing_enabled":true,"jetpack-related-posts":[],"_links":{"self":[{"href":"https:\/\/friburgonoticias.com.br\/temp\/wp-json\/wp\/v2\/posts\/5458","targetHints":{"allow":["GET"]}}],"collection":[{"href":"https:\/\/friburgonoticias.com.br\/temp\/wp-json\/wp\/v2\/posts"}],"about":[{"href":"https:\/\/friburgonoticias.com.br\/temp\/wp-json\/wp\/v2\/types\/post"}],"author":[{"embeddable":true,"href":"https:\/\/friburgonoticias.com.br\/temp\/wp-json\/wp\/v2\/users\/3"}],"replies":[{"embeddable":true,"href":"https:\/\/friburgonoticias.com.br\/temp\/wp-json\/wp\/v2\/comments?post=5458"}],"version-history":[{"count":0,"href":"https:\/\/friburgonoticias.com.br\/temp\/wp-json\/wp\/v2\/posts\/5458\/revisions"}],"wp:featuredmedia":[{"embeddable":true,"href":"https:\/\/friburgonoticias.com.br\/temp\/wp-json\/wp\/v2\/media\/5459"}],"wp:attachment":[{"href":"https:\/\/friburgonoticias.com.br\/temp\/wp-json\/wp\/v2\/media?parent=5458"}],"wp:term":[{"taxonomy":"category","embeddable":true,"href":"https:\/\/friburgonoticias.com.br\/temp\/wp-json\/wp\/v2\/categories?post=5458"},{"taxonomy":"post_tag","embeddable":true,"href":"https:\/\/friburgonoticias.com.br\/temp\/wp-json\/wp\/v2\/tags?post=5458"}],"curies":[{"name":"wp","href":"https:\/\/api.w.org\/{rel}","templated":true}]}}