{"id":5472,"date":"2025-11-03T13:51:06","date_gmt":"2025-11-03T13:51:06","guid":{"rendered":"https:\/\/friburgonoticias.com.br\/temp\/2025\/11\/03\/deputado-critica-decreto-de-educacao-inclusiva-e-cobra-valorizacao-de-escolas-especializadas-ouca-noticias\/"},"modified":"2025-11-03T13:51:06","modified_gmt":"2025-11-03T13:51:06","slug":"deputado-critica-decreto-de-educacao-inclusiva-e-cobra-valorizacao-de-escolas-especializadas-ouca-noticias","status":"publish","type":"post","link":"https:\/\/friburgonoticias.com.br\/temp\/2025\/11\/03\/deputado-critica-decreto-de-educacao-inclusiva-e-cobra-valorizacao-de-escolas-especializadas-ouca-noticias\/","title":{"rendered":"Deputado critica decreto de educa\u00e7\u00e3o inclusiva e cobra valoriza\u00e7\u00e3o de escolas especializadas; ou\u00e7a &#8211; Not\u00edcias"},"content":{"rendered":"<p><\/p>\n<div>\n<div>\n<p class=\"g-artigo__data-hora\">\n                      03\/11\/2025 &#8211; 10:01 \u00a0\n                    <\/p>\n<div id=\"image-container-1218155\" class=\"image-container\" style=\"float: none; margin: 45px 0px; width: 100%;\" data-midia=\"1218155\">\n        <em>Kayo Magalh\u00e3es \/ C\u00e2mara dos Deputados<\/em><\/p>\n<p>        Duarte Jr. reclama que o decreto foi editado sem ouvir as pessoas com defici\u00eancia\n        <\/p><\/div>\n<p data-start=\"3734\" data-end=\"3935\">O presidente da Comiss\u00e3o de Defesa dos Direitos das Pessoas com Defici\u00eancia da C\u00e2mara, deputado Duarte Jr. (PSB-MA), defendeu a revoga\u00e7\u00e3o do <a class=\"linkLegislacao\" href=\"https:\/\/www2.camara.gov.br\/legin\/fed\/decret\/2025\/decreto-12686-20-outubro-2025-798166-norma-pe.html\">Decreto 12.686\/25<\/a>, que trata da educa\u00e7\u00e3o inclusiva.\u00a0Mais de 30 projetos na C\u00e2mara dos Deputados, entre eles o PDL 846\/25, buscam anular o decreto.<\/p>\n<p data-start=\"4161\" data-end=\"4381\">Em entrevista \u00e0 <em>R\u00e1dio C\u00e2mara<\/em>, Duarte Jr. explicou que entidades de defesa das pessoas com defici\u00eancia, como Apaes e Pestallozzis, temem que o decreto enfraque\u00e7a as institui\u00e7\u00f5es especializadas.<\/p>\n<p data-start=\"4161\" data-end=\"4381\">&#8220;A gente precisa de uma educa\u00e7\u00e3o inclusiva, de uma educa\u00e7\u00e3o que n\u00e3o segregue, mas temos que garantir que as Apaes, por meio do ensino especial na modalidade inclusiva, possam continuar exercendo suas atividades.&#8221;<\/p>\n<p data-start=\"4161\" data-end=\"4381\">Ele ressalta que h\u00e1 pessoas com defici\u00eancia cognitiva que exigem um n\u00edvel de suporte mais elevado e que precisam de um mecanismo de aprendizado diferenciado, para que possam se desenvolver.<\/p>\n<p data-start=\"4669\" data-end=\"5047\"><strong>O decreto<\/strong><br \/>O Decreto 12.686\/25 cria a Pol\u00edtica e a Rede Nacional de Educa\u00e7\u00e3o Especial Inclusiva. Segundo o governo, a medida busca incluir todos os estudantes em classes comuns da rede regular.<\/p>\n<p data-start=\"4669\" data-end=\"5047\">O decreto garante que o atendimento educacional especializado seja complementar, realizado em centros p\u00fablicos ou institui\u00e7\u00f5es sem fins lucrativos conveniadas.<\/p>\n<p style=\"font-size: 0.8rem; font-weight: 700;\">Da Reda\u00e7\u00e3o &#8211; ND<\/p>\n<\/p><\/div>\n<\/p><\/div>\n<p><\/a><\/p>\n<p>Fonte: www.camara.leg.br<\/p>\n","protected":false},"excerpt":{"rendered":"<p>03\/11\/2025 &#8211; 10:01 \u00a0 Kayo Magalh\u00e3es \/ C\u00e2mara dos Deputados Duarte Jr. reclama que o decreto foi editado sem ouvir as pessoas com defici\u00eancia O presidente da Comiss\u00e3o de Defesa dos Direitos das Pessoas com Defici\u00eancia da C\u00e2mara, deputado Duarte Jr. (PSB-MA), defendeu a revoga\u00e7\u00e3o do Decreto 12.686\/25, que trata da educa\u00e7\u00e3o inclusiva.\u00a0Mais de 30 [&hellip;]<\/p>\n","protected":false},"author":3,"featured_media":5473,"comment_status":"open","ping_status":"open","sticky":false,"template":"","format":"standard","meta":{"advanced_seo_description":"","jetpack_seo_html_title":"","jetpack_seo_noindex":false,"fifu_image_url":"https:\/\/www.camara.leg.br\/midias\/image\/2025\/11\/img20251029140340709-768x473.jpg","fifu_image_alt":"","_jetpack_memberships_contains_paid_content":false,"footnotes":"","jetpack_publicize_message":"","jetpack_publicize_feature_enabled":true,"jetpack_social_post_already_shared":true,"jetpack_social_options":{"image_generator_settings":{"template":"highway","default_image_id":0,"font":"","enabled":false},"version":2}},"categories":[106,1],"tags":[],"class_list":{"0":"post-5472","1":"post","2":"type-post","3":"status-publish","4":"format-standard","5":"has-post-thumbnail","7":"category-politica","8":"category-uncategorized"},"jetpack_publicize_connections":[],"jetpack_featured_media_url":"https:\/\/i0.wp.com\/www.camara.leg.br\/midias\/image\/2025\/11\/img20251029140340709-768x473.jpg?fit=%2C&ssl=1","jetpack_sharing_enabled":true,"jetpack-related-posts":[],"_links":{"self":[{"href":"https:\/\/friburgonoticias.com.br\/temp\/wp-json\/wp\/v2\/posts\/5472","targetHints":{"allow":["GET"]}}],"collection":[{"href":"https:\/\/friburgonoticias.com.br\/temp\/wp-json\/wp\/v2\/posts"}],"about":[{"href":"https:\/\/friburgonoticias.com.br\/temp\/wp-json\/wp\/v2\/types\/post"}],"author":[{"embeddable":true,"href":"https:\/\/friburgonoticias.com.br\/temp\/wp-json\/wp\/v2\/users\/3"}],"replies":[{"embeddable":true,"href":"https:\/\/friburgonoticias.com.br\/temp\/wp-json\/wp\/v2\/comments?post=5472"}],"version-history":[{"count":0,"href":"https:\/\/friburgonoticias.com.br\/temp\/wp-json\/wp\/v2\/posts\/5472\/revisions"}],"wp:featuredmedia":[{"embeddable":true,"href":"https:\/\/friburgonoticias.com.br\/temp\/wp-json\/wp\/v2\/media\/5473"}],"wp:attachment":[{"href":"https:\/\/friburgonoticias.com.br\/temp\/wp-json\/wp\/v2\/media?parent=5472"}],"wp:term":[{"taxonomy":"category","embeddable":true,"href":"https:\/\/friburgonoticias.com.br\/temp\/wp-json\/wp\/v2\/categories?post=5472"},{"taxonomy":"post_tag","embeddable":true,"href":"https:\/\/friburgonoticias.com.br\/temp\/wp-json\/wp\/v2\/tags?post=5472"}],"curies":[{"name":"wp","href":"https:\/\/api.w.org\/{rel}","templated":true}]}}