{"id":5476,"date":"2025-11-03T15:32:46","date_gmt":"2025-11-03T15:32:46","guid":{"rendered":"https:\/\/friburgonoticias.com.br\/temp\/2025\/11\/03\/interdicao-de-pessoas-idosas-e-tema-de-debate-na-camara-noticias\/"},"modified":"2025-11-03T15:32:46","modified_gmt":"2025-11-03T15:32:46","slug":"interdicao-de-pessoas-idosas-e-tema-de-debate-na-camara-noticias","status":"publish","type":"post","link":"https:\/\/friburgonoticias.com.br\/temp\/2025\/11\/03\/interdicao-de-pessoas-idosas-e-tema-de-debate-na-camara-noticias\/","title":{"rendered":"Interdi\u00e7\u00e3o de pessoas idosas \u00e9 tema de debate na C\u00e2mara &#8211; Not\u00edcias"},"content":{"rendered":"<p><\/p>\n<div>\n<div>\n<p class=\"g-artigo__data-hora\">\n                      03\/11\/2025 &#8211; 12:05 \u00a0\n                    <\/p>\n<div id=\"image-container-1218214\" class=\"image-container\" style=\"float: none; margin: 45px 0px; width: 100%;\" data-midia=\"1218214\">\n        <em>Pavel Losevsky\/Depositphotos<\/em><\/p>\n<p>        Deputado destaca que autonomia \u00e9 garantida pelo Estatuto da Pessoa Idosa\n        <\/p><\/div>\n<p data-start=\"75\" data-end=\"340\">A Comiss\u00e3o de Defesa dos Direitos da Pessoa Idosa da C\u00e2mara dos Deputados promove audi\u00eancia p\u00fablica nesta quarta-feira (5) para discutir o uso abusivo de processos de interdi\u00e7\u00e3o de pessoas idosas com plena capacidade cognitiva.<\/p>\n<p data-start=\"75\" data-end=\"340\">O debate atende a pedido do deputado Eriberto Medeiros (PSB-PE) e est\u00e1 marcado para as 15 horas, no plen\u00e1rio 12.<\/p>\n<p data-start=\"490\" data-end=\"912\">Segundo o deputado, o objetivo \u00e9 discutir formas de proteger idosos que sofrem tentativas de interdi\u00e7\u00e3o por parte de familiares, motivadas por interesses financeiros ou pelo desejo de silenci\u00e1-los.<\/p>\n<p data-start=\"490\" data-end=\"912\"><strong>Situa\u00e7\u00f5es excepcionais<\/strong><br \/>Medeiros ressalta que a autonomia da pessoa idosa \u00e9 garantida pelo <a href=\"https:\/\/www2.camara.leg.br\/legin\/fed\/lei\/2003\/lei-10741-1-outubro-2003-497511-norma-pl.html\">Estatuto da Pessoa Idosa<\/a>\u00a0e s\u00f3 deve ser limitada em situa\u00e7\u00f5es excepcionais, quando comprovada a perda total de discernimento para os atos da vida civil.<\/p>\n<p data-start=\"490\" data-end=\"912\"><strong>Puni\u00e7\u00f5es<\/strong><br \/>\u201cO uso indevido de processos de interdi\u00e7\u00e3o, como modo de obten\u00e7\u00e3o de vantagens indevidas pelos familiares ou mesmo de silenciamento civil do idoso, vem se tornando cada vez mais frequente\u201d, lamenta.<\/p>\n<p>        O deputado sugere discutir a cria\u00e7\u00e3o de leis para impedir que pessoas tentem interditar idosos de forma injusta. Ele prop\u00f5e, por exemplo, aplicar multas quando o abuso for comprovado na Justi\u00e7a.<\/p>\n<p style=\"font-size: 0.8rem; font-weight: 700;\">Da Reda\u00e7\u00e3o &#8211; MB<\/p>\n<\/p><\/div>\n<\/p><\/div>\n<p><\/a><\/p>\n<p>Fonte: www.camara.leg.br<\/p>\n","protected":false},"excerpt":{"rendered":"<p>03\/11\/2025 &#8211; 12:05 \u00a0 Pavel Losevsky\/Depositphotos Deputado destaca que autonomia \u00e9 garantida pelo Estatuto da Pessoa Idosa A Comiss\u00e3o de Defesa dos Direitos da Pessoa Idosa da C\u00e2mara dos Deputados promove audi\u00eancia p\u00fablica nesta quarta-feira (5) para discutir o uso abusivo de processos de interdi\u00e7\u00e3o de pessoas idosas com plena capacidade cognitiva. O debate atende [&hellip;]<\/p>\n","protected":false},"author":3,"featured_media":5477,"comment_status":"open","ping_status":"open","sticky":false,"template":"","format":"standard","meta":{"advanced_seo_description":"","jetpack_seo_html_title":"","jetpack_seo_noindex":false,"fifu_image_url":"https:\/\/www.camara.leg.br\/midias\/image\/2025\/11\/img20190423104212234-768x512.jpg","fifu_image_alt":"","_jetpack_memberships_contains_paid_content":false,"footnotes":"","jetpack_publicize_message":"","jetpack_publicize_feature_enabled":true,"jetpack_social_post_already_shared":true,"jetpack_social_options":{"image_generator_settings":{"template":"highway","default_image_id":0,"font":"","enabled":false},"version":2}},"categories":[106,1],"tags":[],"class_list":{"0":"post-5476","1":"post","2":"type-post","3":"status-publish","4":"format-standard","5":"has-post-thumbnail","7":"category-politica","8":"category-uncategorized"},"jetpack_publicize_connections":[],"jetpack_featured_media_url":"https:\/\/i0.wp.com\/www.camara.leg.br\/midias\/image\/2025\/11\/img20190423104212234-768x512.jpg?fit=%2C&ssl=1","jetpack_sharing_enabled":true,"jetpack-related-posts":[],"_links":{"self":[{"href":"https:\/\/friburgonoticias.com.br\/temp\/wp-json\/wp\/v2\/posts\/5476","targetHints":{"allow":["GET"]}}],"collection":[{"href":"https:\/\/friburgonoticias.com.br\/temp\/wp-json\/wp\/v2\/posts"}],"about":[{"href":"https:\/\/friburgonoticias.com.br\/temp\/wp-json\/wp\/v2\/types\/post"}],"author":[{"embeddable":true,"href":"https:\/\/friburgonoticias.com.br\/temp\/wp-json\/wp\/v2\/users\/3"}],"replies":[{"embeddable":true,"href":"https:\/\/friburgonoticias.com.br\/temp\/wp-json\/wp\/v2\/comments?post=5476"}],"version-history":[{"count":0,"href":"https:\/\/friburgonoticias.com.br\/temp\/wp-json\/wp\/v2\/posts\/5476\/revisions"}],"wp:featuredmedia":[{"embeddable":true,"href":"https:\/\/friburgonoticias.com.br\/temp\/wp-json\/wp\/v2\/media\/5477"}],"wp:attachment":[{"href":"https:\/\/friburgonoticias.com.br\/temp\/wp-json\/wp\/v2\/media?parent=5476"}],"wp:term":[{"taxonomy":"category","embeddable":true,"href":"https:\/\/friburgonoticias.com.br\/temp\/wp-json\/wp\/v2\/categories?post=5476"},{"taxonomy":"post_tag","embeddable":true,"href":"https:\/\/friburgonoticias.com.br\/temp\/wp-json\/wp\/v2\/tags?post=5476"}],"curies":[{"name":"wp","href":"https:\/\/api.w.org\/{rel}","templated":true}]}}