{"id":5478,"date":"2025-11-03T16:15:38","date_gmt":"2025-11-03T16:15:38","guid":{"rendered":"https:\/\/friburgonoticias.com.br\/temp\/2025\/11\/03\/comissao-aprova-mais-visibilidade-ao-direito-de-atendimento-prioritario-para-acompanhante-de-pessoa-com-deficiencia-noticias\/"},"modified":"2025-11-03T16:15:38","modified_gmt":"2025-11-03T16:15:38","slug":"comissao-aprova-mais-visibilidade-ao-direito-de-atendimento-prioritario-para-acompanhante-de-pessoa-com-deficiencia-noticias","status":"publish","type":"post","link":"https:\/\/friburgonoticias.com.br\/temp\/2025\/11\/03\/comissao-aprova-mais-visibilidade-ao-direito-de-atendimento-prioritario-para-acompanhante-de-pessoa-com-deficiencia-noticias\/","title":{"rendered":"Comiss\u00e3o aprova mais visibilidade ao direito de atendimento priorit\u00e1rio para acompanhante de pessoa com defici\u00eancia &#8211; Not\u00edcias"},"content":{"rendered":"<p><\/p>\n<div>\n<p class=\"g-artigo__data-hora\">\n                      03\/11\/2025 &#8211; 12:42 \u00a0\n                    <\/p>\n<div id=\"image-container-1218273\" class=\"image-container\" style=\"float: none; margin: 45px 0px; width: 100%;\" data-midia=\"1218273\">\n        <em>Vinicius Loures \/ C\u00e2mara dos Deputados<\/em><\/p>\n<p>        Z\u00e9 Haroldo Cathedral: proposta valoriza atividades de cuidado\n        <\/p><\/div>\n<p>        A Comiss\u00e3o de Defesa dos Direitos das Pessoas com Defici\u00eancia da C\u00e2mara dos Deputados aprovou projeto de lei que refor\u00e7a a prioridade no atendimento j\u00e1 existente para cuidadores e familiares de pessoas com defici\u00eancia.<br \/>\n        A proposta altera a <a href=\"https:\/\/www2.camara.leg.br\/legin\/fed\/lei\/2000\/lei-10048-8-novembro-2000-376937-norma-pl.html\">Lei do Atendimento Priorit\u00e1rio<\/a> para determinar que o atendimento priorit\u00e1rio que \u00e9 estendido aos acompanhantes deve estar claro e expl\u00edcito nos informativos de identifica\u00e7\u00e3o e sinaliza\u00e7\u00e3o do servi\u00e7o.<br \/>\n        O texto aprovado foi a nova reda\u00e7\u00e3o elaborada pelo relator, deputado Z\u00e9 Haroldo Cathedral (PSD-RR), para o Projeto de Lei 3505\/25, do deputado Amom Mandel (Cidadania-AM).<br \/>\n        O projeto original garantia o atendimento priorit\u00e1rio aos cuidadores familiares de pessoas com defici\u00eancia quando estivessem acompanhando a pessoa cuidada.<\/p>\n<p>        <strong>Direito j\u00e1 existente<\/strong><br \/>Conforme observou Z\u00e9 Haroldo Cathedral, o objetivo do projeto de lei j\u00e1 se encontra previsto em normas em vigor, como a <a href=\"https:\/\/www2.camara.leg.br\/legin\/fed\/lei\/2015\/lei-13146-6-julho-2015-781174-norma-pl.html\">Lei Brasileira de Inclus\u00e3o<\/a> e a <a href=\"https:\/\/www2.camara.leg.br\/legin\/fed\/lei\/2000\/lei-10098-19-dezembro-2000-377651-norma-pl.html\">Lei da Acessibilidade<\/a>.<br \/>\n        Al\u00e9m disso, a <a href=\"https:\/\/www2.camara.leg.br\/legin\/fed\/lei\/2024\/lei-15069-23-dezembro-2024-796797-norma-pl.html\">Pol\u00edtica Nacional de Cuidados<\/a> tamb\u00e9m trata da prioridade tanto para as pessoas cuidadas quanto para os cuidadores.<br \/>\n        Apesar de o direito j\u00e1 existir legalmente, o relator destacou que o projeto trouxe uma discuss\u00e3o relevante sobre a necessidade de dar visibilidade e aten\u00e7\u00e3o \u00e0queles que exercem o cuidado.<br \/>\n        \u201cA valoriza\u00e7\u00e3o do cuidado confere voz \u00e0s fam\u00edlias at\u00edpicas, que, muitas vezes, dedicam-se de forma exclusiva, buscando oferecer conforto, tratamento adequado e melhores condi\u00e7\u00f5es de vida a filhos, sobrinhos, netos, irm\u00e3os, pais, m\u00e3es, av\u00f3s, entre outros\u201d, observou Cathedral.<br \/>\n        \u201cTrata-se de um esfor\u00e7o essencial para assegurar dignidade \u00e0 pessoa cuidada\u201d, acrescentou.<br \/>\n        O relator disse ainda que a proposi\u00e7\u00e3o evitar\u00e1 que a falta de comunica\u00e7\u00e3o clara constitua barreira ao exerc\u00edcio da prioridade legalmente assegurada.<br \/>\n        <strong>Pr\u00f3ximos passos<\/strong><br \/>A proposta ainda ser\u00e1 analisada, em <span id=\"4322\" class=\"termoGlossario\" title=\"Rito de tramita\u00e7\u00e3o pelo qual o projeto \u00e9 votado apenas pelas comiss\u00f5es designadas para analis\u00e1-lo, dispensada a delibera\u00e7\u00e3o do Plen\u00e1rio. O projeto perde o car\u00e1ter conclusivo se houver decis\u00e3o divergente entre as comiss\u00f5es ou se, independentemente de ser aprovado ou rejeitado, houver recurso assinado por 52 deputados para a aprecia\u00e7\u00e3o da mat\u00e9ria no Plen\u00e1rio.\" contenteditable=\"false\" data-toggle=\"tooltip\" data-placement=\"top\">car\u00e1ter conclusivo<\/span>, pela Comiss\u00e3o de Constitui\u00e7\u00e3o e Justi\u00e7a e de Cidadania. Para virar lei, precisa ser aprovada pela C\u00e2mara e pelo Senado.<\/p>\n<p style=\"font-size: 0.8rem; font-weight: 700;\">Reportagem \u2013 No\u00e9li Nobre<br \/>Edi\u00e7\u00e3o \u2013 Marcelo Oliveira<\/p>\n<\/p><\/div>\n<p><\/a><\/p>\n<p>Fonte: www.camara.leg.br<\/p>\n","protected":false},"excerpt":{"rendered":"<p>03\/11\/2025 &#8211; 12:42 \u00a0 Vinicius Loures \/ C\u00e2mara dos Deputados Z\u00e9 Haroldo Cathedral: proposta valoriza atividades de cuidado A Comiss\u00e3o de Defesa dos Direitos das Pessoas com Defici\u00eancia da C\u00e2mara dos Deputados aprovou projeto de lei que refor\u00e7a a prioridade no atendimento j\u00e1 existente para cuidadores e familiares de pessoas com defici\u00eancia. A proposta altera [&hellip;]<\/p>\n","protected":false},"author":3,"featured_media":5479,"comment_status":"open","ping_status":"open","sticky":false,"template":"","format":"standard","meta":{"advanced_seo_description":"","jetpack_seo_html_title":"","jetpack_seo_noindex":false,"fifu_image_url":"https:\/\/www.camara.leg.br\/midias\/image\/2025\/11\/img20250709153835570-768x473.jpg","fifu_image_alt":"","_jetpack_memberships_contains_paid_content":false,"footnotes":"","jetpack_publicize_message":"","jetpack_publicize_feature_enabled":true,"jetpack_social_post_already_shared":true,"jetpack_social_options":{"image_generator_settings":{"template":"highway","default_image_id":0,"font":"","enabled":false},"version":2}},"categories":[106,1],"tags":[],"class_list":{"0":"post-5478","1":"post","2":"type-post","3":"status-publish","4":"format-standard","5":"has-post-thumbnail","7":"category-politica","8":"category-uncategorized"},"jetpack_publicize_connections":[],"jetpack_featured_media_url":"https:\/\/i0.wp.com\/www.camara.leg.br\/midias\/image\/2025\/11\/img20250709153835570-768x473.jpg?fit=%2C&ssl=1","jetpack_sharing_enabled":true,"jetpack-related-posts":[],"_links":{"self":[{"href":"https:\/\/friburgonoticias.com.br\/temp\/wp-json\/wp\/v2\/posts\/5478","targetHints":{"allow":["GET"]}}],"collection":[{"href":"https:\/\/friburgonoticias.com.br\/temp\/wp-json\/wp\/v2\/posts"}],"about":[{"href":"https:\/\/friburgonoticias.com.br\/temp\/wp-json\/wp\/v2\/types\/post"}],"author":[{"embeddable":true,"href":"https:\/\/friburgonoticias.com.br\/temp\/wp-json\/wp\/v2\/users\/3"}],"replies":[{"embeddable":true,"href":"https:\/\/friburgonoticias.com.br\/temp\/wp-json\/wp\/v2\/comments?post=5478"}],"version-history":[{"count":0,"href":"https:\/\/friburgonoticias.com.br\/temp\/wp-json\/wp\/v2\/posts\/5478\/revisions"}],"wp:featuredmedia":[{"embeddable":true,"href":"https:\/\/friburgonoticias.com.br\/temp\/wp-json\/wp\/v2\/media\/5479"}],"wp:attachment":[{"href":"https:\/\/friburgonoticias.com.br\/temp\/wp-json\/wp\/v2\/media?parent=5478"}],"wp:term":[{"taxonomy":"category","embeddable":true,"href":"https:\/\/friburgonoticias.com.br\/temp\/wp-json\/wp\/v2\/categories?post=5478"},{"taxonomy":"post_tag","embeddable":true,"href":"https:\/\/friburgonoticias.com.br\/temp\/wp-json\/wp\/v2\/tags?post=5478"}],"curies":[{"name":"wp","href":"https:\/\/api.w.org\/{rel}","templated":true}]}}