{"id":5504,"date":"2025-11-04T12:17:43","date_gmt":"2025-11-04T12:17:43","guid":{"rendered":"https:\/\/friburgonoticias.com.br\/temp\/2025\/11\/04\/governador-claudio-castro-e-presidente-da-alerj-rodrigo-bacellar-comecam-a-ser-julgados-pelo-tse-nesta-terca-04\/"},"modified":"2025-11-04T12:17:43","modified_gmt":"2025-11-04T12:17:43","slug":"governador-claudio-castro-e-presidente-da-alerj-rodrigo-bacellar-comecam-a-ser-julgados-pelo-tse-nesta-terca-04","status":"publish","type":"post","link":"https:\/\/friburgonoticias.com.br\/temp\/2025\/11\/04\/governador-claudio-castro-e-presidente-da-alerj-rodrigo-bacellar-comecam-a-ser-julgados-pelo-tse-nesta-terca-04\/","title":{"rendered":"Governador Cl\u00e1udio Castro e presidente da Alerj, Rodrigo Bacellar, come\u00e7am a ser julgados pelo TSE nesta ter\u00e7a (04)"},"content":{"rendered":"<p><\/p>\n<div itemprop=\"articleBody\">\nCome\u00e7a hoje (04), no Tribunal Superior Eleitoral (TSE), o julgamento de a\u00e7\u00f5es do <a href=\"https:\/\/temporealrj.com\/mp-eleitoral-da-parecer-pela-cassacao-de-castro-pampolha-e-bacellar\/\">Minist\u00e9rio P\u00fablico Eleitoral (MPE)<\/a> contra o governador Cl\u00e1udio Castro (PL). Ele responde por abuso de poder econ\u00f4mico no caso envolvendo a Ceperj e, caso condenado, pode ter seu mandato cassado.<\/p>\n<p>O presidente da Assembleia Legislativa (Alerj), Rodrigo Bacellar (Uni\u00e3o Brasil) e o ex-vice-governador Thiago Pampolha (MDB) tamb\u00e9m respondem pelo caso.<\/p>\n<p>As a\u00e7\u00f5es foram movidas em 2022. No ano passado, <a href=\"https:\/\/temporealrj.com\/4x3-tre-rj-absolve-castro-pampolha-e-bacellar-no-caso-ceperj\/\">o Tribunal Regional Eleitoral do Rio (TRE-RJ) chegou a absolver Castro, Bacellar e Pampolha<\/a>. Na decis\u00e3o, a Corte fluminense entendeu que as irregularidades e poss\u00edveis desvios pelos quais eles s\u00e3o acusados n\u00e3o afetaram o processo eleitoral.<\/p>\n<p>O MPE, no entanto, decidiu recorrer da decis\u00e3o e levar o caso ao TSE. O julgamento come\u00e7a com o voto da relatora do caso, a ministra Isabel Gallotti. Outros seis ministros participam: Andr\u00e9 Mendon\u00e7a, Antonio Carlos Ferreira, Estela Aranha, Floriano de Azevedo Marques, Nunes Marques e a presidente da Corte, C\u00e1rmen L\u00facia.<\/p>\n<h2 class=\"wp-block-heading\">Castro \u00e9 acusado de usar contratados da Ceperj como cabos eleitorais<\/h2>\n<p>A a\u00e7\u00e3o acusa Castro de usar a Funda\u00e7\u00e3o Centro Estadual de Estat\u00edsticas, Pesquisas e Forma\u00e7\u00e3o de Servidores P\u00fablicos do Rio (Ceperj) para fins eleitorais. Cerca de 18 mil pessoas teriam sido contratadas por eles de forma irregular e mantidas em uma \u201cfolha de pagamento secreta\u201d. Esses contratos eram usados como cabos eleitorais, aponta a a\u00e7\u00e3o.<\/p>\n<p>O pagamento desses funcion\u00e1rios somam mais de R$ 240 milh\u00f5es e foram feitos atrav\u00e9s de saques de dinheiro vivo em caixas eletr\u00f4nicos, de acordo com a den\u00fancia.<\/p>\n<p>Castro tamb\u00e9m \u00e9 acusado de aumentar o or\u00e7amento da Ceperj para usar em \u201cprogramas sociais\u201d e projetos n\u00e3o previstos. As irregularidades tamb\u00e9m teriam acontecido na Universidade do Estado do Rio de Janeiro (Uerj) durante a campanha eleitoral de 2022.<\/p>\n<p>Castro, Bacellar e Pampolha negam as acusa\u00e7\u00f5es. Caso condenados, al\u00e9m da cassa\u00e7\u00e3o dos mandatos, eles podem ficar ineleg\u00edveis por oito anos.\n<\/p><\/div>\n<p><\/a><\/p>\n<p>Fonte: temporealrj.com<\/p>\n","protected":false},"excerpt":{"rendered":"<p>Come\u00e7a hoje (04), no Tribunal Superior Eleitoral (TSE), o julgamento de a\u00e7\u00f5es do Minist\u00e9rio P\u00fablico Eleitoral (MPE) contra o governador Cl\u00e1udio Castro (PL). Ele responde por abuso de poder econ\u00f4mico no caso envolvendo a Ceperj e, caso condenado, pode ter seu mandato cassado. O presidente da Assembleia Legislativa (Alerj), Rodrigo Bacellar (Uni\u00e3o Brasil) e o [&hellip;]<\/p>\n","protected":false},"author":3,"featured_media":5505,"comment_status":"open","ping_status":"open","sticky":false,"template":"","format":"standard","meta":{"advanced_seo_description":"","jetpack_seo_html_title":"","jetpack_seo_noindex":false,"fifu_image_url":"https:\/\/temporealrj.com\/wp-content\/uploads\/2025\/11\/Hoje-e-dia-de-celebrar-a-vida-de-um-grande-amigo-e-irmao-Rodrigo-Bacellar.-Que-privilegio-const-1.jpg","fifu_image_alt":"","_jetpack_memberships_contains_paid_content":false,"footnotes":"","jetpack_publicize_message":"","jetpack_publicize_feature_enabled":true,"jetpack_social_post_already_shared":true,"jetpack_social_options":{"image_generator_settings":{"template":"highway","default_image_id":0,"font":"","enabled":false},"version":2}},"categories":[107],"tags":[],"class_list":{"0":"post-5504","1":"post","2":"type-post","3":"status-publish","4":"format-standard","5":"has-post-thumbnail","7":"category-economia"},"jetpack_publicize_connections":[],"jetpack_featured_media_url":"https:\/\/i0.wp.com\/temporealrj.com\/wp-content\/uploads\/2025\/11\/Hoje-e-dia-de-celebrar-a-vida-de-um-grande-amigo-e-irmao-Rodrigo-Bacellar.-Que-privilegio-const-1.jpg?fit=%2C&ssl=1","jetpack_sharing_enabled":true,"jetpack-related-posts":[],"_links":{"self":[{"href":"https:\/\/friburgonoticias.com.br\/temp\/wp-json\/wp\/v2\/posts\/5504","targetHints":{"allow":["GET"]}}],"collection":[{"href":"https:\/\/friburgonoticias.com.br\/temp\/wp-json\/wp\/v2\/posts"}],"about":[{"href":"https:\/\/friburgonoticias.com.br\/temp\/wp-json\/wp\/v2\/types\/post"}],"author":[{"embeddable":true,"href":"https:\/\/friburgonoticias.com.br\/temp\/wp-json\/wp\/v2\/users\/3"}],"replies":[{"embeddable":true,"href":"https:\/\/friburgonoticias.com.br\/temp\/wp-json\/wp\/v2\/comments?post=5504"}],"version-history":[{"count":0,"href":"https:\/\/friburgonoticias.com.br\/temp\/wp-json\/wp\/v2\/posts\/5504\/revisions"}],"wp:featuredmedia":[{"embeddable":true,"href":"https:\/\/friburgonoticias.com.br\/temp\/wp-json\/wp\/v2\/media\/5505"}],"wp:attachment":[{"href":"https:\/\/friburgonoticias.com.br\/temp\/wp-json\/wp\/v2\/media?parent=5504"}],"wp:term":[{"taxonomy":"category","embeddable":true,"href":"https:\/\/friburgonoticias.com.br\/temp\/wp-json\/wp\/v2\/categories?post=5504"},{"taxonomy":"post_tag","embeddable":true,"href":"https:\/\/friburgonoticias.com.br\/temp\/wp-json\/wp\/v2\/tags?post=5504"}],"curies":[{"name":"wp","href":"https:\/\/api.w.org\/{rel}","templated":true}]}}