{"id":5508,"date":"2025-11-04T18:32:43","date_gmt":"2025-11-04T18:32:43","guid":{"rendered":"https:\/\/friburgonoticias.com.br\/temp\/2025\/11\/04\/conselho-de-etica-adia-analise-de-novos-processos-contra-deputados-noticias\/"},"modified":"2025-11-04T18:32:43","modified_gmt":"2025-11-04T18:32:43","slug":"conselho-de-etica-adia-analise-de-novos-processos-contra-deputados-noticias","status":"publish","type":"post","link":"https:\/\/friburgonoticias.com.br\/temp\/2025\/11\/04\/conselho-de-etica-adia-analise-de-novos-processos-contra-deputados-noticias\/","title":{"rendered":"Conselho de \u00c9tica adia an\u00e1lise de novos processos contra deputados &#8211; Not\u00edcias"},"content":{"rendered":"<p><\/p>\n<div>\n<div>\n<p class=\"g-artigo__data-hora\">\n                      04\/11\/2025 &#8211; 15:22 \u00a0\n                    <\/p>\n<div id=\"image-container-1214918\" class=\"image-container\" style=\"float: none; margin: 45px 0px; width: 100%;\" data-midia=\"1214918\">\n        <em>Zeca Ribeiro \/ C\u00e2mara dos Deputados<\/em><\/p>\n<p>        Conselho de \u00c9tica e Decoro Parlamentar reunido\n        <\/p><\/div>\n<p>        O <span id=\"4203\" class=\"termoGlossario\" title=\"\u00d3rg\u00e3o encarregado de zelar pela observ\u00e2ncia da \u00e9tica e do decoro parlamentar na C\u00e2mara. Compete-lhe instaurar e instruir os processos disciplinares referentes a den\u00fancias de atos incompat\u00edveis com o decoro parlamentar, recomendando ou n\u00e3o puni\u00e7\u00f5es cab\u00edveis aos deputados, que v\u00e3o desde a censura oral at\u00e9 a perda de mandato. Caso recomende puni\u00e7\u00f5es severas, o parecer do conselho dever\u00e1 ser votado pelo Plen\u00e1rio em dois dias, em vota\u00e7\u00e3o secreta. O conselho atua mediante provoca\u00e7\u00e3o da Mesa Diretora, nos casos de instaura\u00e7\u00e3o de processo disciplinar.\" contenteditable=\"false\" data-toggle=\"tooltip\" data-placement=\"top\">Conselho de \u00c9tica e Decoro Parlamentar<\/span> da C\u00e2mara dos Deputados adiou para esta quarta-feira (5), \u00e0s 14 horas, a decis\u00e3o sobre a abertura de 12 novos processos. O plen\u00e1rio da reuni\u00e3o ainda n\u00e3o foi definido.<\/p>\n<p>        <strong>Gilvan da Federal<\/strong><br \/>O deputado responde a dois processos:<\/p>\n<ul>\n<li>Na <a href=\"https:\/\/www.camara.leg.br\/proposicoesWeb\/prop_mostrarintegra?codteor=2896799&amp;filename=REP%201\/2025\">Representa\u00e7\u00e3o (REP) 1\/25<\/a>, a <span id=\"4072\" class=\"termoGlossario\" title=\"\u00d3rg\u00e3o respons\u00e1vel pela dire\u00e7\u00e3o dos trabalhos legislativos e dos servi\u00e7os administrativos da C\u00e2mara. \u00c9 composta por presidente, dois vice-presidentes e quatro secret\u00e1rios, al\u00e9m de quatro suplentes de secret\u00e1rios.\" contenteditable=\"false\" data-toggle=\"tooltip\" data-placement=\"top\">Mesa Diretora<\/span> acusa Gilvan de quebra de decoro por ofensas \u00e0 deputada licenciada Gleisi Hoffman (atual ministra-chefe da Secretaria de Rela\u00e7\u00f5es Institucionais) e ao deputado Lindbergh Farias (PT-RJ), durante reuni\u00e3o da Comiss\u00e3o de Seguran\u00e7a P\u00fablica.<\/li>\n<\/ul>\n<p>        Em 6 de maio, <a href=\"https:\/\/www.camara.leg.br\/noticias\/1155775-conselho-de-etica-aprova-suspensao-do-deputado-gilvan-da-federal-por-tres-meses\/\">Gilvan foi suspenso do mandato por tr\u00eas meses<\/a> e j\u00e1 retornou \u00e0s suas atividades. O conselho avalia agora o pedido de cassa\u00e7\u00e3o do seu mandato.<\/p>\n<ul>\n<li>Na <a href=\"https:\/\/www.camara.leg.br\/proposicoesWeb\/prop_mostrarintegra?codteor=2975422&amp;filename=REP%2010\/2025\">REP 10\/25<\/a>, o PT acusa Gilvan de ter incitado viol\u00eancia contra o presidente Lula durante reuni\u00e3o da Comiss\u00e3o de Seguran\u00e7a e Combate ao Crime Organizado, em maio deste ano.<\/li>\n<\/ul>\n<p>        <strong>Andr\u00e9 Janones<br \/><\/strong>O deputado tamb\u00e9m responde a dois processos:<\/p>\n<ul>\n<li>Na <a href=\"https:\/\/www.camara.leg.br\/proposicoesWeb\/prop_mostrarintegra?codteor=2975349&amp;filename=REP%208\/2025\">REP 8\/25<\/a>, o PL acusa Janones de ter solicitado que servidores devolvessem parte de seus sal\u00e1rios para beneficiar sua campanha.<\/li>\n<li>Na <a href=\"https:\/\/www.camara.leg.br\/proposicoesWeb\/prop_mostrarintegra?codteor=2975439&amp;filename=REP%2014\/2025\">REP 14\/25<\/a>, o PL acusa Janones de ter postado, em suas redes sociais, ofensas graves contra o deputado Gustavo Gayer.<\/li>\n<\/ul>\n<p>        <strong>Lindbergh Farias<br \/><\/strong>O parlamentar tamb\u00e9m responde a dois processos:<\/p>\n<ul>\n<li>Na\u00a0<a href=\"https:\/\/www.camara.leg.br\/proposicoesWeb\/prop_mostrarintegra?codteor=2975403&amp;filename=REP%209\/2025\">REP 9\/25<\/a>, o Novo acusa Lindbergh de ter divulgado, em redes sociais, imputa\u00e7\u00f5es falsas ao deputado Marcel van Hattem (Novo-RS).<\/li>\n<li>Na <a href=\"https:\/\/www.camara.leg.br\/proposicoesWeb\/prop_mostrarintegra?codteor=2975427&amp;filename=REP%2012\/2025\">REP 12\/25<\/a>, o PL acusa Lindbergh de ter ofendido o deputado Gustavo Gayer em mar\u00e7o deste ano e defendido sua cassa\u00e7\u00e3o.<\/li>\n<\/ul>\n<p>        <strong>Kim Kataguiri<br \/><\/strong>O deputado \u00e9 acusado pelo Psol (<a href=\"https:\/\/www.camara.leg.br\/proposicoesWeb\/prop_mostrarintegra?codteor=2975463&amp;filename=REP%2021\/2025\">REP 21\/25<\/a>) de, em sess\u00e3o do Plen\u00e1rio sobre o PL do Licenciamento Ambiental, ter feito ataques racistas e preconceituosos contra a deputada C\u00e9lia Xakriab\u00e1 (Psol-MG).<br \/>\n        <strong>C\u00e9lia Xakriab\u00e1<br \/><\/strong>A deputada \u00e9 acusada pelo PL (<a href=\"https:\/\/www.camara.leg.br\/proposicoesWeb\/prop_mostrarintegra?codteor=2975472&amp;filename=REP%2023\/2025\">REP 23\/25<\/a>) de, na mesma sess\u00e3o, ter agredido e \u201cavan\u00e7ado com uma caneta\u201d contra o deputado Kim Kataguiri, ferindo o deputado Coronel Meira (PL-PE).<br \/>\n        <strong>Delegado \u00c9der Mauro<br \/><\/strong>O deputado \u00e9 acusado pelo PT (<a href=\"https:\/\/www.camara.leg.br\/proposicoesWeb\/prop_mostrarintegra?codteor=2975425&amp;filename=REP%2011\/2025\">REP 11\/25<\/a>) de ter agredido fisicamente um cidad\u00e3o presente em reuni\u00e3o da Comiss\u00e3o de Direitos Humanos em julho deste ano.<\/p>\n<p>        <strong>Guilherme Boulos<br \/><\/strong>O deputado \u00e9 acusado pelo PL (<a href=\"https:\/\/www.camara.leg.br\/proposicoesWeb\/prop_mostrarintegra?codteor=2975438&amp;filename=REP%2013\/2025\">REP 13\/25<\/a>) de ter ofendido parlamentares da legenda durante reuni\u00e3o do Conselho de \u00c9tica em abril deste ano.<br \/>\n        <strong>Jos\u00e9 Medeiros<br \/><\/strong>O deputado \u00e9 acusado pelo Psol (<a href=\"https:\/\/www.camara.leg.br\/proposicoesWeb\/prop_mostrarintegra?codteor=2975455&amp;filename=REP%2018\/2025\">REP 18\/25<\/a>) por falas ofensivas e discriminat\u00f3rias contra o deputado Ivan Valente (Psol-SP).<br \/>\n        <strong>Sargento Fahur<br \/><\/strong>O deputado \u00e9 acusado pelo Psol\u00a0(<a href=\"https:\/\/www.camara.leg.br\/proposicoesWeb\/prop_mostrarintegra?codteor=2975459&amp;filename=REP%2020\/2025\">REP 20\/25<\/a>) de, durante reuni\u00e3o da Comiss\u00e3o de Seguran\u00e7a P\u00fablica, ter feito coment\u00e1rio que soou como amea\u00e7a ao deputado Pastor Henrique Vieira (Psol-RJ).<\/p>\n<p style=\"font-size: 0.8rem; font-weight: 700;\">Da Reda\u00e7\u00e3o &#8211; ND<\/p>\n<\/p><\/div>\n<\/p><\/div>\n<p><\/a><\/p>\n<p>Fonte: www.camara.leg.br<\/p>\n","protected":false},"excerpt":{"rendered":"<p>04\/11\/2025 &#8211; 15:22 \u00a0 Zeca Ribeiro \/ C\u00e2mara dos Deputados Conselho de \u00c9tica e Decoro Parlamentar reunido O Conselho de \u00c9tica e Decoro Parlamentar da C\u00e2mara dos Deputados adiou para esta quarta-feira (5), \u00e0s 14 horas, a decis\u00e3o sobre a abertura de 12 novos processos. O plen\u00e1rio da reuni\u00e3o ainda n\u00e3o foi definido. Gilvan da [&hellip;]<\/p>\n","protected":false},"author":3,"featured_media":5509,"comment_status":"open","ping_status":"open","sticky":false,"template":"","format":"standard","meta":{"advanced_seo_description":"","jetpack_seo_html_title":"","jetpack_seo_noindex":false,"fifu_image_url":"https:\/\/www.camara.leg.br\/midias\/image\/2025\/10\/img20251022151211599-768x473.jpg","fifu_image_alt":"","_jetpack_memberships_contains_paid_content":false,"footnotes":"","jetpack_publicize_message":"","jetpack_publicize_feature_enabled":true,"jetpack_social_post_already_shared":true,"jetpack_social_options":{"image_generator_settings":{"template":"highway","default_image_id":0,"font":"","enabled":false},"version":2}},"categories":[107],"tags":[],"class_list":{"0":"post-5508","1":"post","2":"type-post","3":"status-publish","4":"format-standard","5":"has-post-thumbnail","7":"category-economia"},"jetpack_publicize_connections":[],"jetpack_featured_media_url":"https:\/\/i0.wp.com\/www.camara.leg.br\/midias\/image\/2025\/10\/img20251022151211599-768x473.jpg?fit=%2C&ssl=1","jetpack_sharing_enabled":true,"jetpack-related-posts":[],"_links":{"self":[{"href":"https:\/\/friburgonoticias.com.br\/temp\/wp-json\/wp\/v2\/posts\/5508","targetHints":{"allow":["GET"]}}],"collection":[{"href":"https:\/\/friburgonoticias.com.br\/temp\/wp-json\/wp\/v2\/posts"}],"about":[{"href":"https:\/\/friburgonoticias.com.br\/temp\/wp-json\/wp\/v2\/types\/post"}],"author":[{"embeddable":true,"href":"https:\/\/friburgonoticias.com.br\/temp\/wp-json\/wp\/v2\/users\/3"}],"replies":[{"embeddable":true,"href":"https:\/\/friburgonoticias.com.br\/temp\/wp-json\/wp\/v2\/comments?post=5508"}],"version-history":[{"count":0,"href":"https:\/\/friburgonoticias.com.br\/temp\/wp-json\/wp\/v2\/posts\/5508\/revisions"}],"wp:featuredmedia":[{"embeddable":true,"href":"https:\/\/friburgonoticias.com.br\/temp\/wp-json\/wp\/v2\/media\/5509"}],"wp:attachment":[{"href":"https:\/\/friburgonoticias.com.br\/temp\/wp-json\/wp\/v2\/media?parent=5508"}],"wp:term":[{"taxonomy":"category","embeddable":true,"href":"https:\/\/friburgonoticias.com.br\/temp\/wp-json\/wp\/v2\/categories?post=5508"},{"taxonomy":"post_tag","embeddable":true,"href":"https:\/\/friburgonoticias.com.br\/temp\/wp-json\/wp\/v2\/tags?post=5508"}],"curies":[{"name":"wp","href":"https:\/\/api.w.org\/{rel}","templated":true}]}}