{"id":5532,"date":"2025-11-05T11:54:11","date_gmt":"2025-11-05T11:54:11","guid":{"rendered":"https:\/\/friburgonoticias.com.br\/temp\/2025\/11\/05\/michelle-bolsonaro-vai-receber-maior-honraria-da-camara-do-rio\/"},"modified":"2025-11-05T11:54:11","modified_gmt":"2025-11-05T11:54:11","slug":"michelle-bolsonaro-vai-receber-maior-honraria-da-camara-do-rio","status":"publish","type":"post","link":"https:\/\/friburgonoticias.com.br\/temp\/2025\/11\/05\/michelle-bolsonaro-vai-receber-maior-honraria-da-camara-do-rio\/","title":{"rendered":"Michelle Bolsonaro vai receber maior honraria da C\u00e2mara do Rio"},"content":{"rendered":"<p><\/p>\n<div itemprop=\"articleBody\">\nMichelle Bolsonaro, ex-primeira-dama, vai receber a maior honraria da C\u00e2mara Municipal do Rio. Os vereadores aprovaram, nesta ter\u00e7a-feira (04), a concess\u00e3o do Conjunto de Medalhas de M\u00e9rito Pedro Ernesto \u00e0 Michelle por conta de sua atua\u00e7\u00e3o social na inclus\u00e3o de pessoas com defici\u00eancia e na defesa de \u201cvalores crist\u00e3os e familiares\u201d.<\/p>\n<p>A homenagem foi proposta pelo vereador Fernando Armelau (PL). Outros parlamentares do Partido Liberal no Legislativo assinam como coautores Rafael Sati\u00ea, Diego Faro, Dr. Rog\u00e9rio Amorim, Poubel e o enteado de Michelle, Carlos Bolsonaro.<\/p>\n<p>A homenagem foi aprovada durante o plen\u00e1rio desta ter\u00e7a (04). Os parlamentares Monica Benicio e Rick Azevedo (PSOL) votaram contra a concess\u00e3o da homenagem. Armelau defendeu a concess\u00e3o das medalhas e disse que a esposa do ex-presidente Jair Bolsonaro (PL) \u00e9 a \u201cmelhor primeira-dama que o Brasil j\u00e1 teve\u201d.<\/p>\n<p>\u201cSua miss\u00e3o \u00e9 clara: cuidar de quem mais precisa, com empatia, f\u00e9 e trabalho. Seu engajamento nas causas da inclus\u00e3o e no incentivo \u00e0 participa\u00e7\u00e3o das mulheres na pol\u00edtica a tornam merecedora dessa homenagem\u201d, afirmou o autor da lei.<\/p>\n<p>Michelle Bolsonaro, que integra o n\u00facleo de lideran\u00e7as femininas do PL, deve vir ao Rio para receber a honraria. A data da homenagem ainda ser\u00e1 confirmada.\n<\/p><\/div>\n<p><\/a><\/p>\n<p>Fonte: temporealrj.com<\/p>\n","protected":false},"excerpt":{"rendered":"<p>Michelle Bolsonaro, ex-primeira-dama, vai receber a maior honraria da C\u00e2mara Municipal do Rio. Os vereadores aprovaram, nesta ter\u00e7a-feira (04), a concess\u00e3o do Conjunto de Medalhas de M\u00e9rito Pedro Ernesto \u00e0 Michelle por conta de sua atua\u00e7\u00e3o social na inclus\u00e3o de pessoas com defici\u00eancia e na defesa de \u201cvalores crist\u00e3os e familiares\u201d. A homenagem foi proposta [&hellip;]<\/p>\n","protected":false},"author":3,"featured_media":5533,"comment_status":"open","ping_status":"open","sticky":false,"template":"","format":"standard","meta":{"advanced_seo_description":"","jetpack_seo_html_title":"","jetpack_seo_noindex":false,"fifu_image_url":"https:\/\/temporealrj.com\/wp-content\/uploads\/2025\/11\/Foto-PL-Flickr.webp","fifu_image_alt":"","_jetpack_memberships_contains_paid_content":false,"footnotes":"","jetpack_publicize_message":"","jetpack_publicize_feature_enabled":true,"jetpack_social_post_already_shared":true,"jetpack_social_options":{"image_generator_settings":{"template":"highway","default_image_id":0,"font":"","enabled":false},"version":2}},"categories":[106,1],"tags":[],"class_list":{"0":"post-5532","1":"post","2":"type-post","3":"status-publish","4":"format-standard","5":"has-post-thumbnail","7":"category-politica","8":"category-uncategorized"},"jetpack_publicize_connections":[],"jetpack_featured_media_url":"https:\/\/i0.wp.com\/temporealrj.com\/wp-content\/uploads\/2025\/11\/Foto-PL-Flickr.webp?fit=%2C&ssl=1","jetpack_sharing_enabled":true,"jetpack-related-posts":[],"_links":{"self":[{"href":"https:\/\/friburgonoticias.com.br\/temp\/wp-json\/wp\/v2\/posts\/5532","targetHints":{"allow":["GET"]}}],"collection":[{"href":"https:\/\/friburgonoticias.com.br\/temp\/wp-json\/wp\/v2\/posts"}],"about":[{"href":"https:\/\/friburgonoticias.com.br\/temp\/wp-json\/wp\/v2\/types\/post"}],"author":[{"embeddable":true,"href":"https:\/\/friburgonoticias.com.br\/temp\/wp-json\/wp\/v2\/users\/3"}],"replies":[{"embeddable":true,"href":"https:\/\/friburgonoticias.com.br\/temp\/wp-json\/wp\/v2\/comments?post=5532"}],"version-history":[{"count":0,"href":"https:\/\/friburgonoticias.com.br\/temp\/wp-json\/wp\/v2\/posts\/5532\/revisions"}],"wp:featuredmedia":[{"embeddable":true,"href":"https:\/\/friburgonoticias.com.br\/temp\/wp-json\/wp\/v2\/media\/5533"}],"wp:attachment":[{"href":"https:\/\/friburgonoticias.com.br\/temp\/wp-json\/wp\/v2\/media?parent=5532"}],"wp:term":[{"taxonomy":"category","embeddable":true,"href":"https:\/\/friburgonoticias.com.br\/temp\/wp-json\/wp\/v2\/categories?post=5532"},{"taxonomy":"post_tag","embeddable":true,"href":"https:\/\/friburgonoticias.com.br\/temp\/wp-json\/wp\/v2\/tags?post=5532"}],"curies":[{"name":"wp","href":"https:\/\/api.w.org\/{rel}","templated":true}]}}