{"id":5546,"date":"2025-11-05T17:17:48","date_gmt":"2025-11-05T17:17:48","guid":{"rendered":"https:\/\/friburgonoticias.com.br\/temp\/2025\/11\/05\/comissao-aprova-projeto-que-dificulta-a-progressao-de-regime-de-condenados-por-feminicidio-noticias\/"},"modified":"2025-11-05T17:17:48","modified_gmt":"2025-11-05T17:17:48","slug":"comissao-aprova-projeto-que-dificulta-a-progressao-de-regime-de-condenados-por-feminicidio-noticias","status":"publish","type":"post","link":"https:\/\/friburgonoticias.com.br\/temp\/2025\/11\/05\/comissao-aprova-projeto-que-dificulta-a-progressao-de-regime-de-condenados-por-feminicidio-noticias\/","title":{"rendered":"Comiss\u00e3o aprova projeto que dificulta a progress\u00e3o de regime de condenados por feminic\u00eddio &#8211; Not\u00edcias"},"content":{"rendered":"<p><\/p>\n<div>\n<div>\n<p class=\"g-artigo__data-hora\">\n                      05\/11\/2025 &#8211; 14:05 \u00a0\n                    <\/p>\n<div id=\"image-container-1219572\" class=\"image-container\" style=\"float: none; margin: 45px 0px; width: 100%;\" data-midia=\"1219572\">\n        <em>Pablo Valadares \/ C\u00e2mara dos Deputados<\/em><\/p>\n<p>        Deputada Delegada Ione, relatora do projeto de lei\n        <\/p><\/div>\n<p>        A Comiss\u00e3o de Defesa dos Direitos da Mulher da C\u00e2mara dos Deputados aprovou projeto de lei que dificulta a <span id=\"4263\" class=\"termoGlossario\" title=\"Incentivo que a Lei de Execu\u00e7\u00e3o Penal d\u00e1 aos presos que apresentam bom comportamento durante o cumprimento da pena. Consiste no direito de ser transferido para o regime mais ben\u00e9fico - do fechado para o semiaberto, ou do semiaberto para o aberto - ap\u00f3s cumprimento de 1\/6 da pena total.\" contenteditable=\"false\" data-toggle=\"tooltip\" data-placement=\"top\">progress\u00e3o de regime<\/span> para condenados por feminic\u00eddio ou crimes contra a dignidade sexual de crian\u00e7as ou adolescentes. O texto aprovado altera a <a href=\"https:\/\/www2.camara.leg.br\/legin\/fed\/lei\/1980-1987\/lei-7210-11-julho-1984-356938-publicacaooriginal-1-pl.html\">Lei de Execu\u00e7\u00e3o Penal<\/a>.<br \/>\n        Pela proposta, para ser transferido para regimes de cumprimento de pena menos rigorosos, como semiaberto e aberto, o condenado por esses crimes deve:<\/p>\n<ul>\n<li>cumprir 75% da pena se for a primeira condena\u00e7\u00e3o, sem direito a livramento condicional; ou<\/li>\n<li>cumprir 80% da pena se for reincidente nesses crimes.<\/li>\n<\/ul>\n<p>        Atualmente, a legisla\u00e7\u00e3o permite a progress\u00e3o de regime ap\u00f3s o cumprimento de 55% da pena.<br \/>\n        Al\u00e9m do tempo, para ter direito \u00e0 progress\u00e3o, o preso por feminic\u00eddio ou crimes sexuais contra crian\u00e7as e adolescentes dever\u00e1:<\/p>\n<ul>\n<li>apresentar bom comportamento na pris\u00e3o;<\/li>\n<li>participar e concluir programas de ressocializa\u00e7\u00e3o, como educa\u00e7\u00e3o ou cursos profissionalizantes, e de conscientiza\u00e7\u00e3o sobre viol\u00eancia contra mulheres e crian\u00e7as; e<\/li>\n<li>possuir laudo criminol\u00f3gico favor\u00e1vel que mostre autodisciplina, responsabilidade e baixo risco.<\/li>\n<\/ul>\n<p>        O texto aprovado foi o <span id=\"4098\" class=\"termoGlossario\" title=\"Nome que se d\u00e1 ao texto que altera substancialmente o conte\u00fado original da proposta. O substitutivo \u00e9 apresentado pelo relator e tem prefer\u00eancia na vota\u00e7\u00e3o sobre o projeto original.\" contenteditable=\"false\" data-toggle=\"tooltip\" data-placement=\"top\">substitutivo<\/span> da relatora, deputada Delegada Ione (Avante-MG), ao <a class=\"linkProposicao\" href=\"https:\/\/www.camara.leg.br\/noticias\/1155150-projeto-enrijece-requisitos-para-progressao-de-regime-de-presos-por-feminicidio\">Projeto de Lei 797\/25<\/a>, do deputado Emanuel Pinheiro Neto (MDB-MT). O projeto original prev\u00ea as novas exig\u00eancias apenas para condenados por feminic\u00eddio.<br \/>\n        \u201cConsideramos recomend\u00e1vel ampliar as mudan\u00e7as para alcan\u00e7ar tamb\u00e9m pessoas condenadas por crimes contra a dignidade sexual de crian\u00e7a ou adolescente, que s\u00e3o igualmente graves e de grande impacto social\u201d, disse a relatora.<br \/>\n        <strong>Pr\u00f3ximas etapas<br \/><\/strong>O texto ainda ser\u00e1 analisado pela Comiss\u00e3o de Constitui\u00e7\u00e3o e Justi\u00e7a e de Cidadania e, depois, pelo Plen\u00e1rio. Para virar lei, a proposta precisa ser aprovada pela C\u00e2mara e pelo Senado.<\/p>\n<p style=\"font-size: 0.8rem; font-weight: 700;\">Reportagem \u2013 Murilo Souza<br \/>Edi\u00e7\u00e3o \u2013 Roberto Seabra<\/p>\n<\/p><\/div>\n<\/p><\/div>\n<p><\/a><\/p>\n<p>Fonte: www.camara.leg.br<\/p>\n","protected":false},"excerpt":{"rendered":"<p>05\/11\/2025 &#8211; 14:05 \u00a0 Pablo Valadares \/ C\u00e2mara dos Deputados Deputada Delegada Ione, relatora do projeto de lei A Comiss\u00e3o de Defesa dos Direitos da Mulher da C\u00e2mara dos Deputados aprovou projeto de lei que dificulta a progress\u00e3o de regime para condenados por feminic\u00eddio ou crimes contra a dignidade sexual de crian\u00e7as ou adolescentes. O [&hellip;]<\/p>\n","protected":false},"author":3,"featured_media":5547,"comment_status":"open","ping_status":"open","sticky":false,"template":"","format":"standard","meta":{"advanced_seo_description":"","jetpack_seo_html_title":"","jetpack_seo_noindex":false,"fifu_image_url":"https:\/\/www.camara.leg.br\/midias\/image\/2025\/11\/img20251028125305488-768x473.jpg","fifu_image_alt":"","_jetpack_memberships_contains_paid_content":false,"footnotes":"","jetpack_publicize_message":"","jetpack_publicize_feature_enabled":true,"jetpack_social_post_already_shared":true,"jetpack_social_options":{"image_generator_settings":{"template":"highway","default_image_id":0,"font":"","enabled":false},"version":2}},"categories":[106,1],"tags":[],"class_list":{"0":"post-5546","1":"post","2":"type-post","3":"status-publish","4":"format-standard","5":"has-post-thumbnail","7":"category-politica","8":"category-uncategorized"},"jetpack_publicize_connections":[],"jetpack_featured_media_url":"https:\/\/i0.wp.com\/www.camara.leg.br\/midias\/image\/2025\/11\/img20251028125305488-768x473.jpg?fit=%2C&ssl=1","jetpack_sharing_enabled":true,"jetpack-related-posts":[],"_links":{"self":[{"href":"https:\/\/friburgonoticias.com.br\/temp\/wp-json\/wp\/v2\/posts\/5546","targetHints":{"allow":["GET"]}}],"collection":[{"href":"https:\/\/friburgonoticias.com.br\/temp\/wp-json\/wp\/v2\/posts"}],"about":[{"href":"https:\/\/friburgonoticias.com.br\/temp\/wp-json\/wp\/v2\/types\/post"}],"author":[{"embeddable":true,"href":"https:\/\/friburgonoticias.com.br\/temp\/wp-json\/wp\/v2\/users\/3"}],"replies":[{"embeddable":true,"href":"https:\/\/friburgonoticias.com.br\/temp\/wp-json\/wp\/v2\/comments?post=5546"}],"version-history":[{"count":0,"href":"https:\/\/friburgonoticias.com.br\/temp\/wp-json\/wp\/v2\/posts\/5546\/revisions"}],"wp:featuredmedia":[{"embeddable":true,"href":"https:\/\/friburgonoticias.com.br\/temp\/wp-json\/wp\/v2\/media\/5547"}],"wp:attachment":[{"href":"https:\/\/friburgonoticias.com.br\/temp\/wp-json\/wp\/v2\/media?parent=5546"}],"wp:term":[{"taxonomy":"category","embeddable":true,"href":"https:\/\/friburgonoticias.com.br\/temp\/wp-json\/wp\/v2\/categories?post=5546"},{"taxonomy":"post_tag","embeddable":true,"href":"https:\/\/friburgonoticias.com.br\/temp\/wp-json\/wp\/v2\/tags?post=5546"}],"curies":[{"name":"wp","href":"https:\/\/api.w.org\/{rel}","templated":true}]}}