{"id":5560,"date":"2025-11-05T21:12:44","date_gmt":"2025-11-05T21:12:44","guid":{"rendered":"https:\/\/friburgonoticias.com.br\/temp\/2025\/11\/05\/justica-eleitoral-rejeita-denuncia-contra-prefeito-de-mangaratiba-no-episodio-teatro-invisivel\/"},"modified":"2025-11-05T21:12:44","modified_gmt":"2025-11-05T21:12:44","slug":"justica-eleitoral-rejeita-denuncia-contra-prefeito-de-mangaratiba-no-episodio-teatro-invisivel","status":"publish","type":"post","link":"https:\/\/friburgonoticias.com.br\/temp\/2025\/11\/05\/justica-eleitoral-rejeita-denuncia-contra-prefeito-de-mangaratiba-no-episodio-teatro-invisivel\/","title":{"rendered":"Justi\u00e7a Eleitoral rejeita den\u00fancia contra prefeito de Mangaratiba, no epis\u00f3dio &#8216;Teatro Invis\u00edvel&#8217;"},"content":{"rendered":"<p><\/p>\n<div itemprop=\"articleBody\">\nA 54\u00aa Zona  Eleitoral de Mangaratiba julgou improcedente a a\u00e7\u00e3o movida pelo ex-candidato Aar\u00e3o de Moura Brito (PP) contra o ent\u00e3o advers\u00e1rio e hoje prefeito Luiz Cl\u00e1udio Ribeiro (Republicanos), no epis\u00f3dio que ficou conhecido como <a href=\"https:\/\/temporealrj.com\/tre-decide-a-favor-de-valdecy-da-saude-e-deputado-nao-ficara-inelegivel-por-teatro-invisivel\/\">\u201cTeatro Invis\u00edvel\u201d<\/a>. A a\u00e7\u00e3o apontava suposto envolvimento de Luiz Cl\u00e1udio num esquema de dissemina\u00e7\u00e3o de <a href=\"https:\/\/temporealrj.com\/dide-valdecy-da-saude-dr-serginho-aarao-e-rubao-saiba-quem-sao-os-alvos-da-operacao-da-pf\/\">fake news durante a campanha eleitoral de 2024.<\/a><\/p>\n<p>O juiz eleitoral Richard Robert Fairclough considerou que as provas apresentadas \u201cs\u00e3o insuficientes para a confirma\u00e7\u00e3o de capta\u00e7\u00e3o de sufr\u00e1gio, tampouco abuso de poder econ\u00f4mico, ou qualquer outra irregularidade capaz de ensejar a proced\u00eancia de uma a\u00e7\u00e3o de investiga\u00e7\u00e3o judicial eleitoral\u201d.<\/p>\n<p>A decis\u00e3o tamb\u00e9m destaca que n\u00e3o h\u00e1 ind\u00edcios que apontem Luiz Cl\u00e1udio como benefici\u00e1rio, contratante ou conhecedor de qualquer ato relacionado \u00e0 opera\u00e7\u00e3o investigada pela Pol\u00edcia Federal. <\/p>\n<h2 class=\"wp-block-heading\">O MP j\u00e1 havia se manifestado a favor do prefeito de Mangaratiba<\/h2>\n<p>O pr\u00f3prio Minist\u00e9rio P\u00fablico Eleitoral (MPE) j\u00e1 havia se manifestado pela improced\u00eancia, afirmando que os fatos descritos \u201cn\u00e3o restaram devidamente comprovados.\u201d\n<\/p><\/div>\n<p><\/a><\/p>\n<p>Fonte: temporealrj.com<\/p>\n","protected":false},"excerpt":{"rendered":"<p>A 54\u00aa Zona Eleitoral de Mangaratiba julgou improcedente a a\u00e7\u00e3o movida pelo ex-candidato Aar\u00e3o de Moura Brito (PP) contra o ent\u00e3o advers\u00e1rio e hoje prefeito Luiz Cl\u00e1udio Ribeiro (Republicanos), no epis\u00f3dio que ficou conhecido como \u201cTeatro Invis\u00edvel\u201d. A a\u00e7\u00e3o apontava suposto envolvimento de Luiz Cl\u00e1udio num esquema de dissemina\u00e7\u00e3o de fake news durante a campanha [&hellip;]<\/p>\n","protected":false},"author":3,"featured_media":5561,"comment_status":"open","ping_status":"open","sticky":false,"template":"","format":"standard","meta":{"advanced_seo_description":"","jetpack_seo_html_title":"","jetpack_seo_noindex":false,"fifu_image_url":"https:\/\/temporealrj.com\/wp-content\/uploads\/2025\/11\/Aarao-e-Luiz-e1762373262459.jpg","fifu_image_alt":"","_jetpack_memberships_contains_paid_content":false,"footnotes":"","jetpack_publicize_message":"","jetpack_publicize_feature_enabled":true,"jetpack_social_post_already_shared":true,"jetpack_social_options":{"image_generator_settings":{"template":"highway","default_image_id":0,"font":"","enabled":false},"version":2}},"categories":[107],"tags":[],"class_list":{"0":"post-5560","1":"post","2":"type-post","3":"status-publish","4":"format-standard","5":"has-post-thumbnail","7":"category-economia"},"jetpack_publicize_connections":[],"jetpack_featured_media_url":"https:\/\/i0.wp.com\/temporealrj.com\/wp-content\/uploads\/2025\/11\/Aarao-e-Luiz-e1762373262459.jpg?fit=%2C&ssl=1","jetpack_sharing_enabled":true,"jetpack-related-posts":[],"_links":{"self":[{"href":"https:\/\/friburgonoticias.com.br\/temp\/wp-json\/wp\/v2\/posts\/5560","targetHints":{"allow":["GET"]}}],"collection":[{"href":"https:\/\/friburgonoticias.com.br\/temp\/wp-json\/wp\/v2\/posts"}],"about":[{"href":"https:\/\/friburgonoticias.com.br\/temp\/wp-json\/wp\/v2\/types\/post"}],"author":[{"embeddable":true,"href":"https:\/\/friburgonoticias.com.br\/temp\/wp-json\/wp\/v2\/users\/3"}],"replies":[{"embeddable":true,"href":"https:\/\/friburgonoticias.com.br\/temp\/wp-json\/wp\/v2\/comments?post=5560"}],"version-history":[{"count":0,"href":"https:\/\/friburgonoticias.com.br\/temp\/wp-json\/wp\/v2\/posts\/5560\/revisions"}],"wp:featuredmedia":[{"embeddable":true,"href":"https:\/\/friburgonoticias.com.br\/temp\/wp-json\/wp\/v2\/media\/5561"}],"wp:attachment":[{"href":"https:\/\/friburgonoticias.com.br\/temp\/wp-json\/wp\/v2\/media?parent=5560"}],"wp:term":[{"taxonomy":"category","embeddable":true,"href":"https:\/\/friburgonoticias.com.br\/temp\/wp-json\/wp\/v2\/categories?post=5560"},{"taxonomy":"post_tag","embeddable":true,"href":"https:\/\/friburgonoticias.com.br\/temp\/wp-json\/wp\/v2\/tags?post=5560"}],"curies":[{"name":"wp","href":"https:\/\/api.w.org\/{rel}","templated":true}]}}