{"id":5580,"date":"2025-11-06T16:22:47","date_gmt":"2025-11-06T16:22:47","guid":{"rendered":"https:\/\/friburgonoticias.com.br\/temp\/2025\/11\/06\/comissao-aprova-atendimento-acessivel-a-mulheres-com-deficiencia-vitimas-de-violencia-domestica-noticias\/"},"modified":"2025-11-06T16:22:47","modified_gmt":"2025-11-06T16:22:47","slug":"comissao-aprova-atendimento-acessivel-a-mulheres-com-deficiencia-vitimas-de-violencia-domestica-noticias","status":"publish","type":"post","link":"https:\/\/friburgonoticias.com.br\/temp\/2025\/11\/06\/comissao-aprova-atendimento-acessivel-a-mulheres-com-deficiencia-vitimas-de-violencia-domestica-noticias\/","title":{"rendered":"Comiss\u00e3o aprova atendimento acess\u00edvel a mulheres com defici\u00eancia v\u00edtimas de viol\u00eancia dom\u00e9stica &#8211; Not\u00edcias"},"content":{"rendered":"<p><\/p>\n<div>\n<div>\n<p class=\"g-artigo__data-hora\">\n                      06\/11\/2025 &#8211; 13:08 \u00a0\n                    <\/p>\n<div id=\"image-container-1220260\" class=\"image-container\" style=\"float: none; margin: 45px 0px; width: 100%;\" data-midia=\"1220260\">\n        <em>Renato Ara\u00fajo\/C\u00e2mara dos Deputados<\/em><\/p>\n<p>        Laura Carneiro defendeu a aprova\u00e7\u00e3o da proposta\n        <\/p><\/div>\n<p>        A Comiss\u00e3o de Defesa dos Direitos da Mulher da C\u00e2mara dos Deputados aprovou o <a class=\"linkProposicao\" href=\"https:\/\/www.camara.leg.br\/noticias\/1087253-projeto-garante-atendimento-acessivel-a-mulher-com-deficiencia-vitima-de-violencia-domestica\">Projeto de Lei 3728\/21<\/a>, que altera a <a href=\"https:\/\/www2.camara.gov.br\/legin\/fed\/lei\/2006\/lei-11340-7-agosto-2006-545133-norma-pl.html\">Lei Maria da Penha<\/a> para garantir atendimento acess\u00edvel a mulheres com defici\u00eancia v\u00edtimas de viol\u00eancia dom\u00e9stica e familiar.<br \/>\n        Os parlamentares acolheram o parecer da relatora, deputada Laura Carneiro (PSD-RJ), pela aprova\u00e7\u00e3o da proposta, de autoria da senadora Leila Barros (PDT-DF).<br \/>\n        \u201cTrata-se de uma iniciativa essencial e urgente, que aborda as din\u00e2micas de g\u00eanero e defici\u00eancia\u201d, afirmou Laura Carneiro.<br \/>\n        O texto aprovado define como acess\u00edvel o atendimento inclusivo, seja presencial ou remoto. O projeto prev\u00ea o uso da comunica\u00e7\u00e3o por l\u00edngua brasileira de sinais (Libras), braile ou qualquer outra tecnologia assistiva.<br \/>\n        A proposi\u00e7\u00e3o garante ainda atendimento policial, judicial e pericial acess\u00edvel \u2013 medida que se estender\u00e1 aos servi\u00e7os de Defensoria P\u00fablica ou de Assist\u00eancia Judici\u00e1ria Gratuita.<br \/>\n        <strong>Pr\u00f3ximos passos<\/strong><br \/>A proposta tramita em <span id=\"4322\" class=\"termoGlossario\" title=\"Rito de tramita\u00e7\u00e3o pelo qual o projeto \u00e9 votado apenas pelas comiss\u00f5es designadas para analis\u00e1-lo, dispensada a delibera\u00e7\u00e3o do Plen\u00e1rio. O projeto perde o car\u00e1ter conclusivo se houver decis\u00e3o divergente entre as comiss\u00f5es ou se, independentemente de ser aprovado ou rejeitado, houver recurso assinado por 52 deputados para a aprecia\u00e7\u00e3o da mat\u00e9ria no Plen\u00e1rio.\" contenteditable=\"false\" data-toggle=\"tooltip\" data-placement=\"top\">car\u00e1ter conclusivo<\/span> e ainda ser\u00e1 analisada pelas comiss\u00f5es de Finan\u00e7as e Tributa\u00e7\u00e3o; e de Constitui\u00e7\u00e3o e Justi\u00e7a e de Cidadania.<br \/>\n        Se for aprovada pela C\u00e2mara sem altera\u00e7\u00f5es, a proposta seguir\u00e1 para san\u00e7\u00e3o do presidente da Rep\u00fablica.<\/p>\n<p>        \u00a0<br \/>\n        <iframe class=\"infografico-container\" style=\"width: 100%; height: 100%;\" src=\"https:\/\/www.camara.leg.br\/internet\/agencia\/infograficos-html5\/violencia-contra-a-mulher-no-brasil-em-2024\/index.html\" frameborder=\"0\" data-mce-fragment=\"1\"><\/iframe><br \/>\n        \u00a0<\/p>\n<p style=\"font-size: 0.8rem; font-weight: 700;\">Da Reportagem\/RM<br \/>Edi\u00e7\u00e3o \u2013 Marcelo Oliveira<\/p>\n<\/p><\/div>\n<\/p><\/div>\n<p><\/a><\/p>\n<p>Fonte: www.camara.leg.br<\/p>\n","protected":false},"excerpt":{"rendered":"<p>06\/11\/2025 &#8211; 13:08 \u00a0 Renato Ara\u00fajo\/C\u00e2mara dos Deputados Laura Carneiro defendeu a aprova\u00e7\u00e3o da proposta A Comiss\u00e3o de Defesa dos Direitos da Mulher da C\u00e2mara dos Deputados aprovou o Projeto de Lei 3728\/21, que altera a Lei Maria da Penha para garantir atendimento acess\u00edvel a mulheres com defici\u00eancia v\u00edtimas de viol\u00eancia dom\u00e9stica e familiar. Os [&hellip;]<\/p>\n","protected":false},"author":3,"featured_media":5581,"comment_status":"open","ping_status":"open","sticky":false,"template":"","format":"standard","meta":{"advanced_seo_description":"","jetpack_seo_html_title":"","jetpack_seo_noindex":false,"fifu_image_url":"https:\/\/www.camara.leg.br\/midias\/image\/2025\/11\/img20251007132605198-768x473.jpg","fifu_image_alt":"","_jetpack_memberships_contains_paid_content":false,"footnotes":"","jetpack_publicize_message":"","jetpack_publicize_feature_enabled":true,"jetpack_social_post_already_shared":true,"jetpack_social_options":{"image_generator_settings":{"template":"highway","default_image_id":0,"font":"","enabled":false},"version":2}},"categories":[106,1],"tags":[],"class_list":{"0":"post-5580","1":"post","2":"type-post","3":"status-publish","4":"format-standard","5":"has-post-thumbnail","7":"category-politica","8":"category-uncategorized"},"jetpack_publicize_connections":[],"jetpack_featured_media_url":"https:\/\/i0.wp.com\/www.camara.leg.br\/midias\/image\/2025\/11\/img20251007132605198-768x473.jpg?fit=%2C&ssl=1","jetpack_sharing_enabled":true,"jetpack-related-posts":[],"_links":{"self":[{"href":"https:\/\/friburgonoticias.com.br\/temp\/wp-json\/wp\/v2\/posts\/5580","targetHints":{"allow":["GET"]}}],"collection":[{"href":"https:\/\/friburgonoticias.com.br\/temp\/wp-json\/wp\/v2\/posts"}],"about":[{"href":"https:\/\/friburgonoticias.com.br\/temp\/wp-json\/wp\/v2\/types\/post"}],"author":[{"embeddable":true,"href":"https:\/\/friburgonoticias.com.br\/temp\/wp-json\/wp\/v2\/users\/3"}],"replies":[{"embeddable":true,"href":"https:\/\/friburgonoticias.com.br\/temp\/wp-json\/wp\/v2\/comments?post=5580"}],"version-history":[{"count":0,"href":"https:\/\/friburgonoticias.com.br\/temp\/wp-json\/wp\/v2\/posts\/5580\/revisions"}],"wp:featuredmedia":[{"embeddable":true,"href":"https:\/\/friburgonoticias.com.br\/temp\/wp-json\/wp\/v2\/media\/5581"}],"wp:attachment":[{"href":"https:\/\/friburgonoticias.com.br\/temp\/wp-json\/wp\/v2\/media?parent=5580"}],"wp:term":[{"taxonomy":"category","embeddable":true,"href":"https:\/\/friburgonoticias.com.br\/temp\/wp-json\/wp\/v2\/categories?post=5580"},{"taxonomy":"post_tag","embeddable":true,"href":"https:\/\/friburgonoticias.com.br\/temp\/wp-json\/wp\/v2\/tags?post=5580"}],"curies":[{"name":"wp","href":"https:\/\/api.w.org\/{rel}","templated":true}]}}