{"id":5588,"date":"2025-11-06T19:52:45","date_gmt":"2025-11-06T19:52:45","guid":{"rendered":"https:\/\/friburgonoticias.com.br\/temp\/2025\/11\/06\/com-maioria-de-cargos-comissionados-justica-da-90-dias-para-camara-de-nova-iguacu-corrigir-quadro-de-servidores\/"},"modified":"2025-11-06T19:52:45","modified_gmt":"2025-11-06T19:52:45","slug":"com-maioria-de-cargos-comissionados-justica-da-90-dias-para-camara-de-nova-iguacu-corrigir-quadro-de-servidores","status":"publish","type":"post","link":"https:\/\/friburgonoticias.com.br\/temp\/2025\/11\/06\/com-maioria-de-cargos-comissionados-justica-da-90-dias-para-camara-de-nova-iguacu-corrigir-quadro-de-servidores\/","title":{"rendered":"Com maioria de cargos comissionados, Justi\u00e7a d\u00e1 90 dias para C\u00e2mara de Nova Igua\u00e7u corrigir quadro de servidores"},"content":{"rendered":"<p><\/p>\n<div itemprop=\"articleBody\">\nA Justi\u00e7a determinou que a C\u00e2mara Municipal de Nova Igua\u00e7u reestruture seu quadro de pessoal em at\u00e9 90 dias, ap\u00f3s<a href=\"https:\/\/temporealrj.com\/mp-instaura-acao-contra-camara-de-nova-iguacu-por-excesso-de-cargos-comissionados\/\"> pedido do Minist\u00e9rio P\u00fablico do Rio (MP)<\/a>. A decis\u00e3o foi motivada pelo fato de apenas 8% dos cargos da casa serem ocupados por servidores concursados \u2013 s\u00e3o 10 efetivos e 115 comissionados, nomeados sem concurso.<\/p>\n<p>A senten\u00e7a obriga a C\u00e2mara a equilibrar o n\u00famero de cargos comissionados em rela\u00e7\u00e3o aos efetivos e a descrever de forma clara as fun\u00e7\u00f5es de cada posto. Tamb\u00e9m est\u00e3o suspensas novas nomea\u00e7\u00f5es e contrata\u00e7\u00f5es at\u00e9 que a reestrutura\u00e7\u00e3o seja conclu\u00edda.<\/p>\n<p>Em at\u00e9 30 dias, a C\u00e2mara deve apresentar um levantamento completo dos cargos existentes, com as leis que os criaram e a identifica\u00e7\u00e3o de quem os ocupa.<\/p>\n<h2 class=\"wp-block-heading\">Irregularidades j\u00e1 vinham sendo apontadas desde 2017<\/h2>\n<p>Desde 2017, o Minist\u00e9rio P\u00fablico j\u00e1 havia alertado para o uso indevido de cargos comissionados, que deveriam ser destinados apenas a fun\u00e7\u00f5es de chefia, dire\u00e7\u00e3o ou assessoramento. Naquele ano, uma decis\u00e3o judicial suspendeu uma lei municipal que ampliava esse tipo de cargo, e o Tribunal de Contas do Estado (TCE) tamb\u00e9m cobrou a corre\u00e7\u00e3o da propor\u00e7\u00e3o entre servidores concursados e nomeados.<\/p>\n<p>Depois disso, a C\u00e2mara passou a ter 119 cargos comissionados, tr\u00eas fun\u00e7\u00f5es de confian\u00e7a e 70 cargos efetivos. Em 2024, foi realizado um concurso p\u00fablico com 38 vagas para efetivos, mas o n\u00famero foi considerado insuficiente para resolver o problema.<\/p>\n<p>Parte das vagas ainda n\u00e3o foi preenchida, e a C\u00e2mara alegou falta de espa\u00e7o f\u00edsico para acomodar todos os aprovados.\n<\/p><\/div>\n<p><\/a><\/p>\n<p>Fonte: temporealrj.com<\/p>\n","protected":false},"excerpt":{"rendered":"<p>A Justi\u00e7a determinou que a C\u00e2mara Municipal de Nova Igua\u00e7u reestruture seu quadro de pessoal em at\u00e9 90 dias, ap\u00f3s pedido do Minist\u00e9rio P\u00fablico do Rio (MP). A decis\u00e3o foi motivada pelo fato de apenas 8% dos cargos da casa serem ocupados por servidores concursados \u2013 s\u00e3o 10 efetivos e 115 comissionados, nomeados sem concurso. [&hellip;]<\/p>\n","protected":false},"author":3,"featured_media":5589,"comment_status":"open","ping_status":"open","sticky":false,"template":"","format":"standard","meta":{"advanced_seo_description":"","jetpack_seo_html_title":"","jetpack_seo_noindex":false,"fifu_image_url":"https:\/\/temporealrj.com\/wp-content\/uploads\/2025\/11\/camara-municipal-nova-iguacu-rj-1728075361475_v2_900x506-e1762457415439.jpg","fifu_image_alt":"","_jetpack_memberships_contains_paid_content":false,"footnotes":"","jetpack_publicize_message":"","jetpack_publicize_feature_enabled":true,"jetpack_social_post_already_shared":true,"jetpack_social_options":{"image_generator_settings":{"template":"highway","default_image_id":0,"font":"","enabled":false},"version":2}},"categories":[106,1],"tags":[],"class_list":{"0":"post-5588","1":"post","2":"type-post","3":"status-publish","4":"format-standard","5":"has-post-thumbnail","7":"category-politica","8":"category-uncategorized"},"jetpack_publicize_connections":[],"jetpack_featured_media_url":"https:\/\/i0.wp.com\/temporealrj.com\/wp-content\/uploads\/2025\/11\/camara-municipal-nova-iguacu-rj-1728075361475_v2_900x506-e1762457415439.jpg?fit=%2C&ssl=1","jetpack_sharing_enabled":true,"jetpack-related-posts":[],"_links":{"self":[{"href":"https:\/\/friburgonoticias.com.br\/temp\/wp-json\/wp\/v2\/posts\/5588","targetHints":{"allow":["GET"]}}],"collection":[{"href":"https:\/\/friburgonoticias.com.br\/temp\/wp-json\/wp\/v2\/posts"}],"about":[{"href":"https:\/\/friburgonoticias.com.br\/temp\/wp-json\/wp\/v2\/types\/post"}],"author":[{"embeddable":true,"href":"https:\/\/friburgonoticias.com.br\/temp\/wp-json\/wp\/v2\/users\/3"}],"replies":[{"embeddable":true,"href":"https:\/\/friburgonoticias.com.br\/temp\/wp-json\/wp\/v2\/comments?post=5588"}],"version-history":[{"count":0,"href":"https:\/\/friburgonoticias.com.br\/temp\/wp-json\/wp\/v2\/posts\/5588\/revisions"}],"wp:featuredmedia":[{"embeddable":true,"href":"https:\/\/friburgonoticias.com.br\/temp\/wp-json\/wp\/v2\/media\/5589"}],"wp:attachment":[{"href":"https:\/\/friburgonoticias.com.br\/temp\/wp-json\/wp\/v2\/media?parent=5588"}],"wp:term":[{"taxonomy":"category","embeddable":true,"href":"https:\/\/friburgonoticias.com.br\/temp\/wp-json\/wp\/v2\/categories?post=5588"},{"taxonomy":"post_tag","embeddable":true,"href":"https:\/\/friburgonoticias.com.br\/temp\/wp-json\/wp\/v2\/tags?post=5588"}],"curies":[{"name":"wp","href":"https:\/\/api.w.org\/{rel}","templated":true}]}}