{"id":5636,"date":"2025-11-10T19:17:09","date_gmt":"2025-11-10T19:17:09","guid":{"rendered":"https:\/\/friburgonoticias.com.br\/temp\/2025\/11\/10\/projeto-de-vereador-do-pl-propoe-que-a-prefeitura-passe-a-atuar-em-operacoes-policiais\/"},"modified":"2025-11-10T19:17:09","modified_gmt":"2025-11-10T19:17:09","slug":"projeto-de-vereador-do-pl-propoe-que-a-prefeitura-passe-a-atuar-em-operacoes-policiais","status":"publish","type":"post","link":"https:\/\/friburgonoticias.com.br\/temp\/2025\/11\/10\/projeto-de-vereador-do-pl-propoe-que-a-prefeitura-passe-a-atuar-em-operacoes-policiais\/","title":{"rendered":"Projeto de vereador do PL prop\u00f5e que a prefeitura passe a atuar em opera\u00e7\u00f5es policiais"},"content":{"rendered":"<p><\/p>\n<div itemprop=\"articleBody\">\nO vereador <a href=\"https:\/\/www.instagram.com\/rafaelsatie\/\" target=\"_blank\" rel=\"noopener\">Rafael Sati\u00ea (PL)<\/a> apresentou, nesta semana, o projeto de lei que cria o Programa Municipal de Apoio \u00e0s Opera\u00e7\u00f5es Policiais (Pmaop-Rio). A proposta prev\u00ea que a <a href=\"https:\/\/prefeitura.rio\/\" target=\"_blank\" rel=\"noopener\">Prefeitura do Rio<\/a> passe a oferecer apoio log\u00edstico, m\u00e9dico e t\u00e9cnico \u00e0s for\u00e7as policiais durante <a href=\"https:\/\/temporealrj.com\/iniciativas-vao-distribuir-cartoes-de-alimentacao-e-mesa-de-cafe-para-trabalhadores-afetados-por-operacao-na-penha\/\">opera\u00e7\u00f5es<\/a>, a\u00e7\u00f5es integradas e situa\u00e7\u00f5es de crise.<\/p>\n<p>O texto vincula o programa \u00e0 <a href=\"https:\/\/ordempublica.prefeitura.rio\/\" target=\"_blank\" rel=\"noopener\">Secretaria Municipal de Ordem P\u00fablica (Seop)<\/a> e determina que a prefeitura se mobilize mediante solicita\u00e7\u00e3o formal do governo do estado. A mobiliza\u00e7\u00e3o inclui a disponibiliza\u00e7\u00e3o de postos m\u00e9dicos avan\u00e7ados e equipes da Comlurb, Rioluz, CET-Rio e Defesa Civil, atuando em tempo real para liberar ruas, iluminar \u00e1reas de risco e restaurar a cidade ap\u00f3s as opera\u00e7\u00f5es.<\/p>\n<p>\u201cO Rio viveu uma das maiores opera\u00e7\u00f5es policiais da sua hist\u00f3ria. E sabe o que a prefeitura fez? Nada. Enquanto o estado estava nas ruas, o munic\u00edpio assistia de camarote. Se a prefeitura n\u00e3o faz, n\u00f3s estamos fazendo a nossa parte\u201d, afirmou Sati\u00ea.<\/p>\n<h2 class=\"wp-block-heading\"><strong><strong><strong>Opera\u00e7\u00f5es policiais teriam a\u00e7\u00e3o coordenada da prefeitura e do governo do estado<\/strong><\/strong><\/strong><\/h2>\n<p>O projeto tamb\u00e9m prev\u00ea apoio psicol\u00f3gico a agentes feridos, suporte \u00e0s fam\u00edlias dos policiais e integra\u00e7\u00e3o direta com o Centro Integrado de Opera\u00e7\u00f5es de Seguran\u00e7a P\u00fablica (Ciosp). Segundo o parlamentar, a ideia \u00e9 que o munic\u00edpio atue de forma coordenada com o estado nas a\u00e7\u00f5es policiais.<\/p>\n<p>A proposta, que ser\u00e1 analisada pelas comiss\u00f5es tem\u00e1ticas da C\u00e2mara, foi apresentada duas semanas ap\u00f3s a <a href=\"https:\/\/temporealrj.com\/operacao-no-rio-afetou-mais-mulheres-do-que-homens-49-milhoes-tiveram-rotina-alterada-segundo-datafolha\/\">megaopera\u00e7\u00e3o policial realizada em 28 de outubro, que deixou 121 mortos, sendo quatro policiais, nos complexos do Alem\u00e3o e da Penha, na Zona Norte do Rio<\/a>. Na ocasi\u00e3o, a <a href=\"https:\/\/temporealrj.com\/operacao-policial-no-rio-vira-bate-boca-na-camara-entre-vereadores-do-psol-e-do-pl\/\">opera\u00e7\u00e3o afetou a maioria dos servi\u00e7os da cidade<\/a>, incluindo transporte, sa\u00fade e com\u00e9rcio e interditou as principais vias do Rio.\n<\/div>\n<p><script async src=\"\/\/www.instagram.com\/embed.js\"><\/script><br \/>\n<br \/><\/a><\/p>\n<p>Fonte: temporealrj.com<\/p>\n","protected":false},"excerpt":{"rendered":"<p>O vereador Rafael Sati\u00ea (PL) apresentou, nesta semana, o projeto de lei que cria o Programa Municipal de Apoio \u00e0s Opera\u00e7\u00f5es Policiais (Pmaop-Rio). A proposta prev\u00ea que a Prefeitura do Rio passe a oferecer apoio log\u00edstico, m\u00e9dico e t\u00e9cnico \u00e0s for\u00e7as policiais durante opera\u00e7\u00f5es, a\u00e7\u00f5es integradas e situa\u00e7\u00f5es de crise. O texto vincula o programa [&hellip;]<\/p>\n","protected":false},"author":3,"featured_media":5637,"comment_status":"open","ping_status":"open","sticky":false,"template":"","format":"standard","meta":{"advanced_seo_description":"","jetpack_seo_html_title":"","jetpack_seo_noindex":false,"fifu_image_url":"https:\/\/temporealrj.com\/wp-content\/uploads\/2025\/10\/1049428-1_10102016-_dsc7283-e1761941438752.jpg","fifu_image_alt":"","_jetpack_memberships_contains_paid_content":false,"footnotes":"","jetpack_publicize_message":"","jetpack_publicize_feature_enabled":true,"jetpack_social_post_already_shared":true,"jetpack_social_options":{"image_generator_settings":{"template":"highway","default_image_id":0,"font":"","enabled":false},"version":2}},"categories":[107],"tags":[],"class_list":{"0":"post-5636","1":"post","2":"type-post","3":"status-publish","4":"format-standard","5":"has-post-thumbnail","7":"category-economia"},"jetpack_publicize_connections":[],"jetpack_featured_media_url":"https:\/\/i0.wp.com\/temporealrj.com\/wp-content\/uploads\/2025\/10\/1049428-1_10102016-_dsc7283-e1761941438752.jpg?fit=%2C&ssl=1","jetpack_sharing_enabled":true,"jetpack-related-posts":[],"_links":{"self":[{"href":"https:\/\/friburgonoticias.com.br\/temp\/wp-json\/wp\/v2\/posts\/5636","targetHints":{"allow":["GET"]}}],"collection":[{"href":"https:\/\/friburgonoticias.com.br\/temp\/wp-json\/wp\/v2\/posts"}],"about":[{"href":"https:\/\/friburgonoticias.com.br\/temp\/wp-json\/wp\/v2\/types\/post"}],"author":[{"embeddable":true,"href":"https:\/\/friburgonoticias.com.br\/temp\/wp-json\/wp\/v2\/users\/3"}],"replies":[{"embeddable":true,"href":"https:\/\/friburgonoticias.com.br\/temp\/wp-json\/wp\/v2\/comments?post=5636"}],"version-history":[{"count":0,"href":"https:\/\/friburgonoticias.com.br\/temp\/wp-json\/wp\/v2\/posts\/5636\/revisions"}],"wp:featuredmedia":[{"embeddable":true,"href":"https:\/\/friburgonoticias.com.br\/temp\/wp-json\/wp\/v2\/media\/5637"}],"wp:attachment":[{"href":"https:\/\/friburgonoticias.com.br\/temp\/wp-json\/wp\/v2\/media?parent=5636"}],"wp:term":[{"taxonomy":"category","embeddable":true,"href":"https:\/\/friburgonoticias.com.br\/temp\/wp-json\/wp\/v2\/categories?post=5636"},{"taxonomy":"post_tag","embeddable":true,"href":"https:\/\/friburgonoticias.com.br\/temp\/wp-json\/wp\/v2\/tags?post=5636"}],"curies":[{"name":"wp","href":"https:\/\/api.w.org\/{rel}","templated":true}]}}